{"id":3688,"date":"2020-03-21T21:20:03","date_gmt":"2020-03-21T20:20:03","guid":{"rendered":"https:\/\/serveiseducatius.xtec.cat\/castelldefels\/?p=3688"},"modified":"2020-03-21T21:22:04","modified_gmt":"2020-03-21T20:22:04","slug":"educacio-activa-un-pla-per-garantir-laprenentatge-en-linia-de-lalumnat-i-acompanyar-els-docents-amb-les-eines-digitals","status":"publish","type":"post","link":"https:\/\/serveiseducatius.xtec.cat\/castelldefels\/portada\/educacio-activa-un-pla-per-garantir-laprenentatge-en-linia-de-lalumnat-i-acompanyar-els-docents-amb-les-eines-digitals\/","title":{"rendered":"Educaci\u00f3 activa un pla per garantir l&#8217;aprenentatge en l\u00ednia de l&#8217;alumnat i acompanyar els docents amb les eines digitals"},"content":{"rendered":"<p><a href=\"https:\/\/serveiseducatius.xtec.cat\/castelldefels\/wp-content\/uploads\/usu4\/2020\/03\/pla-accio\u0301.jpg\"><img loading=\"lazy\" decoding=\"async\" class=\"wp-image-3689 alignright\" src=\"https:\/\/serveiseducatius.xtec.cat\/castelldefels\/wp-content\/uploads\/usu4\/2020\/03\/pla-accio\u0301-1024x832.jpg\" alt=\"\" width=\"386\" height=\"313\" srcset=\"https:\/\/serveiseducatius.xtec.cat\/castelldefels\/wp-content\/uploads\/usu4\/2020\/03\/pla-accio\u0301-1024x832.jpg 1024w, https:\/\/serveiseducatius.xtec.cat\/castelldefels\/wp-content\/uploads\/usu4\/2020\/03\/pla-accio\u0301-300x244.jpg 300w, https:\/\/serveiseducatius.xtec.cat\/castelldefels\/wp-content\/uploads\/usu4\/2020\/03\/pla-accio\u0301-768x624.jpg 768w, https:\/\/serveiseducatius.xtec.cat\/castelldefels\/wp-content\/uploads\/usu4\/2020\/03\/pla-accio\u0301.jpg 1216w\" sizes=\"auto, (max-width: 386px) 100vw, 386px\" \/><\/a>El Departament d\u2019Educaci\u00f3 activa el <a href=\"http:\/\/xtec.gencat.cat\/web\/.content\/centres\/Pla-centres-educatius-en-linia.pdf\" target=\"_blank\" rel=\"noopener noreferrer\">\u201cPla d\u2019Acci\u00f3: Centres Educatius en L\u00ednia\u201d<\/a>, per tal de garantir l\u2019aprenentatge en l\u00ednia de l\u2019alumnat, i al mateix temps acompanyar al professorat i als centres en l\u2019\u00fas de les tecnologies digitals. Aquesta iniciativa es posa en marxa per tal de poder donar eines d\u2019aprenentatge en l\u00ednia davant les circumst\u00e0ncies extraordin\u00e0ries que han provocat el tancament dels centres a causa del coronavirus.<\/p>\n<p>L\u2019objectiu del pla \u00e9s proporcionar als docents i als centres educatius els recursos i les eines digitals que permetin donar continu\u00eftat a l\u2019aprenentatge en termes d\u2019equitat i qualitat. D\u2019aquesta manera, el sistema facilitar\u00e0 als centres poder dur a terme les\u00a0<a href=\"http:\/\/xtec.gencat.cat\/web\/.content\/recursos\/actuacio-extraordinaria-activitats-autoaprenentatge\/Orientacions-centres-tancament-coronavirus-19-03.pdf\" target=\"_blank\" rel=\"noopener noreferrer\">activitats i orientacions que aquesta setmana el Departament d\u2019Educaci\u00f3 ha posat a disposici\u00f3 del professorat<\/a>. Unes activitats pensades per a les diferents etapes, que siguin significatives per a l\u2019aprenentatge i que al mateix temps puguin contribuir al desenvolupament de l\u2019autonomia personal de l\u2019alumne.<\/p>\n<p>El projecte es desenvolupar\u00e0 en tres vessants:<\/p>\n<ul>\n<li>D\u2019una banda, s\u2019impulsar\u00e0 l\u2019aprenentatge en l\u00ednia dels centres educatius mitjan\u00e7ant l\u2019\u00fas d\u2019entorns virtuals amb el <strong>Portal EIX<\/strong>, basat en tecnologia Moodle. EIX incorpora eines per compartir recursos, per fer seguiment del progr\u00e9s de l\u2019alumnat, fomenta el treball col\u00b7laboratiu i inclou la possibilitat de dur a terme v\u00eddeo-confer\u00e8ncies. Actualment ja s\u00f3n molts els centres que tenen l\u00ednies de treball en aquest sentit i fan servir habitualment aquests entorns. Per\u00f2 per aquelles escoles i instituts que no en tenen, el Departament d\u2019Educaci\u00f3, en el marc d\u2019aquest context extraordinari, posar\u00e0 a disposici\u00f3 l\u2019entorn virtual d\u2019aprenentatge EIX de manera esglaonada.<\/li>\n<li>Es refor\u00e7ar\u00e0 la comunicaci\u00f3 dels centres amb la comunitat educativa a trav\u00e9s del <strong style=\"font-family: inherit; font-size: 1em;\">Portal NODES<\/strong><span style=\"font-family: inherit; font-size: 1em;\">. NODES \u00e9s un servei del Departament d\u2019Educaci\u00f3 que proporciona una p\u00e0gina web amb funcionalitats avan\u00e7ades per als centres educatius de Catalunya \u2013com la possibilitat de crear grups interns promovent el treball en xarxa, publicar not\u00edcies i informacions, i enviar notificacions de les novetats que s\u2019anuncien al lloc web, mitjan\u00e7ant un canal de Telegram a les persones que s\u2019hi hagin subscrit-.<\/span><\/li>\n<li>Finalment, s\u2019incidir\u00e0 tamb\u00e9 en la formaci\u00f3, que ja s\u2019ha reactivat els darrers dies, amb un pla intensiu de de formaci\u00f3 del professorat i acompanyament als centres des del <strong style=\"font-family: inherit; font-size: 1em;\">Portal ODISSEA<\/strong><span style=\"font-family: inherit; font-size: 1em;\">. Concretament, es posaran en marxa noves l\u00ednies formatives vinculades a l\u2019 aprenentatge en l\u00ednia.<\/span><\/li>\n<\/ul>\n<p>FONT: <a href=\"https:\/\/govern.cat\/salapremsa\/notes-premsa\/383528\/educacio-activa-pla-accio-garantir-aprenentatge-linia-alumnat-acompanyar-docents-centres-us-eines-digitals\" target=\"_blank\" rel=\"noopener noreferrer\">https:\/\/govern.cat\/salapremsa\/notes-premsa\/383528\/educacio-activa-pla-accio-garantir-aprenentatge-linia-alumnat-acompanyar-docents-centres-us-eines-digitals<\/a><\/p>\n","protected":false},"excerpt":{"rendered":"<p>El Departament d\u2019Educaci\u00f3 activa el \u201cPla d\u2019Acci\u00f3: Centres Educatius en L\u00ednia\u201d, per tal de garantir l\u2019aprenentatge en l\u00ednia de l\u2019alumnat, i al mateix temps acompanyar al professorat i als centres en l\u2019\u00fas de les tecnologies digitals. Aquesta iniciativa es posa en marxa per tal de poder donar eines d\u2019aprenentatge en l\u00ednia davant les circumst\u00e0ncies extraordin\u00e0ries [&hellip;]<\/p>\n","protected":false},"author":1,"featured_media":3691,"comment_status":"open","ping_status":"closed","sticky":false,"template":"","format":"standard","meta":{"_bbp_topic_count":0,"_bbp_reply_count":0,"_bbp_total_topic_count":0,"_bbp_total_reply_count":0,"_bbp_voice_count":0,"_bbp_anonymous_reply_count":0,"_bbp_topic_count_hidden":0,"_bbp_reply_count_hidden":0,"_bbp_forum_subforum_count":0,"site-sidebar-layout":"default","site-content-layout":"","ast-site-content-layout":"","site-content-style":"default","site-sidebar-style":"default","ast-global-header-display":"","ast-banner-title-visibility":"","ast-main-header-display":"","ast-hfb-above-header-display":"","ast-hfb-below-header-display":"","ast-hfb-mobile-header-display":"","site-post-title":"","ast-breadcrumbs-content":"","ast-featured-img":"","footer-sml-layout":"","theme-transparent-header-meta":"","adv-header-id-meta":"","stick-header-meta":"","header-above-stick-meta":"","header-main-stick-meta":"","header-below-stick-meta":"","astra-migrate-meta-layouts":"default","ast-page-background-enabled":"default","ast-page-background-meta":{"desktop":{"background-color":"var(--ast-global-color-4)","background-image":"","background-repeat":"repeat","background-position":"center center","background-size":"auto","background-attachment":"scroll","background-type":"","background-media":"","overlay-type":"","overlay-color":"","overlay-opacity":"","overlay-gradient":""},"tablet":{"background-color":"","background-image":"","background-repeat":"repeat","background-position":"center center","background-size":"auto","background-attachment":"scroll","background-type":"","background-media":"","overlay-type":"","overlay-color":"","overlay-opacity":"","overlay-gradient":""},"mobile":{"background-color":"","background-image":"","background-repeat":"repeat","background-position":"center center","background-size":"auto","background-attachment":"scroll","background-type":"","background-media":"","overlay-type":"","overlay-color":"","overlay-opacity":"","overlay-gradient":""}},"ast-content-background-meta":{"desktop":{"background-color":"var(--ast-global-color-5)","background-image":"","background-repeat":"repeat","background-position":"center center","background-size":"auto","background-attachment":"scroll","background-type":"","background-media":"","overlay-type":"","overlay-color":"","overlay-opacity":"","overlay-gradient":""},"tablet":{"background-color":"var(--ast-global-color-5)","background-image":"","background-repeat":"repeat","background-position":"center center","background-size":"auto","background-attachment":"scroll","background-type":"","background-media":"","overlay-type":"","overlay-color":"","overlay-opacity":"","overlay-gradient":""},"mobile":{"background-color":"var(--ast-global-color-5)","background-image":"","background-repeat":"repeat","background-position":"center center","background-size":"auto","background-attachment":"scroll","background-type":"","background-media":"","overlay-type":"","overlay-color":"","overlay-opacity":"","overlay-gradient":""}},"footnotes":""},"categories":[65,29],"tags":[],"class_list":["post-3688","post","type-post","status-publish","format-standard","has-post-thumbnail","hentry","category-crp","category-portada"],"post_mailing_queue_ids":[],"_links":{"self":[{"href":"https:\/\/serveiseducatius.xtec.cat\/castelldefels\/wp-json\/wp\/v2\/posts\/3688","targetHints":{"allow":["GET"]}}],"collection":[{"href":"https:\/\/serveiseducatius.xtec.cat\/castelldefels\/wp-json\/wp\/v2\/posts"}],"about":[{"href":"https:\/\/serveiseducatius.xtec.cat\/castelldefels\/wp-json\/wp\/v2\/types\/post"}],"author":[{"embeddable":true,"href":"https:\/\/serveiseducatius.xtec.cat\/castelldefels\/wp-json\/wp\/v2\/users\/1"}],"replies":[{"embeddable":true,"href":"https:\/\/serveiseducatius.xtec.cat\/castelldefels\/wp-json\/wp\/v2\/comments?post=3688"}],"version-history":[{"count":1,"href":"https:\/\/serveiseducatius.xtec.cat\/castelldefels\/wp-json\/wp\/v2\/posts\/3688\/revisions"}],"predecessor-version":[{"id":3690,"href":"https:\/\/serveiseducatius.xtec.cat\/castelldefels\/wp-json\/wp\/v2\/posts\/3688\/revisions\/3690"}],"wp:featuredmedia":[{"embeddable":true,"href":"https:\/\/serveiseducatius.xtec.cat\/castelldefels\/wp-json\/wp\/v2\/media\/3691"}],"wp:attachment":[{"href":"https:\/\/serveiseducatius.xtec.cat\/castelldefels\/wp-json\/wp\/v2\/media?parent=3688"}],"wp:term":[{"taxonomy":"category","embeddable":true,"href":"https:\/\/serveiseducatius.xtec.cat\/castelldefels\/wp-json\/wp\/v2\/categories?post=3688"},{"taxonomy":"post_tag","embeddable":true,"href":"https:\/\/serveiseducatius.xtec.cat\/castelldefels\/wp-json\/wp\/v2\/tags?post=3688"}],"curies":[{"name":"wp","href":"https:\/\/api.w.org\/{rel}","templated":true}]}}