{"id":3614,"date":"2019-10-09T10:25:14","date_gmt":"2019-10-09T08:25:14","guid":{"rendered":"http:\/\/serveiseducatius.xtec.cat\/castelldefels\/?p=3614"},"modified":"2020-01-24T12:48:09","modified_gmt":"2020-01-24T11:48:09","slug":"setmana-europea-de-prevencio-de-residus_16-al-24-de-novembre-de-2019","status":"publish","type":"post","link":"https:\/\/serveiseducatius.xtec.cat\/castelldefels\/general\/setmana-europea-de-prevencio-de-residus_16-al-24-de-novembre-de-2019\/","title":{"rendered":"Setmana Europea de prevenci\u00f3 de residus"},"content":{"rendered":"<p>Enguany es celebra la <strong>XI edici\u00f3 del 16 al 24 de novembre de 2019<\/strong>.\u00a0 de la <strong>&#8220;Setmana Europea de prevenci\u00f3 de residus&#8221;<\/strong> .El tema central de l&#8217;edici\u00f3 d&#8217;aquest any \u00e9s l&#8217;educaci\u00f3 i la comunicaci\u00f3 en prevenci\u00f3 de residus. Adjuntem un document per explicar qu\u00e8 \u00e9s, per qu\u00e8 inscriure&#8217;s i com participar a la setmana, aix\u00ed com una fitxa del Bosc de la vida, una activitat que pot interessar a les escoles.<\/p>\n<p><strong>Les insc<a href=\"https:\/\/serveiseducatius.xtec.cat\/castelldefels\/wp-content\/uploads\/usu4\/2019\/10\/Setmana_Europea_Prevencio_Residus_Sensibilitzacio-1024x538.jpg\"><img loading=\"lazy\" decoding=\"async\" class=\"wp-image-3619 alignleft\" src=\"https:\/\/serveiseducatius.xtec.cat\/castelldefels\/wp-content\/uploads\/usu4\/2019\/10\/Setmana_Europea_Prevencio_Residus_Sensibilitzacio-1024x538.jpg\" alt=\"\" width=\"219\" height=\"115\" srcset=\"https:\/\/serveiseducatius.xtec.cat\/castelldefels\/wp-content\/uploads\/usu4\/2019\/10\/Setmana_Europea_Prevencio_Residus_Sensibilitzacio-1024x538.jpg 1024w, https:\/\/serveiseducatius.xtec.cat\/castelldefels\/wp-content\/uploads\/usu4\/2019\/10\/Setmana_Europea_Prevencio_Residus_Sensibilitzacio-1024x538-300x158.jpg 300w, https:\/\/serveiseducatius.xtec.cat\/castelldefels\/wp-content\/uploads\/usu4\/2019\/10\/Setmana_Europea_Prevencio_Residus_Sensibilitzacio-1024x538-768x404.jpg 768w\" sizes=\"auto, (max-width: 219px) 100vw, 219px\" \/><\/a>ripcions<\/strong> <strong>estan<\/strong> <strong>obertes fins al 4 de novembre<\/strong>.<\/p>\n<p>Tota la informaci\u00f3 est\u00e0 a la\u00a0 p\u00e0gina web:\u00a0<a href=\"http:\/\/residus.gencat.cat\/ca\/ambits_dactuacio\/prevencio\/setmana_europea\/\" data-saferedirecturl=\"https:\/\/www.google.com\/url?q=http:\/\/residus.gencat.cat\/ca\/ambits_dactuacio\/prevencio\/setmana_europea\/&amp;source=gmail&amp;ust=1570695678868000&amp;usg=AFQjCNGMCeeQmwfib2bzqqDrpk-QtFYvIw\">residus.gencat.cat\/setmanaprevencio\u00a0<\/a>.<\/p>\n<p>Es pot\u00a0 comptar amb material comunicatiu (p\u00f2sters, infografies&#8230;) per donar a con\u00e8ixer la seva acci\u00f3, aix\u00ed com l\u2019agenda d\u2019activitats difosa en diversos canals a Catalunya i Europa.<\/p>\n<p>Es pot\u00a0 registrar una acci\u00f3 a trav\u00e9s del\u00a0<a href=\"http:\/\/sdr.arc.cat\/prevencio\/GetLoginPrevencio.do#_ga=2.5340851.1011703685.1569838734-1105507475.1568621281\" data-saferedirecturl=\"https:\/\/www.google.com\/url?q=http:\/\/sdr.arc.cat\/prevencio\/GetLoginPrevencio.do%23_ga%3D2.5340851.1011703685.1569838734-1105507475.1568621281&amp;source=gmail&amp;ust=1570695678869000&amp;usg=AFQjCNG9uRNhZdV0E0rG4vdDSbb0bqoagQ\">formulari en l\u00ednia<\/a>. Tamb\u00e9 es poden consultar noves propostes al\u00a0<a href=\"http:\/\/residus.gencat.cat\/ca\/ambits_dactuacio\/prevencio\/setmana_europea\/cataleg_accions_de_prevencio\/\" data-saferedirecturl=\"https:\/\/www.google.com\/url?q=http:\/\/residus.gencat.cat\/ca\/ambits_dactuacio\/prevencio\/setmana_europea\/cataleg_accions_de_prevencio\/&amp;source=gmail&amp;ust=1570695678869000&amp;usg=AFQjCNGIEt5FUJaYBPTk24B3j9EKX0EjJA\">cat\u00e0leg d\u2019accions de prevenci\u00f3.<\/a><\/p>\n","protected":false},"excerpt":{"rendered":"<p>Enguany es celebra la XI edici\u00f3 del 16 al 24 de novembre de 2019.\u00a0 de la &#8220;Setmana Europea de prevenci\u00f3 de residus&#8221; .El tema central de l&#8217;edici\u00f3 d&#8217;aquest any \u00e9s l&#8217;educaci\u00f3 i la comunicaci\u00f3 en prevenci\u00f3 de residus. Adjuntem un document per explicar qu\u00e8 \u00e9s, per qu\u00e8 inscriure&#8217;s i com participar a la setmana, aix\u00ed [&hellip;]<\/p>\n","protected":false},"author":1,"featured_media":3615,"comment_status":"open","ping_status":"closed","sticky":false,"template":"","format":"standard","meta":{"_bbp_topic_count":0,"_bbp_reply_count":0,"_bbp_total_topic_count":0,"_bbp_total_reply_count":0,"_bbp_voice_count":0,"_bbp_anonymous_reply_count":0,"_bbp_topic_count_hidden":0,"_bbp_reply_count_hidden":0,"_bbp_forum_subforum_count":0,"site-sidebar-layout":"default","site-content-layout":"","ast-site-content-layout":"","site-content-style":"default","site-sidebar-style":"default","ast-global-header-display":"","ast-banner-title-visibility":"","ast-main-header-display":"","ast-hfb-above-header-display":"","ast-hfb-below-header-display":"","ast-hfb-mobile-header-display":"","site-post-title":"","ast-breadcrumbs-content":"","ast-featured-img":"","footer-sml-layout":"","theme-transparent-header-meta":"","adv-header-id-meta":"","stick-header-meta":"","header-above-stick-meta":"","header-main-stick-meta":"","header-below-stick-meta":"","astra-migrate-meta-layouts":"default","ast-page-background-enabled":"default","ast-page-background-meta":{"desktop":{"background-color":"var(--ast-global-color-4)","background-image":"","background-repeat":"repeat","background-position":"center center","background-size":"auto","background-attachment":"scroll","background-type":"","background-media":"","overlay-type":"","overlay-color":"","overlay-opacity":"","overlay-gradient":""},"tablet":{"background-color":"","background-image":"","background-repeat":"repeat","background-position":"center center","background-size":"auto","background-attachment":"scroll","background-type":"","background-media":"","overlay-type":"","overlay-color":"","overlay-opacity":"","overlay-gradient":""},"mobile":{"background-color":"","background-image":"","background-repeat":"repeat","background-position":"center center","background-size":"auto","background-attachment":"scroll","background-type":"","background-media":"","overlay-type":"","overlay-color":"","overlay-opacity":"","overlay-gradient":""}},"ast-content-background-meta":{"desktop":{"background-color":"var(--ast-global-color-5)","background-image":"","background-repeat":"repeat","background-position":"center center","background-size":"auto","background-attachment":"scroll","background-type":"","background-media":"","overlay-type":"","overlay-color":"","overlay-opacity":"","overlay-gradient":""},"tablet":{"background-color":"var(--ast-global-color-5)","background-image":"","background-repeat":"repeat","background-position":"center center","background-size":"auto","background-attachment":"scroll","background-type":"","background-media":"","overlay-type":"","overlay-color":"","overlay-opacity":"","overlay-gradient":""},"mobile":{"background-color":"var(--ast-global-color-5)","background-image":"","background-repeat":"repeat","background-position":"center center","background-size":"auto","background-attachment":"scroll","background-type":"","background-media":"","overlay-type":"","overlay-color":"","overlay-opacity":"","overlay-gradient":""}},"footnotes":""},"categories":[1,29],"tags":[],"class_list":["post-3614","post","type-post","status-publish","format-standard","has-post-thumbnail","hentry","category-general","category-portada"],"post_mailing_queue_ids":[],"_links":{"self":[{"href":"https:\/\/serveiseducatius.xtec.cat\/castelldefels\/wp-json\/wp\/v2\/posts\/3614","targetHints":{"allow":["GET"]}}],"collection":[{"href":"https:\/\/serveiseducatius.xtec.cat\/castelldefels\/wp-json\/wp\/v2\/posts"}],"about":[{"href":"https:\/\/serveiseducatius.xtec.cat\/castelldefels\/wp-json\/wp\/v2\/types\/post"}],"author":[{"embeddable":true,"href":"https:\/\/serveiseducatius.xtec.cat\/castelldefels\/wp-json\/wp\/v2\/users\/1"}],"replies":[{"embeddable":true,"href":"https:\/\/serveiseducatius.xtec.cat\/castelldefels\/wp-json\/wp\/v2\/comments?post=3614"}],"version-history":[{"count":3,"href":"https:\/\/serveiseducatius.xtec.cat\/castelldefels\/wp-json\/wp\/v2\/posts\/3614\/revisions"}],"predecessor-version":[{"id":3654,"href":"https:\/\/serveiseducatius.xtec.cat\/castelldefels\/wp-json\/wp\/v2\/posts\/3614\/revisions\/3654"}],"wp:featuredmedia":[{"embeddable":true,"href":"https:\/\/serveiseducatius.xtec.cat\/castelldefels\/wp-json\/wp\/v2\/media\/3615"}],"wp:attachment":[{"href":"https:\/\/serveiseducatius.xtec.cat\/castelldefels\/wp-json\/wp\/v2\/media?parent=3614"}],"wp:term":[{"taxonomy":"category","embeddable":true,"href":"https:\/\/serveiseducatius.xtec.cat\/castelldefels\/wp-json\/wp\/v2\/categories?post=3614"},{"taxonomy":"post_tag","embeddable":true,"href":"https:\/\/serveiseducatius.xtec.cat\/castelldefels\/wp-json\/wp\/v2\/tags?post=3614"}],"curies":[{"name":"wp","href":"https:\/\/api.w.org\/{rel}","templated":true}]}}