{"id":3518,"date":"2019-05-06T14:45:27","date_gmt":"2019-05-06T12:45:27","guid":{"rendered":"http:\/\/serveiseducatius.xtec.cat\/castelldefels\/?p=3518"},"modified":"2019-05-16T13:58:08","modified_gmt":"2019-05-16T11:58:08","slug":"matesdefels-2019","status":"publish","type":"post","link":"https:\/\/serveiseducatius.xtec.cat\/castelldefels\/portada\/matesdefels-2019\/","title":{"rendered":"Matesdefels 2019"},"content":{"rendered":"<p><a href=\"https:\/\/serveiseducatius.xtec.cat\/castelldefels\/wp-content\/uploads\/usu4\/2019\/05\/Matesdefels19.jpg\"><img loading=\"lazy\" decoding=\"async\" class=\" wp-image-3519 alignleft\" src=\"https:\/\/serveiseducatius.xtec.cat\/castelldefels\/wp-content\/uploads\/usu4\/2019\/05\/Matesdefels19.jpg\" alt=\"\" width=\"558\" height=\"279\" srcset=\"https:\/\/serveiseducatius.xtec.cat\/castelldefels\/wp-content\/uploads\/usu4\/2019\/05\/Matesdefels19.jpg 640w, https:\/\/serveiseducatius.xtec.cat\/castelldefels\/wp-content\/uploads\/usu4\/2019\/05\/Matesdefels19-300x150.jpg 300w\" sizes=\"auto, (max-width: 558px) 100vw, 558px\" \/><\/a>El passat 10 de maig a la Universitat Polit\u00e8cnica de Catalunya (UPC) de Castelldefels va tenir lloc la 6a jornada matem\u00e0tica <strong>Matesdefels<\/strong>.<\/p>\n<p>Matesdefels \u00e9s una trobada matem\u00e0tica organitzada pel Cente de Recursos Pedag\u00f2gics de Castelldefels amb la col\u00b7laboraci\u00f3 de la <strong>UPC<\/strong> i l\u2019<strong>Ajuntament<\/strong> de Castelldefels.<\/p>\n<p>A la jornada han participat els alumnes de 6\u00e8 de l\u2019Escola els Pins, l\u2019Escola Margall\u00f3 i l\u2019Escola Edumar, tamb\u00e9 els alumnes de 1r d\u2019ESO de l\u2019Institut Val\u00e8ria Halin\u00e9 i l&#8217;Institut Josep Llu\u00eds Sert. Cada centre participant ha preparat i constru\u00eft pr\u00e8viament un joc que van compartir amb la resta de participants, amb l\u2019ajut dels seus padrins\/es matem\u00e0tics\/ques, mestres i professors\/es.<\/p>\n<p>Trobareu a continuaci\u00f3 un fotomuntatge de l&#8217;esdeveniment.<\/p>\n<p style=\"text-align: center;\"><iframe loading=\"lazy\" src=\"https:\/\/drive.google.com\/file\/d\/17I_h9eJ_QjtxDhwEn5PRFuHSMrWUI80W\/preview\" width=\"640\" height=\"480\"><\/iframe><\/p>\n","protected":false},"excerpt":{"rendered":"<p>El passat 10 de maig a la Universitat Polit\u00e8cnica de Catalunya (UPC) de Castelldefels va tenir lloc la 6a jornada matem\u00e0tica Matesdefels. Matesdefels \u00e9s una trobada matem\u00e0tica organitzada pel Cente de Recursos Pedag\u00f2gics de Castelldefels amb la col\u00b7laboraci\u00f3 de la UPC i l\u2019Ajuntament de Castelldefels. A la jornada han participat els alumnes de 6\u00e8 de [&hellip;]<\/p>\n","protected":false},"author":1,"featured_media":3519,"comment_status":"open","ping_status":"closed","sticky":false,"template":"","format":"standard","meta":{"_bbp_topic_count":0,"_bbp_reply_count":0,"_bbp_total_topic_count":0,"_bbp_total_reply_count":0,"_bbp_voice_count":0,"_bbp_anonymous_reply_count":0,"_bbp_topic_count_hidden":0,"_bbp_reply_count_hidden":0,"_bbp_forum_subforum_count":0,"site-sidebar-layout":"default","site-content-layout":"","ast-site-content-layout":"","site-content-style":"default","site-sidebar-style":"default","ast-global-header-display":"","ast-banner-title-visibility":"","ast-main-header-display":"","ast-hfb-above-header-display":"","ast-hfb-below-header-display":"","ast-hfb-mobile-header-display":"","site-post-title":"","ast-breadcrumbs-content":"","ast-featured-img":"","footer-sml-layout":"","theme-transparent-header-meta":"","adv-header-id-meta":"","stick-header-meta":"","header-above-stick-meta":"","header-main-stick-meta":"","header-below-stick-meta":"","astra-migrate-meta-layouts":"default","ast-page-background-enabled":"default","ast-page-background-meta":{"desktop":{"background-color":"var(--ast-global-color-4)","background-image":"","background-repeat":"repeat","background-position":"center center","background-size":"auto","background-attachment":"scroll","background-type":"","background-media":"","overlay-type":"","overlay-color":"","overlay-opacity":"","overlay-gradient":""},"tablet":{"background-color":"","background-image":"","background-repeat":"repeat","background-position":"center center","background-size":"auto","background-attachment":"scroll","background-type":"","background-media":"","overlay-type":"","overlay-color":"","overlay-opacity":"","overlay-gradient":""},"mobile":{"background-color":"","background-image":"","background-repeat":"repeat","background-position":"center center","background-size":"auto","background-attachment":"scroll","background-type":"","background-media":"","overlay-type":"","overlay-color":"","overlay-opacity":"","overlay-gradient":""}},"ast-content-background-meta":{"desktop":{"background-color":"var(--ast-global-color-5)","background-image":"","background-repeat":"repeat","background-position":"center center","background-size":"auto","background-attachment":"scroll","background-type":"","background-media":"","overlay-type":"","overlay-color":"","overlay-opacity":"","overlay-gradient":""},"tablet":{"background-color":"var(--ast-global-color-5)","background-image":"","background-repeat":"repeat","background-position":"center center","background-size":"auto","background-attachment":"scroll","background-type":"","background-media":"","overlay-type":"","overlay-color":"","overlay-opacity":"","overlay-gradient":""},"mobile":{"background-color":"var(--ast-global-color-5)","background-image":"","background-repeat":"repeat","background-position":"center center","background-size":"auto","background-attachment":"scroll","background-type":"","background-media":"","overlay-type":"","overlay-color":"","overlay-opacity":"","overlay-gradient":""}},"footnotes":""},"categories":[65,161,29],"tags":[],"class_list":["post-3518","post","type-post","status-publish","format-standard","has-post-thumbnail","hentry","category-crp","category-mates","category-portada"],"post_mailing_queue_ids":[],"_links":{"self":[{"href":"https:\/\/serveiseducatius.xtec.cat\/castelldefels\/wp-json\/wp\/v2\/posts\/3518","targetHints":{"allow":["GET"]}}],"collection":[{"href":"https:\/\/serveiseducatius.xtec.cat\/castelldefels\/wp-json\/wp\/v2\/posts"}],"about":[{"href":"https:\/\/serveiseducatius.xtec.cat\/castelldefels\/wp-json\/wp\/v2\/types\/post"}],"author":[{"embeddable":true,"href":"https:\/\/serveiseducatius.xtec.cat\/castelldefels\/wp-json\/wp\/v2\/users\/1"}],"replies":[{"embeddable":true,"href":"https:\/\/serveiseducatius.xtec.cat\/castelldefels\/wp-json\/wp\/v2\/comments?post=3518"}],"version-history":[{"count":3,"href":"https:\/\/serveiseducatius.xtec.cat\/castelldefels\/wp-json\/wp\/v2\/posts\/3518\/revisions"}],"predecessor-version":[{"id":3533,"href":"https:\/\/serveiseducatius.xtec.cat\/castelldefels\/wp-json\/wp\/v2\/posts\/3518\/revisions\/3533"}],"wp:featuredmedia":[{"embeddable":true,"href":"https:\/\/serveiseducatius.xtec.cat\/castelldefels\/wp-json\/wp\/v2\/media\/3519"}],"wp:attachment":[{"href":"https:\/\/serveiseducatius.xtec.cat\/castelldefels\/wp-json\/wp\/v2\/media?parent=3518"}],"wp:term":[{"taxonomy":"category","embeddable":true,"href":"https:\/\/serveiseducatius.xtec.cat\/castelldefels\/wp-json\/wp\/v2\/categories?post=3518"},{"taxonomy":"post_tag","embeddable":true,"href":"https:\/\/serveiseducatius.xtec.cat\/castelldefels\/wp-json\/wp\/v2\/tags?post=3518"}],"curies":[{"name":"wp","href":"https:\/\/api.w.org\/{rel}","templated":true}]}}