{"id":3462,"date":"2019-04-08T09:14:16","date_gmt":"2019-04-08T07:14:16","guid":{"rendered":"http:\/\/serveiseducatius.xtec.cat\/castelldefels\/?p=3462"},"modified":"2019-05-16T13:59:49","modified_gmt":"2019-05-16T11:59:49","slug":"xvii-forum-de-recerca-al-batxillerat-i-cicles-formatius","status":"publish","type":"post","link":"https:\/\/serveiseducatius.xtec.cat\/castelldefels\/general\/xvii-forum-de-recerca-al-batxillerat-i-cicles-formatius\/","title":{"rendered":"XVII F\u00f2rum de Recerca al Batxillerat i Cicles Formatius"},"content":{"rendered":"<p><a href=\"https:\/\/serveiseducatius.xtec.cat\/castelldefels\/wp-content\/uploads\/usu4\/2019\/04\/Forum.jpg\"><img loading=\"lazy\" decoding=\"async\" class=\"aligncenter wp-image-3463 size-full\" src=\"https:\/\/serveiseducatius.xtec.cat\/castelldefels\/wp-content\/uploads\/usu4\/2019\/04\/Forum.jpg\" alt=\"\" width=\"640\" height=\"427\" srcset=\"https:\/\/serveiseducatius.xtec.cat\/castelldefels\/wp-content\/uploads\/usu4\/2019\/04\/Forum.jpg 640w, https:\/\/serveiseducatius.xtec.cat\/castelldefels\/wp-content\/uploads\/usu4\/2019\/04\/Forum-300x200.jpg 300w\" sizes=\"auto, (max-width: 640px) 100vw, 640px\" \/><\/a><\/p>\n<p><a href=\"https:\/\/www.flickr.com\/photos\/ajcastelldefels\/sets\/72157707976544304\"><strong>Veure Fotogaleria<\/strong><\/a><\/p>\n<p>La sala d&#8217;actes de l&#8217;Escola d&#8217;Enginyeria de Telecomunicaci\u00f3 i Aeroespacial de Castelldefels (EETAC) ubicada al campus universitari de Castelldefels, va acollir\u00a0el passat 3 d&#8217;abril l&#8217;exposici\u00f3 dels treballs de recerca de batxillerat i dels projectes de cicles formatius en el <strong>17\u00e8 F\u00f2rum &#8211; Fem Recerca<\/strong>. Els centres participants han estat els instituts Les Marines, Josep Llu\u00eds Sert, Mediterr\u00e0nia i l&#8217;escola La Ginesta.<\/p>\n<p>L&#8217;acte va integrar la presentaci\u00f3 de vuit treballs de recerca, a c\u00e0rrec de vuit alumnes de 2on de Batxillerat, i va comptar tamb\u00e9 amb la participaci\u00f3 de la regidora d&#8217;Educaci\u00f3,\u00a0<strong>Nathalie Langer<\/strong>, el director de l&#8217;EETAC,<strong>\u00a0Lluis Alonso<\/strong>, la directora del Centre de Recursos Pedag\u00f2gics de Castelldefels,\u00a0<strong>Maria Josep Or\u00f3<\/strong>, i la inspectora d&#8217;Educaci\u00f3 de Castelldefels,<strong>\u00a0Sandra Gallardo<\/strong>.<\/p>\n<p>Entre els objectius de l&#8217;acte es trobava potenciar les activitats de recerca realitzades per l&#8217;alumnat de batxillerat i cicles formatius; donar a con\u00e8ixer els resultats dels treballs a la comunitat educativa; impulsar les habilitats comunicatives de l&#8217;alumnat i valorar el seu esfor\u00e7; i oferir suggeriments i idees sobre els treballs de recerca a l&#8217;alumnat de cursos posteriors.<\/p>\n<p>L&#8217;acte va estar organitzat per Serveis Educatius Baix Llobregat II. Serveis Educatius de Castelldefels (Centre de Recursos Pedag\u00f2gics) amb la col\u00b7laboraci\u00f3 de l&#8217;Ajuntament de Castelldefels i l&#8217;EETAC.<\/p>\n<p><span class=\"titol3\"><strong>Treballs presentats:<\/strong><\/span><\/p>\n<ul>\n<li><strong>Raquel Mart\u00ednez<\/strong>\u00a0(Institut Les Marines):\u00a0<em>El cavall com a terapeuta<\/em><\/li>\n<li><strong>Eva Marcos<\/strong>\u00a0(Institut Josep Lluis Sert):\u00a0<em>La hipnosi, frau o realitat?<\/em><\/li>\n<li><strong>Laura Escofet<\/strong>\u00a0(Escola La Ginesta):\u00a0<em>Reproducci\u00f3 assistida<\/em><\/li>\n<li><strong>Olga Quintana<\/strong>\u00a0(Institut Mediterr\u00e0nia):\u00a0<em>Un m\u00f3n sense colors. L&#8217;accessibilitat als espais p\u00fablics de les persones amb defici\u00e8ncia visual<\/em><\/li>\n<li><strong>Ainhoa Molina<\/strong>(Institut Les Marines): \u00a0<em>Influ\u00e8ncia psicoanal\u00edtica a la cultura contempor\u00e0nia<\/em><\/li>\n<li><strong>Carmen Navarro<\/strong>\u00a0(Institut Josep Llu\u00eds Sert):\u00a0<em>L&#8217;escolaritzaci\u00f3 dels infants autistes, un repte major<\/em><\/li>\n<li><strong>Joan Mart\u00ed<\/strong>\u00a0(Escola La Ginesta):\u00a0<em>Criptomonedes: diners f\u00e0cils?<\/em><\/li>\n<li><strong>Bru Reig\u00a0<\/strong>(Institut Mediterr\u00e0nia):\u00a0<em>Impacte de la Guerra Civil a la Terra Alta i la Ribera d&#8217;Ebre<\/em><\/li>\n<\/ul>\n<p>FONT: <a href=\"http:\/\/www.elcastell.org\/ca\/index\/13654\/L'alumnat-de-batxillerat-i-cicles-formatius-de-.html\">elCastell.org<\/a><\/p>\n","protected":false},"excerpt":{"rendered":"<p>Veure Fotogaleria La sala d&#8217;actes de l&#8217;Escola d&#8217;Enginyeria de Telecomunicaci\u00f3 i Aeroespacial de Castelldefels (EETAC) ubicada al campus universitari de Castelldefels, va acollir\u00a0el passat 3 d&#8217;abril l&#8217;exposici\u00f3 dels treballs de recerca de batxillerat i dels projectes de cicles formatius en el 17\u00e8 F\u00f2rum &#8211; Fem Recerca. Els centres participants han estat els instituts Les Marines, [&hellip;]<\/p>\n","protected":false},"author":1,"featured_media":3463,"comment_status":"open","ping_status":"closed","sticky":false,"template":"","format":"standard","meta":{"_bbp_topic_count":0,"_bbp_reply_count":0,"_bbp_total_topic_count":0,"_bbp_total_reply_count":0,"_bbp_voice_count":0,"_bbp_anonymous_reply_count":0,"_bbp_topic_count_hidden":0,"_bbp_reply_count_hidden":0,"_bbp_forum_subforum_count":0,"site-sidebar-layout":"default","site-content-layout":"","ast-site-content-layout":"","site-content-style":"default","site-sidebar-style":"default","ast-global-header-display":"","ast-banner-title-visibility":"","ast-main-header-display":"","ast-hfb-above-header-display":"","ast-hfb-below-header-display":"","ast-hfb-mobile-header-display":"","site-post-title":"","ast-breadcrumbs-content":"","ast-featured-img":"","footer-sml-layout":"","theme-transparent-header-meta":"","adv-header-id-meta":"","stick-header-meta":"","header-above-stick-meta":"","header-main-stick-meta":"","header-below-stick-meta":"","astra-migrate-meta-layouts":"default","ast-page-background-enabled":"default","ast-page-background-meta":{"desktop":{"background-color":"var(--ast-global-color-4)","background-image":"","background-repeat":"repeat","background-position":"center center","background-size":"auto","background-attachment":"scroll","background-type":"","background-media":"","overlay-type":"","overlay-color":"","overlay-opacity":"","overlay-gradient":""},"tablet":{"background-color":"","background-image":"","background-repeat":"repeat","background-position":"center center","background-size":"auto","background-attachment":"scroll","background-type":"","background-media":"","overlay-type":"","overlay-color":"","overlay-opacity":"","overlay-gradient":""},"mobile":{"background-color":"","background-image":"","background-repeat":"repeat","background-position":"center center","background-size":"auto","background-attachment":"scroll","background-type":"","background-media":"","overlay-type":"","overlay-color":"","overlay-opacity":"","overlay-gradient":""}},"ast-content-background-meta":{"desktop":{"background-color":"var(--ast-global-color-5)","background-image":"","background-repeat":"repeat","background-position":"center center","background-size":"auto","background-attachment":"scroll","background-type":"","background-media":"","overlay-type":"","overlay-color":"","overlay-opacity":"","overlay-gradient":""},"tablet":{"background-color":"var(--ast-global-color-5)","background-image":"","background-repeat":"repeat","background-position":"center center","background-size":"auto","background-attachment":"scroll","background-type":"","background-media":"","overlay-type":"","overlay-color":"","overlay-opacity":"","overlay-gradient":""},"mobile":{"background-color":"var(--ast-global-color-5)","background-image":"","background-repeat":"repeat","background-position":"center center","background-size":"auto","background-attachment":"scroll","background-type":"","background-media":"","overlay-type":"","overlay-color":"","overlay-opacity":"","overlay-gradient":""}},"footnotes":""},"categories":[65,70,1,29],"tags":[],"class_list":["post-3462","post","type-post","status-publish","format-standard","has-post-thumbnail","hentry","category-crp","category-forum-treballs-de-recerca","category-general","category-portada"],"post_mailing_queue_ids":[],"_links":{"self":[{"href":"https:\/\/serveiseducatius.xtec.cat\/castelldefels\/wp-json\/wp\/v2\/posts\/3462","targetHints":{"allow":["GET"]}}],"collection":[{"href":"https:\/\/serveiseducatius.xtec.cat\/castelldefels\/wp-json\/wp\/v2\/posts"}],"about":[{"href":"https:\/\/serveiseducatius.xtec.cat\/castelldefels\/wp-json\/wp\/v2\/types\/post"}],"author":[{"embeddable":true,"href":"https:\/\/serveiseducatius.xtec.cat\/castelldefels\/wp-json\/wp\/v2\/users\/1"}],"replies":[{"embeddable":true,"href":"https:\/\/serveiseducatius.xtec.cat\/castelldefels\/wp-json\/wp\/v2\/comments?post=3462"}],"version-history":[{"count":1,"href":"https:\/\/serveiseducatius.xtec.cat\/castelldefels\/wp-json\/wp\/v2\/posts\/3462\/revisions"}],"predecessor-version":[{"id":3464,"href":"https:\/\/serveiseducatius.xtec.cat\/castelldefels\/wp-json\/wp\/v2\/posts\/3462\/revisions\/3464"}],"wp:featuredmedia":[{"embeddable":true,"href":"https:\/\/serveiseducatius.xtec.cat\/castelldefels\/wp-json\/wp\/v2\/media\/3463"}],"wp:attachment":[{"href":"https:\/\/serveiseducatius.xtec.cat\/castelldefels\/wp-json\/wp\/v2\/media?parent=3462"}],"wp:term":[{"taxonomy":"category","embeddable":true,"href":"https:\/\/serveiseducatius.xtec.cat\/castelldefels\/wp-json\/wp\/v2\/categories?post=3462"},{"taxonomy":"post_tag","embeddable":true,"href":"https:\/\/serveiseducatius.xtec.cat\/castelldefels\/wp-json\/wp\/v2\/tags?post=3462"}],"curies":[{"name":"wp","href":"https:\/\/api.w.org\/{rel}","templated":true}]}}