{"id":3422,"date":"2019-01-21T08:58:26","date_gmt":"2019-01-21T07:58:26","guid":{"rendered":"http:\/\/serveiseducatius.xtec.cat\/castelldefels\/?p=3422"},"modified":"2019-01-21T08:58:26","modified_gmt":"2019-01-21T07:58:26","slug":"programa-dinnovacio-pedagogica-en-tecnologies-digitals-per-a-laprenentatge","status":"publish","type":"post","link":"https:\/\/serveiseducatius.xtec.cat\/castelldefels\/portada\/programa-dinnovacio-pedagogica-en-tecnologies-digitals-per-a-laprenentatge\/","title":{"rendered":"Programa d\u2019Innovaci\u00f3 Pedag\u00f2gica en Tecnologies Digitals per a l\u2019Aprenentatge"},"content":{"rendered":"<p><a href=\"https:\/\/serveiseducatius.xtec.cat\/castelldefels\/wp-content\/uploads\/usu4\/2019\/01\/innovacio.jpg\"><img loading=\"lazy\" decoding=\"async\" class=\"size-full wp-image-3423 alignright\" src=\"https:\/\/serveiseducatius.xtec.cat\/castelldefels\/wp-content\/uploads\/usu4\/2019\/01\/innovacio.jpg\" alt=\"\" width=\"170\" height=\"170\" srcset=\"https:\/\/serveiseducatius.xtec.cat\/castelldefels\/wp-content\/uploads\/usu4\/2019\/01\/innovacio.jpg 170w, https:\/\/serveiseducatius.xtec.cat\/castelldefels\/wp-content\/uploads\/usu4\/2019\/01\/innovacio-150x150.jpg 150w\" sizes=\"auto, (max-width: 170px) 100vw, 170px\" \/><\/a>S&#8217;ha publicat al DOGC la nova convocat\u00f2ria per seleccionar centres educatius que vulguin formar part del <strong>Programa d&#8217;Innovaci\u00f3 Pedag\u00f2gica en Tecnologies Digitals per a l\u2019Aprenentatge<\/strong> al curs 2018-2019. Els centres interessats disposen fins al <strong>8 de febrer<\/strong> per presentar la sol\u00b7licitud corresponent d\u2019acord amb les bases reguladores.<\/p>\n<ul class=\"n8H08c UVNKR\">\n<li id=\"h.p_X-Ooc37iEtNv\" class=\"zfr3Q TYR86d\"><a class=\"dhtgD\" href=\"https:\/\/www.google.com\/url?q=https%3A%2F%2Fdogc.gencat.cat%2Fca%2Fpdogc_canals_interns%2Fpdogc_resultats_fitxa%2F%3Faction%3Dfitxa%26documentId%3D838437%26language%3Dca_ES&amp;sa=D&amp;sntz=1&amp;usg=AFQjCNFXAEX2yi2DDQYxZii_L8KOoCDaKA\" target=\"_blank\" rel=\"noopener\"><strong>RESOLUCI\u00d3 EDU\/3044\/2018<\/strong><\/a>, de 19 de desembre.<\/li>\n<\/ul>\n","protected":false},"excerpt":{"rendered":"<p>S&#8217;ha publicat al DOGC la nova convocat\u00f2ria per seleccionar centres educatius que vulguin formar part del Programa d&#8217;Innovaci\u00f3 Pedag\u00f2gica en Tecnologies Digitals per a l\u2019Aprenentatge al curs 2018-2019. Els centres interessats disposen fins al 8 de febrer per presentar la sol\u00b7licitud corresponent d\u2019acord amb les bases reguladores. RESOLUCI\u00d3 EDU\/3044\/2018, de 19 de desembre.<\/p>\n","protected":false},"author":1,"featured_media":3423,"comment_status":"open","ping_status":"closed","sticky":false,"template":"","format":"standard","meta":{"_bbp_topic_count":0,"_bbp_reply_count":0,"_bbp_total_topic_count":0,"_bbp_total_reply_count":0,"_bbp_voice_count":0,"_bbp_anonymous_reply_count":0,"_bbp_topic_count_hidden":0,"_bbp_reply_count_hidden":0,"_bbp_forum_subforum_count":0,"site-sidebar-layout":"default","site-content-layout":"","ast-site-content-layout":"","site-content-style":"default","site-sidebar-style":"default","ast-global-header-display":"","ast-banner-title-visibility":"","ast-main-header-display":"","ast-hfb-above-header-display":"","ast-hfb-below-header-display":"","ast-hfb-mobile-header-display":"","site-post-title":"","ast-breadcrumbs-content":"","ast-featured-img":"","footer-sml-layout":"","theme-transparent-header-meta":"","adv-header-id-meta":"","stick-header-meta":"","header-above-stick-meta":"","header-main-stick-meta":"","header-below-stick-meta":"","astra-migrate-meta-layouts":"default","ast-page-background-enabled":"default","ast-page-background-meta":{"desktop":{"background-color":"var(--ast-global-color-4)","background-image":"","background-repeat":"repeat","background-position":"center center","background-size":"auto","background-attachment":"scroll","background-type":"","background-media":"","overlay-type":"","overlay-color":"","overlay-opacity":"","overlay-gradient":""},"tablet":{"background-color":"","background-image":"","background-repeat":"repeat","background-position":"center center","background-size":"auto","background-attachment":"scroll","background-type":"","background-media":"","overlay-type":"","overlay-color":"","overlay-opacity":"","overlay-gradient":""},"mobile":{"background-color":"","background-image":"","background-repeat":"repeat","background-position":"center center","background-size":"auto","background-attachment":"scroll","background-type":"","background-media":"","overlay-type":"","overlay-color":"","overlay-opacity":"","overlay-gradient":""}},"ast-content-background-meta":{"desktop":{"background-color":"var(--ast-global-color-5)","background-image":"","background-repeat":"repeat","background-position":"center center","background-size":"auto","background-attachment":"scroll","background-type":"","background-media":"","overlay-type":"","overlay-color":"","overlay-opacity":"","overlay-gradient":""},"tablet":{"background-color":"var(--ast-global-color-5)","background-image":"","background-repeat":"repeat","background-position":"center center","background-size":"auto","background-attachment":"scroll","background-type":"","background-media":"","overlay-type":"","overlay-color":"","overlay-opacity":"","overlay-gradient":""},"mobile":{"background-color":"var(--ast-global-color-5)","background-image":"","background-repeat":"repeat","background-position":"center center","background-size":"auto","background-attachment":"scroll","background-type":"","background-media":"","overlay-type":"","overlay-color":"","overlay-opacity":"","overlay-gradient":""}},"footnotes":""},"categories":[65,29],"tags":[],"class_list":["post-3422","post","type-post","status-publish","format-standard","has-post-thumbnail","hentry","category-crp","category-portada"],"post_mailing_queue_ids":[],"_links":{"self":[{"href":"https:\/\/serveiseducatius.xtec.cat\/castelldefels\/wp-json\/wp\/v2\/posts\/3422","targetHints":{"allow":["GET"]}}],"collection":[{"href":"https:\/\/serveiseducatius.xtec.cat\/castelldefels\/wp-json\/wp\/v2\/posts"}],"about":[{"href":"https:\/\/serveiseducatius.xtec.cat\/castelldefels\/wp-json\/wp\/v2\/types\/post"}],"author":[{"embeddable":true,"href":"https:\/\/serveiseducatius.xtec.cat\/castelldefels\/wp-json\/wp\/v2\/users\/1"}],"replies":[{"embeddable":true,"href":"https:\/\/serveiseducatius.xtec.cat\/castelldefels\/wp-json\/wp\/v2\/comments?post=3422"}],"version-history":[{"count":1,"href":"https:\/\/serveiseducatius.xtec.cat\/castelldefels\/wp-json\/wp\/v2\/posts\/3422\/revisions"}],"predecessor-version":[{"id":3424,"href":"https:\/\/serveiseducatius.xtec.cat\/castelldefels\/wp-json\/wp\/v2\/posts\/3422\/revisions\/3424"}],"wp:featuredmedia":[{"embeddable":true,"href":"https:\/\/serveiseducatius.xtec.cat\/castelldefels\/wp-json\/wp\/v2\/media\/3423"}],"wp:attachment":[{"href":"https:\/\/serveiseducatius.xtec.cat\/castelldefels\/wp-json\/wp\/v2\/media?parent=3422"}],"wp:term":[{"taxonomy":"category","embeddable":true,"href":"https:\/\/serveiseducatius.xtec.cat\/castelldefels\/wp-json\/wp\/v2\/categories?post=3422"},{"taxonomy":"post_tag","embeddable":true,"href":"https:\/\/serveiseducatius.xtec.cat\/castelldefels\/wp-json\/wp\/v2\/tags?post=3422"}],"curies":[{"name":"wp","href":"https:\/\/api.w.org\/{rel}","templated":true}]}}