{"id":3410,"date":"2018-11-06T09:11:17","date_gmt":"2018-11-06T08:11:17","guid":{"rendered":"http:\/\/serveiseducatius.xtec.cat\/castelldefels\/?p=3410"},"modified":"2018-12-19T10:43:04","modified_gmt":"2018-12-19T09:43:04","slug":"dia-de-la-ciencia-2018-2019","status":"publish","type":"post","link":"https:\/\/serveiseducatius.xtec.cat\/castelldefels\/portada\/dia-de-la-ciencia-2018-2019\/","title":{"rendered":"Dia de la Ci\u00e8ncia 2018-2019"},"content":{"rendered":"<p><a href=\"https:\/\/serveiseducatius.xtec.cat\/castelldefels\/wp-content\/uploads\/usu4\/2018\/11\/claudi.jpg\"><img loading=\"lazy\" decoding=\"async\" class=\"size-full wp-image-3411 alignleft\" src=\"https:\/\/serveiseducatius.xtec.cat\/castelldefels\/wp-content\/uploads\/usu4\/2018\/11\/claudi.jpg\" alt=\"\" width=\"240\" height=\"240\" srcset=\"https:\/\/serveiseducatius.xtec.cat\/castelldefels\/wp-content\/uploads\/usu4\/2018\/11\/claudi.jpg 240w, https:\/\/serveiseducatius.xtec.cat\/castelldefels\/wp-content\/uploads\/usu4\/2018\/11\/claudi-150x150.jpg 150w\" sizes=\"auto, (max-width: 240px) 100vw, 240px\" \/><\/a>El proper 7 de novembre tindr\u00e0 lloc la confer\u00e8ncia <em><strong>Les millors an\u00e8cdotes de la hist\u00f2ria de les matem\u00e0tiques<\/strong><\/em> a c\u00e0rrec del <strong>Dr. Claudi Alsina<\/strong>, en el marc dels actes de celebraci\u00f3 del <strong>Dia de la Ci\u00e8ncia<\/strong> organitzats pel Departament d&#8217;Ensenyament i la Fundaci\u00f3 Catalana per a la Recerca i la Innovaci\u00f3 (FCRI).<\/p>\n<p>El Dr. Claudi Alsina \u00e9s matem\u00e0tic, especialista en equacions funcionals, desigualtats, l\u00f2gica borrosa, espais m\u00e8trics probabil\u00edstics, geometria de Gaud\u00ed, visualitzaci\u00f3 de demostracions sense paraules, educaci\u00f3 matem\u00e0tica i divulgaci\u00f3. Es vaig llicenciar i doctorar en Matem\u00e0tiques a la Universitat de Barcelona i va cursar estudis de postgrau a la University of Massachusetts (USA). Ha estat catedr\u00e0tic de Matem\u00e0tiques a la Universitat Polit\u00e8cnica de Catalunya durant 33 anys. Ha publicat m\u00e9s de 60 llibres, m\u00e9s de 200 articles de recerca i m\u00e9s de 200 articles d\u2019educaci\u00f3 i divulgaci\u00f3. Ha dirigit 16 tesis doctorals i ha impartit m\u00e9s de 1.000 confer\u00e8ncies arreu del m\u00f3n.<\/p>\n<p>La confer\u00e8ncia es desenvolupar\u00e0 a l&#8217;INS Josep Llu\u00eds Sert i hi assistiran al voltant de 400 alumnes de 4t d&#8217;ESO de tres instituts de Castelldefels: <strong>INS Marines<\/strong>, <strong>INS Mediterr\u00e0nia<\/strong>, <strong>INS Josep Llu\u00eds Sert<\/strong>. La finalitat principal de l\u2019activitat \u00e9s el foment de les vocacions cient\u00edfiques entre l\u2019alumnat del nostre pa\u00eds, i aix\u00f2 es pret\u00e9n fer-ho a partir d\u2019apropar investigadors a les escoles i als instituts.<\/p>\n","protected":false},"excerpt":{"rendered":"<p>El proper 7 de novembre tindr\u00e0 lloc la confer\u00e8ncia Les millors an\u00e8cdotes de la hist\u00f2ria de les matem\u00e0tiques a c\u00e0rrec del Dr. Claudi Alsina, en el marc dels actes de celebraci\u00f3 del Dia de la Ci\u00e8ncia organitzats pel Departament d&#8217;Ensenyament i la Fundaci\u00f3 Catalana per a la Recerca i la Innovaci\u00f3 (FCRI). El Dr. Claudi [&hellip;]<\/p>\n","protected":false},"author":1,"featured_media":3411,"comment_status":"open","ping_status":"closed","sticky":false,"template":"","format":"standard","meta":{"_bbp_topic_count":0,"_bbp_reply_count":0,"_bbp_total_topic_count":0,"_bbp_total_reply_count":0,"_bbp_voice_count":0,"_bbp_anonymous_reply_count":0,"_bbp_topic_count_hidden":0,"_bbp_reply_count_hidden":0,"_bbp_forum_subforum_count":0,"site-sidebar-layout":"default","site-content-layout":"","ast-site-content-layout":"","site-content-style":"default","site-sidebar-style":"default","ast-global-header-display":"","ast-banner-title-visibility":"","ast-main-header-display":"","ast-hfb-above-header-display":"","ast-hfb-below-header-display":"","ast-hfb-mobile-header-display":"","site-post-title":"","ast-breadcrumbs-content":"","ast-featured-img":"","footer-sml-layout":"","theme-transparent-header-meta":"","adv-header-id-meta":"","stick-header-meta":"","header-above-stick-meta":"","header-main-stick-meta":"","header-below-stick-meta":"","astra-migrate-meta-layouts":"default","ast-page-background-enabled":"default","ast-page-background-meta":{"desktop":{"background-color":"var(--ast-global-color-4)","background-image":"","background-repeat":"repeat","background-position":"center center","background-size":"auto","background-attachment":"scroll","background-type":"","background-media":"","overlay-type":"","overlay-color":"","overlay-opacity":"","overlay-gradient":""},"tablet":{"background-color":"","background-image":"","background-repeat":"repeat","background-position":"center center","background-size":"auto","background-attachment":"scroll","background-type":"","background-media":"","overlay-type":"","overlay-color":"","overlay-opacity":"","overlay-gradient":""},"mobile":{"background-color":"","background-image":"","background-repeat":"repeat","background-position":"center center","background-size":"auto","background-attachment":"scroll","background-type":"","background-media":"","overlay-type":"","overlay-color":"","overlay-opacity":"","overlay-gradient":""}},"ast-content-background-meta":{"desktop":{"background-color":"var(--ast-global-color-5)","background-image":"","background-repeat":"repeat","background-position":"center center","background-size":"auto","background-attachment":"scroll","background-type":"","background-media":"","overlay-type":"","overlay-color":"","overlay-opacity":"","overlay-gradient":""},"tablet":{"background-color":"var(--ast-global-color-5)","background-image":"","background-repeat":"repeat","background-position":"center center","background-size":"auto","background-attachment":"scroll","background-type":"","background-media":"","overlay-type":"","overlay-color":"","overlay-opacity":"","overlay-gradient":""},"mobile":{"background-color":"var(--ast-global-color-5)","background-image":"","background-repeat":"repeat","background-position":"center center","background-size":"auto","background-attachment":"scroll","background-type":"","background-media":"","overlay-type":"","overlay-color":"","overlay-opacity":"","overlay-gradient":""}},"footnotes":""},"categories":[65,237,29],"tags":[],"class_list":["post-3410","post","type-post","status-publish","format-standard","has-post-thumbnail","hentry","category-crp","category-dia-de-la-ciencia","category-portada"],"post_mailing_queue_ids":[],"_links":{"self":[{"href":"https:\/\/serveiseducatius.xtec.cat\/castelldefels\/wp-json\/wp\/v2\/posts\/3410","targetHints":{"allow":["GET"]}}],"collection":[{"href":"https:\/\/serveiseducatius.xtec.cat\/castelldefels\/wp-json\/wp\/v2\/posts"}],"about":[{"href":"https:\/\/serveiseducatius.xtec.cat\/castelldefels\/wp-json\/wp\/v2\/types\/post"}],"author":[{"embeddable":true,"href":"https:\/\/serveiseducatius.xtec.cat\/castelldefels\/wp-json\/wp\/v2\/users\/1"}],"replies":[{"embeddable":true,"href":"https:\/\/serveiseducatius.xtec.cat\/castelldefels\/wp-json\/wp\/v2\/comments?post=3410"}],"version-history":[{"count":2,"href":"https:\/\/serveiseducatius.xtec.cat\/castelldefels\/wp-json\/wp\/v2\/posts\/3410\/revisions"}],"predecessor-version":[{"id":3413,"href":"https:\/\/serveiseducatius.xtec.cat\/castelldefels\/wp-json\/wp\/v2\/posts\/3410\/revisions\/3413"}],"wp:featuredmedia":[{"embeddable":true,"href":"https:\/\/serveiseducatius.xtec.cat\/castelldefels\/wp-json\/wp\/v2\/media\/3411"}],"wp:attachment":[{"href":"https:\/\/serveiseducatius.xtec.cat\/castelldefels\/wp-json\/wp\/v2\/media?parent=3410"}],"wp:term":[{"taxonomy":"category","embeddable":true,"href":"https:\/\/serveiseducatius.xtec.cat\/castelldefels\/wp-json\/wp\/v2\/categories?post=3410"},{"taxonomy":"post_tag","embeddable":true,"href":"https:\/\/serveiseducatius.xtec.cat\/castelldefels\/wp-json\/wp\/v2\/tags?post=3410"}],"curies":[{"name":"wp","href":"https:\/\/api.w.org\/{rel}","templated":true}]}}