{"id":3359,"date":"2018-09-03T17:30:24","date_gmt":"2018-09-03T15:30:24","guid":{"rendered":"http:\/\/serveiseducatius.xtec.cat\/castelldefels\/?p=3359"},"modified":"2018-09-25T10:37:48","modified_gmt":"2018-09-25T08:37:48","slug":"lliga-de-debat-de-secundaria-i-batxillerat-2","status":"publish","type":"post","link":"https:\/\/serveiseducatius.xtec.cat\/castelldefels\/portada\/lliga-de-debat-de-secundaria-i-batxillerat-2\/","title":{"rendered":"Lliga de Debat de Secund\u00e0ria i Batxillerat"},"content":{"rendered":"<p><a href=\"http:\/\/serveiseducatius.xtec.cat\/castelldefels\/wp-content\/uploads\/usu4\/2018\/09\/debat.png\"><img loading=\"lazy\" decoding=\"async\" class=\" wp-image-3360 alignright\" src=\"http:\/\/serveiseducatius.xtec.cat\/castelldefels\/wp-content\/uploads\/usu4\/2018\/09\/debat-300x175.png\" alt=\"\" width=\"399\" height=\"233\" srcset=\"https:\/\/serveiseducatius.xtec.cat\/castelldefels\/wp-content\/uploads\/usu4\/2018\/09\/debat-300x175.png 300w, https:\/\/serveiseducatius.xtec.cat\/castelldefels\/wp-content\/uploads\/usu4\/2018\/09\/debat.png 428w\" sizes=\"auto, (max-width: 399px) 100vw, 399px\" \/><\/a>L\u2019objectiu de la <a href=\"http:\/\/www.vives.org\/serveis\/lliga-de-debat\/lliga-de-debat-de-secundaria-i-batxillerat\/\" target=\"_blank\" rel=\"noopener\"><strong>Lliga de Debat<\/strong><\/a> \u00e9s fomentar l\u2019\u00fas de la paraula entre els estudiants, sota el format d\u2019un enfrontament dial\u00e8ctic entre diversos equips, en el qual s\u2019ha de defensar una posici\u00f3 a favor o en contra sobre un tema d\u2019actualitat, i on es valoren capacitats com el treball en equip, la solidesa de les argumentacions, la flu\u00efdesa en la intervenci\u00f3 i la correcci\u00f3 tant sem\u00e0ntica com formal.<\/p>\n<p>En aquesta ocasi\u00f3, el tema dels debats ser\u00e0: \u00abCalen les fronteres entre pa\u00efsos?\u00bb.<\/p>\n<p>La participaci\u00f3 en la competici\u00f3 est\u00e0 oberta a l\u2019alumnat de 4t d\u2019ESO, batxillerat i cicles formatius (d\u2019edats entre 15 i 18 anys).<\/p>\n<ul>\n<li><a href=\"http:\/\/www.vives.org\/serveis\/lliga-de-debat\/lliga-de-debat-de-secundaria-i-batxillerat\/\" target=\"_blank\" rel=\"noopener\">Lliga de Debat de Secund\u00e0ria i Batxillerat<\/a>.<\/li>\n<li><strong>Preinscripci\u00f3<\/strong> de l\u20191 d\u2019octubre al 9 de novembre de 2018.<\/li>\n<li>Formalitzaci\u00f3 d\u2019inscripcions: del 19 de novembre al 14 de desembre de 2018.<\/li>\n<li>La fase final tindr\u00e0 lloc a la la Universitat Abat Oliba CEU (Barcelona), del 3 al 5 d&#8217;abril de 2019.<\/li>\n<\/ul>\n<p>Organitza: <a href=\"http:\/\/www.vives.org\/\" target=\"_blank\" rel=\"noopener\">Xarxa Vives d&#8217;Universitats<\/a><\/p>\n","protected":false},"excerpt":{"rendered":"<p>L\u2019objectiu de la Lliga de Debat \u00e9s fomentar l\u2019\u00fas de la paraula entre els estudiants, sota el format d\u2019un enfrontament dial\u00e8ctic entre diversos equips, en el qual s\u2019ha de defensar una posici\u00f3 a favor o en contra sobre un tema d\u2019actualitat, i on es valoren capacitats com el treball en equip, la solidesa de les [&hellip;]<\/p>\n","protected":false},"author":1,"featured_media":3360,"comment_status":"open","ping_status":"closed","sticky":false,"template":"","format":"standard","meta":{"_bbp_topic_count":0,"_bbp_reply_count":0,"_bbp_total_topic_count":0,"_bbp_total_reply_count":0,"_bbp_voice_count":0,"_bbp_anonymous_reply_count":0,"_bbp_topic_count_hidden":0,"_bbp_reply_count_hidden":0,"_bbp_forum_subforum_count":0,"site-sidebar-layout":"default","site-content-layout":"","ast-site-content-layout":"","site-content-style":"default","site-sidebar-style":"default","ast-global-header-display":"","ast-banner-title-visibility":"","ast-main-header-display":"","ast-hfb-above-header-display":"","ast-hfb-below-header-display":"","ast-hfb-mobile-header-display":"","site-post-title":"","ast-breadcrumbs-content":"","ast-featured-img":"","footer-sml-layout":"","theme-transparent-header-meta":"","adv-header-id-meta":"","stick-header-meta":"","header-above-stick-meta":"","header-main-stick-meta":"","header-below-stick-meta":"","astra-migrate-meta-layouts":"default","ast-page-background-enabled":"default","ast-page-background-meta":{"desktop":{"background-color":"var(--ast-global-color-4)","background-image":"","background-repeat":"repeat","background-position":"center center","background-size":"auto","background-attachment":"scroll","background-type":"","background-media":"","overlay-type":"","overlay-color":"","overlay-opacity":"","overlay-gradient":""},"tablet":{"background-color":"","background-image":"","background-repeat":"repeat","background-position":"center center","background-size":"auto","background-attachment":"scroll","background-type":"","background-media":"","overlay-type":"","overlay-color":"","overlay-opacity":"","overlay-gradient":""},"mobile":{"background-color":"","background-image":"","background-repeat":"repeat","background-position":"center center","background-size":"auto","background-attachment":"scroll","background-type":"","background-media":"","overlay-type":"","overlay-color":"","overlay-opacity":"","overlay-gradient":""}},"ast-content-background-meta":{"desktop":{"background-color":"var(--ast-global-color-5)","background-image":"","background-repeat":"repeat","background-position":"center center","background-size":"auto","background-attachment":"scroll","background-type":"","background-media":"","overlay-type":"","overlay-color":"","overlay-opacity":"","overlay-gradient":""},"tablet":{"background-color":"var(--ast-global-color-5)","background-image":"","background-repeat":"repeat","background-position":"center center","background-size":"auto","background-attachment":"scroll","background-type":"","background-media":"","overlay-type":"","overlay-color":"","overlay-opacity":"","overlay-gradient":""},"mobile":{"background-color":"var(--ast-global-color-5)","background-image":"","background-repeat":"repeat","background-position":"center center","background-size":"auto","background-attachment":"scroll","background-type":"","background-media":"","overlay-type":"","overlay-color":"","overlay-opacity":"","overlay-gradient":""}},"footnotes":""},"categories":[29],"tags":[],"class_list":["post-3359","post","type-post","status-publish","format-standard","has-post-thumbnail","hentry","category-portada"],"post_mailing_queue_ids":[],"_links":{"self":[{"href":"https:\/\/serveiseducatius.xtec.cat\/castelldefels\/wp-json\/wp\/v2\/posts\/3359","targetHints":{"allow":["GET"]}}],"collection":[{"href":"https:\/\/serveiseducatius.xtec.cat\/castelldefels\/wp-json\/wp\/v2\/posts"}],"about":[{"href":"https:\/\/serveiseducatius.xtec.cat\/castelldefels\/wp-json\/wp\/v2\/types\/post"}],"author":[{"embeddable":true,"href":"https:\/\/serveiseducatius.xtec.cat\/castelldefels\/wp-json\/wp\/v2\/users\/1"}],"replies":[{"embeddable":true,"href":"https:\/\/serveiseducatius.xtec.cat\/castelldefels\/wp-json\/wp\/v2\/comments?post=3359"}],"version-history":[{"count":2,"href":"https:\/\/serveiseducatius.xtec.cat\/castelldefels\/wp-json\/wp\/v2\/posts\/3359\/revisions"}],"predecessor-version":[{"id":3362,"href":"https:\/\/serveiseducatius.xtec.cat\/castelldefels\/wp-json\/wp\/v2\/posts\/3359\/revisions\/3362"}],"wp:featuredmedia":[{"embeddable":true,"href":"https:\/\/serveiseducatius.xtec.cat\/castelldefels\/wp-json\/wp\/v2\/media\/3360"}],"wp:attachment":[{"href":"https:\/\/serveiseducatius.xtec.cat\/castelldefels\/wp-json\/wp\/v2\/media?parent=3359"}],"wp:term":[{"taxonomy":"category","embeddable":true,"href":"https:\/\/serveiseducatius.xtec.cat\/castelldefels\/wp-json\/wp\/v2\/categories?post=3359"},{"taxonomy":"post_tag","embeddable":true,"href":"https:\/\/serveiseducatius.xtec.cat\/castelldefels\/wp-json\/wp\/v2\/tags?post=3359"}],"curies":[{"name":"wp","href":"https:\/\/api.w.org\/{rel}","templated":true}]}}