{"id":3283,"date":"2018-06-20T09:51:50","date_gmt":"2018-06-20T07:51:50","guid":{"rendered":"http:\/\/serveiseducatius.xtec.cat\/castelldefels\/?p=3283"},"modified":"2018-07-09T13:27:50","modified_gmt":"2018-07-09T11:27:50","slug":"presenacio-del-llibre-dones-i-hom-es-de-castelldefels-amb-historia","status":"publish","type":"post","link":"https:\/\/serveiseducatius.xtec.cat\/castelldefels\/general\/presenacio-del-llibre-dones-i-hom-es-de-castelldefels-amb-historia\/","title":{"rendered":"Presenaci\u00f3 del Llibre: Dones i homes de Castelldefels amb hist\u00f2ria."},"content":{"rendered":"<p style=\"text-align: left;\">El 20 de juny del 2018 al Teatre <span class=\"hiddenSpellError\">Plaza<\/span> de Castelldefels, s&#8217;ha realitzat l&#8217;acte de presentaci\u00f3 del llibre Dones i homes de Castelldefels amb hist\u00f2ria. Ha estat una iniciativa per presentar de forma oficial el llibre realitzat pels alumnes de 5\u00e8 i 6\u00e8 de les escoles participants (Llu\u00eds Vives, els Pins,\u00a0 Can Roca, Jacint Verdaguer,\u00a0 Josep Guinovart, Torre Barona, Margall\u00f3 i Antoni Gaud\u00ed). El projecte \u00e9s una proposta que apropa les nenes i els nens de Castelldefels a la creaci\u00f3 liter\u00e0ria. Els ofereix l&#8217;oportunitat de compartir l&#8217;autoria d&#8217;un llibre col\u00b7lectiu que t\u00e9 com a centre d&#8217;inter\u00e8s la seva ciutat.<\/p>\n<p style=\"text-align: left;\"><a href=\"http:\/\/serveiseducatius.xtec.cat\/castelldefels\/wp-content\/uploads\/usu4\/2018\/06\/article-llibe.png\"><img loading=\"lazy\" decoding=\"async\" class=\"size-medium wp-image-3284 aligncenter\" src=\"http:\/\/serveiseducatius.xtec.cat\/castelldefels\/wp-content\/uploads\/usu4\/2018\/06\/article-llibe-300x158.png\" alt=\"\" width=\"300\" height=\"158\" srcset=\"https:\/\/serveiseducatius.xtec.cat\/castelldefels\/wp-content\/uploads\/usu4\/2018\/06\/article-llibe-300x158.png 300w, https:\/\/serveiseducatius.xtec.cat\/castelldefels\/wp-content\/uploads\/usu4\/2018\/06\/article-llibe.png 765w\" sizes=\"auto, (max-width: 300px) 100vw, 300px\" \/><\/a><br \/>\nL&#8217;acte va comptar amb la pres\u00e8ncia d&#8217;uns convidats molt especials que han estat protagonistes de molts dels esdeveniments que es relaten al llibre i que volien ser testimonis de la celebraci\u00f3 (Val\u00e8ria <span class=\"hiddenSpellError\">Halin\u00e9<\/span>, Armand Bas, Pere March i Blanca Centelles, <span class=\"hiddenSpellError\">Paco<\/span> L\u00f3pez, Josep Guinovart, <span class=\"hiddenSpellError\">\u00c1ngeles<\/span> Arna, <span class=\"hiddenSpellError\">Jacinto<\/span> Horta i Rita Bosch, Concepci\u00f3 Costa i Arcadi Balaguer, Josep Roca, Ramon Esteve i Casals, <span class=\"hiddenSpellError\">Manolo<\/span> Rivera, Jaume el Mentider, Manuel Girona i Isabel) aquests personatges van ser caracteritzats per alumnes, van anar explicant el proc\u00e9s de construcci\u00f3 del llibre, i un cop van acabar van lliurar als assistents un total de 400 exemplar del llibre.<\/p>\n","protected":false},"excerpt":{"rendered":"<p>El 20 de juny del 2018 al Teatre Plaza de Castelldefels, s&#8217;ha realitzat l&#8217;acte de presentaci\u00f3 del llibre Dones i homes de Castelldefels amb hist\u00f2ria. Ha estat una iniciativa per presentar de forma oficial el llibre realitzat pels alumnes de 5\u00e8 i 6\u00e8 de les escoles participants (Llu\u00eds Vives, els Pins,\u00a0 Can Roca, Jacint Verdaguer,\u00a0 [&hellip;]<\/p>\n","protected":false},"author":1,"featured_media":3284,"comment_status":"open","ping_status":"closed","sticky":false,"template":"","format":"standard","meta":{"_bbp_topic_count":0,"_bbp_reply_count":0,"_bbp_total_topic_count":0,"_bbp_total_reply_count":0,"_bbp_voice_count":0,"_bbp_anonymous_reply_count":0,"_bbp_topic_count_hidden":0,"_bbp_reply_count_hidden":0,"_bbp_forum_subforum_count":0,"site-sidebar-layout":"default","site-content-layout":"","ast-site-content-layout":"","site-content-style":"default","site-sidebar-style":"default","ast-global-header-display":"","ast-banner-title-visibility":"","ast-main-header-display":"","ast-hfb-above-header-display":"","ast-hfb-below-header-display":"","ast-hfb-mobile-header-display":"","site-post-title":"","ast-breadcrumbs-content":"","ast-featured-img":"","footer-sml-layout":"","theme-transparent-header-meta":"","adv-header-id-meta":"","stick-header-meta":"","header-above-stick-meta":"","header-main-stick-meta":"","header-below-stick-meta":"","astra-migrate-meta-layouts":"default","ast-page-background-enabled":"default","ast-page-background-meta":{"desktop":{"background-color":"var(--ast-global-color-4)","background-image":"","background-repeat":"repeat","background-position":"center center","background-size":"auto","background-attachment":"scroll","background-type":"","background-media":"","overlay-type":"","overlay-color":"","overlay-opacity":"","overlay-gradient":""},"tablet":{"background-color":"","background-image":"","background-repeat":"repeat","background-position":"center center","background-size":"auto","background-attachment":"scroll","background-type":"","background-media":"","overlay-type":"","overlay-color":"","overlay-opacity":"","overlay-gradient":""},"mobile":{"background-color":"","background-image":"","background-repeat":"repeat","background-position":"center center","background-size":"auto","background-attachment":"scroll","background-type":"","background-media":"","overlay-type":"","overlay-color":"","overlay-opacity":"","overlay-gradient":""}},"ast-content-background-meta":{"desktop":{"background-color":"var(--ast-global-color-5)","background-image":"","background-repeat":"repeat","background-position":"center center","background-size":"auto","background-attachment":"scroll","background-type":"","background-media":"","overlay-type":"","overlay-color":"","overlay-opacity":"","overlay-gradient":""},"tablet":{"background-color":"var(--ast-global-color-5)","background-image":"","background-repeat":"repeat","background-position":"center center","background-size":"auto","background-attachment":"scroll","background-type":"","background-media":"","overlay-type":"","overlay-color":"","overlay-opacity":"","overlay-gradient":""},"mobile":{"background-color":"var(--ast-global-color-5)","background-image":"","background-repeat":"repeat","background-position":"center center","background-size":"auto","background-attachment":"scroll","background-type":"","background-media":"","overlay-type":"","overlay-color":"","overlay-opacity":"","overlay-gradient":""}},"footnotes":""},"categories":[1,29],"tags":[234,178,201,100,232,212,235,233],"class_list":["post-3283","post","type-post","status-publish","format-standard","has-post-thumbnail","hentry","category-general","category-portada","tag-dones-i-homes-de-casteeldefels-amb-historia","tag-experiencies","tag-jornades","tag-lectura","tag-llibre","tag-primaria","tag-projecte-literari","tag-tetre-plaza"],"post_mailing_queue_ids":[],"_links":{"self":[{"href":"https:\/\/serveiseducatius.xtec.cat\/castelldefels\/wp-json\/wp\/v2\/posts\/3283","targetHints":{"allow":["GET"]}}],"collection":[{"href":"https:\/\/serveiseducatius.xtec.cat\/castelldefels\/wp-json\/wp\/v2\/posts"}],"about":[{"href":"https:\/\/serveiseducatius.xtec.cat\/castelldefels\/wp-json\/wp\/v2\/types\/post"}],"author":[{"embeddable":true,"href":"https:\/\/serveiseducatius.xtec.cat\/castelldefels\/wp-json\/wp\/v2\/users\/1"}],"replies":[{"embeddable":true,"href":"https:\/\/serveiseducatius.xtec.cat\/castelldefels\/wp-json\/wp\/v2\/comments?post=3283"}],"version-history":[{"count":3,"href":"https:\/\/serveiseducatius.xtec.cat\/castelldefels\/wp-json\/wp\/v2\/posts\/3283\/revisions"}],"predecessor-version":[{"id":3289,"href":"https:\/\/serveiseducatius.xtec.cat\/castelldefels\/wp-json\/wp\/v2\/posts\/3283\/revisions\/3289"}],"wp:featuredmedia":[{"embeddable":true,"href":"https:\/\/serveiseducatius.xtec.cat\/castelldefels\/wp-json\/wp\/v2\/media\/3284"}],"wp:attachment":[{"href":"https:\/\/serveiseducatius.xtec.cat\/castelldefels\/wp-json\/wp\/v2\/media?parent=3283"}],"wp:term":[{"taxonomy":"category","embeddable":true,"href":"https:\/\/serveiseducatius.xtec.cat\/castelldefels\/wp-json\/wp\/v2\/categories?post=3283"},{"taxonomy":"post_tag","embeddable":true,"href":"https:\/\/serveiseducatius.xtec.cat\/castelldefels\/wp-json\/wp\/v2\/tags?post=3283"}],"curies":[{"name":"wp","href":"https:\/\/api.w.org\/{rel}","templated":true}]}}