{"id":3206,"date":"2018-05-31T10:55:59","date_gmt":"2018-05-31T08:55:59","guid":{"rendered":"http:\/\/serveiseducatius.xtec.cat\/castelldefels\/?p=3206"},"modified":"2018-05-31T10:57:41","modified_gmt":"2018-05-31T08:57:41","slug":"projecte-eslora","status":"publish","type":"post","link":"https:\/\/serveiseducatius.xtec.cat\/castelldefels\/general\/projecte-eslora\/","title":{"rendered":"Projecte Eslora"},"content":{"rendered":"<p>Ahir dia 30 de maig a la Biblioteca Ram\u00f3n Fern\u00e1ndez Jurado va tenir lloc la cloenda del projecte Eslora. Aquest projecte sorgeix com resposta a la necessitat, compartida pels instituts p\u00fablics d&#8217;Educaci\u00f3 Secund\u00e0ria de Castelldefels, d&#8217;aplicar estrat\u00e8gies d&#8217;atenci\u00f3 a l&#8217;alumnat que permetin donar resposta a les seves necessitats educatives per assolir els objectius de l&#8217;etapa, mitjan\u00e7ant una organitzaci\u00f3 de continguts i mat\u00e8ries del curr\u00edculum diferent a l&#8217;establerta amb car\u00e0cter general i una metodologia espec\u00edfica i personalitzada.<\/p>\n<p><a href=\"http:\/\/serveiseducatius.xtec.cat\/castelldefels\/wp-content\/uploads\/usu4\/2018\/05\/eslora1.png\"><img loading=\"lazy\" decoding=\"async\" class=\"wp-image-3217 alignleft\" src=\"http:\/\/serveiseducatius.xtec.cat\/castelldefels\/wp-content\/uploads\/usu4\/2018\/05\/eslora1-300x226.png\" alt=\"\" width=\"315\" height=\"237\" \/><\/a>Felicitats als alumnes, professors\/es, fam\u00edlies, entitats, empreses col\u00b7laboradores per la gran tasca f<a href=\"http:\/\/serveiseducatius.xtec.cat\/castelldefels\/wp-content\/uploads\/usu4\/2018\/05\/Captura-1.png\"><img loading=\"lazy\" decoding=\"async\" class=\"size-medium wp-image-3216 alignleft\" src=\"http:\/\/serveiseducatius.xtec.cat\/castelldefels\/wp-content\/uploads\/usu4\/2018\/05\/Captura-1-300x238.png\" alt=\"\" width=\"300\" height=\"238\" srcset=\"https:\/\/serveiseducatius.xtec.cat\/castelldefels\/wp-content\/uploads\/usu4\/2018\/05\/Captura-1-300x238.png 300w, https:\/\/serveiseducatius.xtec.cat\/castelldefels\/wp-content\/uploads\/usu4\/2018\/05\/Captura-1-768x608.png 768w, https:\/\/serveiseducatius.xtec.cat\/castelldefels\/wp-content\/uploads\/usu4\/2018\/05\/Captura-1-1024x811.png 1024w, https:\/\/serveiseducatius.xtec.cat\/castelldefels\/wp-content\/uploads\/usu4\/2018\/05\/Captura-1.png 1054w\" sizes=\"auto, (max-width: 300px) 100vw, 300px\" \/><\/a>eta.<\/p>\n<p>&nbsp;<\/p>\n","protected":false},"excerpt":{"rendered":"<p>Ahir dia 30 de maig a la Biblioteca Ram\u00f3n Fern\u00e1ndez Jurado va tenir lloc la cloenda del projecte Eslora. Aquest projecte sorgeix com resposta a la necessitat, compartida pels instituts p\u00fablics d&#8217;Educaci\u00f3 Secund\u00e0ria de Castelldefels, d&#8217;aplicar estrat\u00e8gies d&#8217;atenci\u00f3 a l&#8217;alumnat que permetin donar resposta a les seves necessitats educatives per assolir els objectius de l&#8217;etapa, [&hellip;]<\/p>\n","protected":false},"author":1,"featured_media":3217,"comment_status":"open","ping_status":"closed","sticky":false,"template":"","format":"standard","meta":{"_bbp_topic_count":0,"_bbp_reply_count":0,"_bbp_total_topic_count":0,"_bbp_total_reply_count":0,"_bbp_voice_count":0,"_bbp_anonymous_reply_count":0,"_bbp_topic_count_hidden":0,"_bbp_reply_count_hidden":0,"_bbp_forum_subforum_count":0,"site-sidebar-layout":"default","site-content-layout":"","ast-site-content-layout":"","site-content-style":"default","site-sidebar-style":"default","ast-global-header-display":"","ast-banner-title-visibility":"","ast-main-header-display":"","ast-hfb-above-header-display":"","ast-hfb-below-header-display":"","ast-hfb-mobile-header-display":"","site-post-title":"","ast-breadcrumbs-content":"","ast-featured-img":"","footer-sml-layout":"","theme-transparent-header-meta":"","adv-header-id-meta":"","stick-header-meta":"","header-above-stick-meta":"","header-main-stick-meta":"","header-below-stick-meta":"","astra-migrate-meta-layouts":"default","ast-page-background-enabled":"default","ast-page-background-meta":{"desktop":{"background-color":"var(--ast-global-color-4)","background-image":"","background-repeat":"repeat","background-position":"center center","background-size":"auto","background-attachment":"scroll","background-type":"","background-media":"","overlay-type":"","overlay-color":"","overlay-opacity":"","overlay-gradient":""},"tablet":{"background-color":"","background-image":"","background-repeat":"repeat","background-position":"center center","background-size":"auto","background-attachment":"scroll","background-type":"","background-media":"","overlay-type":"","overlay-color":"","overlay-opacity":"","overlay-gradient":""},"mobile":{"background-color":"","background-image":"","background-repeat":"repeat","background-position":"center center","background-size":"auto","background-attachment":"scroll","background-type":"","background-media":"","overlay-type":"","overlay-color":"","overlay-opacity":"","overlay-gradient":""}},"ast-content-background-meta":{"desktop":{"background-color":"var(--ast-global-color-5)","background-image":"","background-repeat":"repeat","background-position":"center center","background-size":"auto","background-attachment":"scroll","background-type":"","background-media":"","overlay-type":"","overlay-color":"","overlay-opacity":"","overlay-gradient":""},"tablet":{"background-color":"var(--ast-global-color-5)","background-image":"","background-repeat":"repeat","background-position":"center center","background-size":"auto","background-attachment":"scroll","background-type":"","background-media":"","overlay-type":"","overlay-color":"","overlay-opacity":"","overlay-gradient":""},"mobile":{"background-color":"var(--ast-global-color-5)","background-image":"","background-repeat":"repeat","background-position":"center center","background-size":"auto","background-attachment":"scroll","background-type":"","background-media":"","overlay-type":"","overlay-color":"","overlay-opacity":"","overlay-gradient":""}},"footnotes":""},"categories":[1,29],"tags":[],"class_list":["post-3206","post","type-post","status-publish","format-standard","has-post-thumbnail","hentry","category-general","category-portada"],"post_mailing_queue_ids":[],"_links":{"self":[{"href":"https:\/\/serveiseducatius.xtec.cat\/castelldefels\/wp-json\/wp\/v2\/posts\/3206","targetHints":{"allow":["GET"]}}],"collection":[{"href":"https:\/\/serveiseducatius.xtec.cat\/castelldefels\/wp-json\/wp\/v2\/posts"}],"about":[{"href":"https:\/\/serveiseducatius.xtec.cat\/castelldefels\/wp-json\/wp\/v2\/types\/post"}],"author":[{"embeddable":true,"href":"https:\/\/serveiseducatius.xtec.cat\/castelldefels\/wp-json\/wp\/v2\/users\/1"}],"replies":[{"embeddable":true,"href":"https:\/\/serveiseducatius.xtec.cat\/castelldefels\/wp-json\/wp\/v2\/comments?post=3206"}],"version-history":[{"count":1,"href":"https:\/\/serveiseducatius.xtec.cat\/castelldefels\/wp-json\/wp\/v2\/posts\/3206\/revisions"}],"predecessor-version":[{"id":3218,"href":"https:\/\/serveiseducatius.xtec.cat\/castelldefels\/wp-json\/wp\/v2\/posts\/3206\/revisions\/3218"}],"wp:featuredmedia":[{"embeddable":true,"href":"https:\/\/serveiseducatius.xtec.cat\/castelldefels\/wp-json\/wp\/v2\/media\/3217"}],"wp:attachment":[{"href":"https:\/\/serveiseducatius.xtec.cat\/castelldefels\/wp-json\/wp\/v2\/media?parent=3206"}],"wp:term":[{"taxonomy":"category","embeddable":true,"href":"https:\/\/serveiseducatius.xtec.cat\/castelldefels\/wp-json\/wp\/v2\/categories?post=3206"},{"taxonomy":"post_tag","embeddable":true,"href":"https:\/\/serveiseducatius.xtec.cat\/castelldefels\/wp-json\/wp\/v2\/tags?post=3206"}],"curies":[{"name":"wp","href":"https:\/\/api.w.org\/{rel}","templated":true}]}}