{"id":3198,"date":"2018-05-31T10:37:23","date_gmt":"2018-05-31T08:37:23","guid":{"rendered":"http:\/\/serveiseducatius.xtec.cat\/castelldefels\/?p=3198"},"modified":"2018-05-31T10:54:21","modified_gmt":"2018-05-31T08:54:21","slug":"contes-collaboratius-anem-a-la-radio-a-gravar-els-nostres-contes","status":"publish","type":"post","link":"https:\/\/serveiseducatius.xtec.cat\/castelldefels\/general\/contes-collaboratius-anem-a-la-radio-a-gravar-els-nostres-contes\/","title":{"rendered":"Contes Col\u00b7laboratius. Anem a la r\u00e0dio a gravar els nostres contes."},"content":{"rendered":"<p>El dimarts 29 de maig es van encetar les gravacions del projecte intercentre de contes col\u00b7laboratius, a la r\u00e0dio de Castelldefels. Un cop estiguin estiguin tot enregistrats \u00a0s&#8217;emetran en el programa <em><strong>O<\/strong><strong><em>n<\/em>es que conten<\/strong>\u00a0.<\/em><\/p>\n<p><a href=\"http:\/\/serveiseducatius.xtec.cat\/castelldefels\/wp-content\/uploads\/usu4\/2018\/05\/\u00a1matge-noticia.png\"><img loading=\"lazy\" decoding=\"async\" class=\"size-medium wp-image-3208 alignleft\" src=\"http:\/\/serveiseducatius.xtec.cat\/castelldefels\/wp-content\/uploads\/usu4\/2018\/05\/\u00a1matge-noticia-300x225.png\" alt=\"\" width=\"300\" height=\"225\" srcset=\"https:\/\/serveiseducatius.xtec.cat\/castelldefels\/wp-content\/uploads\/usu4\/2018\/05\/\u00a1matge-noticia-300x225.png 300w, https:\/\/serveiseducatius.xtec.cat\/castelldefels\/wp-content\/uploads\/usu4\/2018\/05\/\u00a1matge-noticia-200x150.png 200w, https:\/\/serveiseducatius.xtec.cat\/castelldefels\/wp-content\/uploads\/usu4\/2018\/05\/\u00a1matge-noticia.png 502w\" sizes=\"auto, (max-width: 300px) 100vw, 300px\" \/><\/a><\/p>\n<p>Els alumnes dels centres de prim\u00e0ria que han participat han confeccionat els contes en un proc\u00e9s col\u00b7laboratiu \u00a0de composici\u00f3. D&#8217;aquesta manera un centre elabora l&#8217;inici, un altre el nus i un altre el desenlla\u00e7. La organitzaci\u00f3 del treball ha estat la seg\u00fcent:<\/p>\n<div>\n<ul>\n<li><b>Conte 1<\/b> (Un misteri entre llibres): <u>Frangoal (<b>Inici<\/b>)<\/u>, <u>Garigot(<b>Nus<\/b>)<\/u> i <u>Petit-M\u00f3n (<b>Desenlla\u00e7<\/b>)<\/u>.<\/li>\n<li><b>Conte 2 <\/b>(Alien): <u>Llu\u00eds Vives (<b>Inici<\/b>)<\/u><b>,<u> <\/u><\/b><u>Frangoal (<b>Nus<\/b>)<\/u>, <u>Garigot (<b>Desenlla\u00e7<\/b>)<\/u><\/li>\n<li>Gravaci\u00f3<b> conte 3<\/b> (Els problema del Pol)<u>Ins. Va\u00e8ria Halin\u00e9 (<b>Inici-Nus1<\/b>)<\/u> i <u>Ins. J.L. Sert <b>(Nus2-Desenlla\u00e7<\/b>)<\/u>.<\/li>\n<li><b>conte 4<\/b> (Desapareguts):<b> <\/b>I<u>ns Mediterranea (<b>Inici-Nus1<\/b>)<\/u><b> <\/b>i <u>Ins Val\u00e8ria Halin\u00e9 (<b>Nus2-Desenlla\u00e7<\/b>).<\/u><\/li>\n<\/ul>\n<p>Us mantindrem informats del dia de l&#8217;emissi\u00f3.<\/p>\n<\/div>\n<p>&nbsp;<\/p>\n","protected":false},"excerpt":{"rendered":"<p>El dimarts 29 de maig es van encetar les gravacions del projecte intercentre de contes col\u00b7laboratius, a la r\u00e0dio de Castelldefels. Un cop estiguin estiguin tot enregistrats \u00a0s&#8217;emetran en el programa Ones que conten\u00a0. Els alumnes dels centres de prim\u00e0ria que han participat han confeccionat els contes en un proc\u00e9s col\u00b7laboratiu \u00a0de composici\u00f3. D&#8217;aquesta manera [&hellip;]<\/p>\n","protected":false},"author":1,"featured_media":3207,"comment_status":"open","ping_status":"closed","sticky":false,"template":"","format":"standard","meta":{"_bbp_topic_count":0,"_bbp_reply_count":0,"_bbp_total_topic_count":0,"_bbp_total_reply_count":0,"_bbp_voice_count":0,"_bbp_anonymous_reply_count":0,"_bbp_topic_count_hidden":0,"_bbp_reply_count_hidden":0,"_bbp_forum_subforum_count":0,"site-sidebar-layout":"default","site-content-layout":"","ast-site-content-layout":"","site-content-style":"default","site-sidebar-style":"default","ast-global-header-display":"","ast-banner-title-visibility":"","ast-main-header-display":"","ast-hfb-above-header-display":"","ast-hfb-below-header-display":"","ast-hfb-mobile-header-display":"","site-post-title":"","ast-breadcrumbs-content":"","ast-featured-img":"","footer-sml-layout":"","theme-transparent-header-meta":"","adv-header-id-meta":"","stick-header-meta":"","header-above-stick-meta":"","header-main-stick-meta":"","header-below-stick-meta":"","astra-migrate-meta-layouts":"default","ast-page-background-enabled":"default","ast-page-background-meta":{"desktop":{"background-color":"var(--ast-global-color-4)","background-image":"","background-repeat":"repeat","background-position":"center center","background-size":"auto","background-attachment":"scroll","background-type":"","background-media":"","overlay-type":"","overlay-color":"","overlay-opacity":"","overlay-gradient":""},"tablet":{"background-color":"","background-image":"","background-repeat":"repeat","background-position":"center center","background-size":"auto","background-attachment":"scroll","background-type":"","background-media":"","overlay-type":"","overlay-color":"","overlay-opacity":"","overlay-gradient":""},"mobile":{"background-color":"","background-image":"","background-repeat":"repeat","background-position":"center center","background-size":"auto","background-attachment":"scroll","background-type":"","background-media":"","overlay-type":"","overlay-color":"","overlay-opacity":"","overlay-gradient":""}},"ast-content-background-meta":{"desktop":{"background-color":"var(--ast-global-color-5)","background-image":"","background-repeat":"repeat","background-position":"center center","background-size":"auto","background-attachment":"scroll","background-type":"","background-media":"","overlay-type":"","overlay-color":"","overlay-opacity":"","overlay-gradient":""},"tablet":{"background-color":"var(--ast-global-color-5)","background-image":"","background-repeat":"repeat","background-position":"center center","background-size":"auto","background-attachment":"scroll","background-type":"","background-media":"","overlay-type":"","overlay-color":"","overlay-opacity":"","overlay-gradient":""},"mobile":{"background-color":"var(--ast-global-color-5)","background-image":"","background-repeat":"repeat","background-position":"center center","background-size":"auto","background-attachment":"scroll","background-type":"","background-media":"","overlay-type":"","overlay-color":"","overlay-opacity":"","overlay-gradient":""}},"footnotes":""},"categories":[1,29],"tags":[229,178,212,218,155],"class_list":["post-3198","post","type-post","status-publish","format-standard","has-post-thumbnail","hentry","category-general","category-portada","tag-contes-collaboratius","tag-experiencies","tag-primaria","tag-radio-castelldefels","tag-secundaria"],"post_mailing_queue_ids":[],"_links":{"self":[{"href":"https:\/\/serveiseducatius.xtec.cat\/castelldefels\/wp-json\/wp\/v2\/posts\/3198","targetHints":{"allow":["GET"]}}],"collection":[{"href":"https:\/\/serveiseducatius.xtec.cat\/castelldefels\/wp-json\/wp\/v2\/posts"}],"about":[{"href":"https:\/\/serveiseducatius.xtec.cat\/castelldefels\/wp-json\/wp\/v2\/types\/post"}],"author":[{"embeddable":true,"href":"https:\/\/serveiseducatius.xtec.cat\/castelldefels\/wp-json\/wp\/v2\/users\/1"}],"replies":[{"embeddable":true,"href":"https:\/\/serveiseducatius.xtec.cat\/castelldefels\/wp-json\/wp\/v2\/comments?post=3198"}],"version-history":[{"count":3,"href":"https:\/\/serveiseducatius.xtec.cat\/castelldefels\/wp-json\/wp\/v2\/posts\/3198\/revisions"}],"predecessor-version":[{"id":3213,"href":"https:\/\/serveiseducatius.xtec.cat\/castelldefels\/wp-json\/wp\/v2\/posts\/3198\/revisions\/3213"}],"wp:featuredmedia":[{"embeddable":true,"href":"https:\/\/serveiseducatius.xtec.cat\/castelldefels\/wp-json\/wp\/v2\/media\/3207"}],"wp:attachment":[{"href":"https:\/\/serveiseducatius.xtec.cat\/castelldefels\/wp-json\/wp\/v2\/media?parent=3198"}],"wp:term":[{"taxonomy":"category","embeddable":true,"href":"https:\/\/serveiseducatius.xtec.cat\/castelldefels\/wp-json\/wp\/v2\/categories?post=3198"},{"taxonomy":"post_tag","embeddable":true,"href":"https:\/\/serveiseducatius.xtec.cat\/castelldefels\/wp-json\/wp\/v2\/tags?post=3198"}],"curies":[{"name":"wp","href":"https:\/\/api.w.org\/{rel}","templated":true}]}}