{"id":3185,"date":"2018-05-25T10:30:29","date_gmt":"2018-05-25T08:30:29","guid":{"rendered":"http:\/\/serveiseducatius.xtec.cat\/castelldefels\/?p=3185"},"modified":"2018-05-31T10:12:16","modified_gmt":"2018-05-31T08:12:16","slug":"matesdefels-2018","status":"publish","type":"post","link":"https:\/\/serveiseducatius.xtec.cat\/castelldefels\/general\/matesdefels-2018\/","title":{"rendered":"Matesdefels 2018"},"content":{"rendered":"<p>El passat 18 de maig de les 10\u202fh fins a les 13\u202fh a la Universitat Polit\u00e8cnica de Catalunya (UPC) de Castelldefels va tenir lloc la 5a jornada matem\u00e0tica <span class=\"hiddenSpellError\">Matesdefels<\/span>.<\/p>\n<p><span class=\"hiddenSpellError\">Matesdefels<\/span> \u00e9s una trobada matem\u00e0tica organitzada pel <span class=\"hiddenSpellError\">Cente<\/span> de Recursos Pedag\u00f2gics de Castelldefels amb la col\u00b7laboraci\u00f3 de la UPC i l&#8217;Ajuntament de Castelldefels.<\/p>\n<p>A la jornada han participat els alumnes de 6\u00e8 de l&#8217;Escola els Pins, l&#8217;Escola Margall\u00f3 i l&#8217;Escola <span class=\"hiddenSpellError\">Edumar<\/span>, tamb\u00e9 els alumnes <span class=\"hiddenSpellError\">de1r<\/span> d&#8217;ESO de l&#8217;Institut Val\u00e8ria <span class=\"hiddenSpellError\">Halin\u00e9<\/span> i Institut Josep Llu\u00eds <span class=\"hiddenSpellError\">Sert<\/span>. Cada centre participant ha preparat i constru\u00eft pr\u00e8viament un joc que van compartir amb la resta de participants, amb l&#8217;ajut dels seus padrins\/es matem\u00e0tics\/<span class=\"hiddenSpellError\">ques<\/span>, mestres i professors\/es.<\/p>\n","protected":false},"excerpt":{"rendered":"<p>El passat 18 de maig de les 10\u202fh fins a les 13\u202fh a la Universitat Polit\u00e8cnica de Catalunya (UPC) de Castelldefels va tenir lloc la 5a jornada matem\u00e0tica Matesdefels. Matesdefels \u00e9s una trobada matem\u00e0tica organitzada pel Cente de Recursos Pedag\u00f2gics de Castelldefels amb la col\u00b7laboraci\u00f3 de la UPC i l&#8217;Ajuntament de Castelldefels. A la jornada [&hellip;]<\/p>\n","protected":false},"author":1,"featured_media":3187,"comment_status":"open","ping_status":"closed","sticky":false,"template":"","format":"standard","meta":{"_bbp_topic_count":0,"_bbp_reply_count":0,"_bbp_total_topic_count":0,"_bbp_total_reply_count":0,"_bbp_voice_count":0,"_bbp_anonymous_reply_count":0,"_bbp_topic_count_hidden":0,"_bbp_reply_count_hidden":0,"_bbp_forum_subforum_count":0,"site-sidebar-layout":"default","site-content-layout":"","ast-site-content-layout":"","site-content-style":"default","site-sidebar-style":"default","ast-global-header-display":"","ast-banner-title-visibility":"","ast-main-header-display":"","ast-hfb-above-header-display":"","ast-hfb-below-header-display":"","ast-hfb-mobile-header-display":"","site-post-title":"","ast-breadcrumbs-content":"","ast-featured-img":"","footer-sml-layout":"","theme-transparent-header-meta":"","adv-header-id-meta":"","stick-header-meta":"","header-above-stick-meta":"","header-main-stick-meta":"","header-below-stick-meta":"","astra-migrate-meta-layouts":"default","ast-page-background-enabled":"default","ast-page-background-meta":{"desktop":{"background-color":"var(--ast-global-color-4)","background-image":"","background-repeat":"repeat","background-position":"center center","background-size":"auto","background-attachment":"scroll","background-type":"","background-media":"","overlay-type":"","overlay-color":"","overlay-opacity":"","overlay-gradient":""},"tablet":{"background-color":"","background-image":"","background-repeat":"repeat","background-position":"center center","background-size":"auto","background-attachment":"scroll","background-type":"","background-media":"","overlay-type":"","overlay-color":"","overlay-opacity":"","overlay-gradient":""},"mobile":{"background-color":"","background-image":"","background-repeat":"repeat","background-position":"center center","background-size":"auto","background-attachment":"scroll","background-type":"","background-media":"","overlay-type":"","overlay-color":"","overlay-opacity":"","overlay-gradient":""}},"ast-content-background-meta":{"desktop":{"background-color":"var(--ast-global-color-5)","background-image":"","background-repeat":"repeat","background-position":"center center","background-size":"auto","background-attachment":"scroll","background-type":"","background-media":"","overlay-type":"","overlay-color":"","overlay-opacity":"","overlay-gradient":""},"tablet":{"background-color":"var(--ast-global-color-5)","background-image":"","background-repeat":"repeat","background-position":"center center","background-size":"auto","background-attachment":"scroll","background-type":"","background-media":"","overlay-type":"","overlay-color":"","overlay-opacity":"","overlay-gradient":""},"mobile":{"background-color":"var(--ast-global-color-5)","background-image":"","background-repeat":"repeat","background-position":"center center","background-size":"auto","background-attachment":"scroll","background-type":"","background-media":"","overlay-type":"","overlay-color":"","overlay-opacity":"","overlay-gradient":""}},"footnotes":""},"categories":[1,161,29],"tags":[178,169,226,201,216,212,155],"class_list":["post-3185","post","type-post","status-publish","format-standard","has-post-thumbnail","hentry","category-general","category-mates","category-portada","tag-experiencies","tag-gamificacio","tag-joc","tag-jornades","tag-matesdefels","tag-primaria","tag-secundaria"],"post_mailing_queue_ids":[],"_links":{"self":[{"href":"https:\/\/serveiseducatius.xtec.cat\/castelldefels\/wp-json\/wp\/v2\/posts\/3185","targetHints":{"allow":["GET"]}}],"collection":[{"href":"https:\/\/serveiseducatius.xtec.cat\/castelldefels\/wp-json\/wp\/v2\/posts"}],"about":[{"href":"https:\/\/serveiseducatius.xtec.cat\/castelldefels\/wp-json\/wp\/v2\/types\/post"}],"author":[{"embeddable":true,"href":"https:\/\/serveiseducatius.xtec.cat\/castelldefels\/wp-json\/wp\/v2\/users\/1"}],"replies":[{"embeddable":true,"href":"https:\/\/serveiseducatius.xtec.cat\/castelldefels\/wp-json\/wp\/v2\/comments?post=3185"}],"version-history":[{"count":3,"href":"https:\/\/serveiseducatius.xtec.cat\/castelldefels\/wp-json\/wp\/v2\/posts\/3185\/revisions"}],"predecessor-version":[{"id":3205,"href":"https:\/\/serveiseducatius.xtec.cat\/castelldefels\/wp-json\/wp\/v2\/posts\/3185\/revisions\/3205"}],"wp:featuredmedia":[{"embeddable":true,"href":"https:\/\/serveiseducatius.xtec.cat\/castelldefels\/wp-json\/wp\/v2\/media\/3187"}],"wp:attachment":[{"href":"https:\/\/serveiseducatius.xtec.cat\/castelldefels\/wp-json\/wp\/v2\/media?parent=3185"}],"wp:term":[{"taxonomy":"category","embeddable":true,"href":"https:\/\/serveiseducatius.xtec.cat\/castelldefels\/wp-json\/wp\/v2\/categories?post=3185"},{"taxonomy":"post_tag","embeddable":true,"href":"https:\/\/serveiseducatius.xtec.cat\/castelldefels\/wp-json\/wp\/v2\/tags?post=3185"}],"curies":[{"name":"wp","href":"https:\/\/api.w.org\/{rel}","templated":true}]}}