{"id":3113,"date":"2018-01-18T10:57:15","date_gmt":"2018-01-18T09:57:15","guid":{"rendered":"http:\/\/serveiseducatius.xtec.cat\/castelldefels\/?p=3113"},"modified":"2018-01-18T10:58:37","modified_gmt":"2018-01-18T09:58:37","slug":"ii-jornadatacart-en-camps-artistics","status":"publish","type":"post","link":"https:\/\/serveiseducatius.xtec.cat\/castelldefels\/portada\/ii-jornadatacart-en-camps-artistics\/","title":{"rendered":"II JornadaTacArt en camps art\u00edstics"},"content":{"rendered":"<p>Us informem sobre la <b>II Jornada TacArt<\/b> en els camps art\u00edstics \u00a0per si \u00e9s del vostre inter\u00e8s.<\/p>\n<p dir=\"ltr\">L&#8217;objectiu \u00e9s promoure l\u2019\u00fas de les TAC en els camps art\u00edstics per mitj\u00e0 de la difusi\u00f3 d\u2019experi\u00e8ncies realitzades per docents del territori.<\/p>\n<p>Durant aquesta Jornada, es fa difusi\u00f3 de diferents projectes realitzats per docents d\u2019etapes ben diferenciades (des d\u2019Educaci\u00f3 Infantil i Prim\u00e0ria, fins a l\u2019etapa post-obligat\u00f2ria aix\u00ed com centres d\u2019ensenyaments art\u00edstics com escoles de m\u00fasica, dansa i d\u2019altres).<\/p>\n<p dir=\"ltr\">A continuaci\u00f3 trobareu el web de la Jornada i l\u2019enlla\u00e7 al Formulari que hauran d\u2019emplenar els centres interessats no m\u00e9s tard del 28 de gener.<\/p>\n<p dir=\"ltr\"><a href=\"http:\/\/blocs.xtec.cat\/tacart\/\" target=\"_blank\" rel=\"noopener noreferrer\" data-saferedirecturl=\"https:\/\/www.google.com\/url?hl=ca&amp;q=http:\/\/blocs.xtec.cat\/tacart\/&amp;source=gmail&amp;ust=1516355573584000&amp;usg=AFQjCNHHWKlbLPX3V2L6OcTB_qGDxgMD-A\">http:\/\/blocs.xtec.cat\/tacart\/<\/a><\/p>\n<p dir=\"ltr\"><a href=\"http:\/\/blocs.xtec.cat\/tacart\/sollicituds\/\" target=\"_blank\" rel=\"noopener noreferrer\" data-saferedirecturl=\"https:\/\/www.google.com\/url?hl=ca&amp;q=http:\/\/blocs.xtec.cat\/tacart\/sollicituds\/&amp;source=gmail&amp;ust=1516355573584000&amp;usg=AFQjCNE1bnwVlFGnkQkrKEvL9TowqD5_gg\">http:\/\/blocs.xtec.cat\/tacart\/s<wbr \/>ollicituds\/<\/a><\/p>\n<p><a href=\"http:\/\/serveiseducatius.xtec.cat\/castelldefels\/wp-content\/uploads\/usu4\/2018\/01\/TACART.jpg\"><img loading=\"lazy\" decoding=\"async\" class=\"alignnone size-medium wp-image-3114\" src=\"http:\/\/serveiseducatius.xtec.cat\/castelldefels\/wp-content\/uploads\/usu4\/2018\/01\/TACART-300x86.jpg\" alt=\"\" width=\"300\" height=\"86\" srcset=\"https:\/\/serveiseducatius.xtec.cat\/castelldefels\/wp-content\/uploads\/usu4\/2018\/01\/TACART-300x86.jpg 300w, https:\/\/serveiseducatius.xtec.cat\/castelldefels\/wp-content\/uploads\/usu4\/2018\/01\/TACART-768x221.jpg 768w, https:\/\/serveiseducatius.xtec.cat\/castelldefels\/wp-content\/uploads\/usu4\/2018\/01\/TACART.jpg 1000w\" sizes=\"auto, (max-width: 300px) 100vw, 300px\" \/><\/a><\/p>\n","protected":false},"excerpt":{"rendered":"<p>Us informem sobre la II Jornada TacArt en els camps art\u00edstics \u00a0per si \u00e9s del vostre inter\u00e8s. L&#8217;objectiu \u00e9s promoure l\u2019\u00fas de les TAC en els camps art\u00edstics per mitj\u00e0 de la difusi\u00f3 d\u2019experi\u00e8ncies realitzades per docents del territori. Durant aquesta Jornada, es fa difusi\u00f3 de diferents projectes realitzats per docents d\u2019etapes ben diferenciades (des [&hellip;]<\/p>\n","protected":false},"author":1,"featured_media":0,"comment_status":"open","ping_status":"closed","sticky":false,"template":"","format":"standard","meta":{"_bbp_topic_count":0,"_bbp_reply_count":0,"_bbp_total_topic_count":0,"_bbp_total_reply_count":0,"_bbp_voice_count":0,"_bbp_anonymous_reply_count":0,"_bbp_topic_count_hidden":0,"_bbp_reply_count_hidden":0,"_bbp_forum_subforum_count":0,"site-sidebar-layout":"default","site-content-layout":"","ast-site-content-layout":"","site-content-style":"default","site-sidebar-style":"default","ast-global-header-display":"","ast-banner-title-visibility":"","ast-main-header-display":"","ast-hfb-above-header-display":"","ast-hfb-below-header-display":"","ast-hfb-mobile-header-display":"","site-post-title":"","ast-breadcrumbs-content":"","ast-featured-img":"","footer-sml-layout":"","theme-transparent-header-meta":"","adv-header-id-meta":"","stick-header-meta":"","header-above-stick-meta":"","header-main-stick-meta":"","header-below-stick-meta":"","astra-migrate-meta-layouts":"default","ast-page-background-enabled":"default","ast-page-background-meta":{"desktop":{"background-color":"var(--ast-global-color-4)","background-image":"","background-repeat":"repeat","background-position":"center center","background-size":"auto","background-attachment":"scroll","background-type":"","background-media":"","overlay-type":"","overlay-color":"","overlay-opacity":"","overlay-gradient":""},"tablet":{"background-color":"","background-image":"","background-repeat":"repeat","background-position":"center center","background-size":"auto","background-attachment":"scroll","background-type":"","background-media":"","overlay-type":"","overlay-color":"","overlay-opacity":"","overlay-gradient":""},"mobile":{"background-color":"","background-image":"","background-repeat":"repeat","background-position":"center center","background-size":"auto","background-attachment":"scroll","background-type":"","background-media":"","overlay-type":"","overlay-color":"","overlay-opacity":"","overlay-gradient":""}},"ast-content-background-meta":{"desktop":{"background-color":"var(--ast-global-color-5)","background-image":"","background-repeat":"repeat","background-position":"center center","background-size":"auto","background-attachment":"scroll","background-type":"","background-media":"","overlay-type":"","overlay-color":"","overlay-opacity":"","overlay-gradient":""},"tablet":{"background-color":"var(--ast-global-color-5)","background-image":"","background-repeat":"repeat","background-position":"center center","background-size":"auto","background-attachment":"scroll","background-type":"","background-media":"","overlay-type":"","overlay-color":"","overlay-opacity":"","overlay-gradient":""},"mobile":{"background-color":"var(--ast-global-color-5)","background-image":"","background-repeat":"repeat","background-position":"center center","background-size":"auto","background-attachment":"scroll","background-type":"","background-media":"","overlay-type":"","overlay-color":"","overlay-opacity":"","overlay-gradient":""}},"footnotes":""},"categories":[29],"tags":[],"class_list":["post-3113","post","type-post","status-publish","format-standard","hentry","category-portada"],"post_mailing_queue_ids":[],"_links":{"self":[{"href":"https:\/\/serveiseducatius.xtec.cat\/castelldefels\/wp-json\/wp\/v2\/posts\/3113","targetHints":{"allow":["GET"]}}],"collection":[{"href":"https:\/\/serveiseducatius.xtec.cat\/castelldefels\/wp-json\/wp\/v2\/posts"}],"about":[{"href":"https:\/\/serveiseducatius.xtec.cat\/castelldefels\/wp-json\/wp\/v2\/types\/post"}],"author":[{"embeddable":true,"href":"https:\/\/serveiseducatius.xtec.cat\/castelldefels\/wp-json\/wp\/v2\/users\/1"}],"replies":[{"embeddable":true,"href":"https:\/\/serveiseducatius.xtec.cat\/castelldefels\/wp-json\/wp\/v2\/comments?post=3113"}],"version-history":[{"count":1,"href":"https:\/\/serveiseducatius.xtec.cat\/castelldefels\/wp-json\/wp\/v2\/posts\/3113\/revisions"}],"predecessor-version":[{"id":3115,"href":"https:\/\/serveiseducatius.xtec.cat\/castelldefels\/wp-json\/wp\/v2\/posts\/3113\/revisions\/3115"}],"wp:attachment":[{"href":"https:\/\/serveiseducatius.xtec.cat\/castelldefels\/wp-json\/wp\/v2\/media?parent=3113"}],"wp:term":[{"taxonomy":"category","embeddable":true,"href":"https:\/\/serveiseducatius.xtec.cat\/castelldefels\/wp-json\/wp\/v2\/categories?post=3113"},{"taxonomy":"post_tag","embeddable":true,"href":"https:\/\/serveiseducatius.xtec.cat\/castelldefels\/wp-json\/wp\/v2\/tags?post=3113"}],"curies":[{"name":"wp","href":"https:\/\/api.w.org\/{rel}","templated":true}]}}