{"id":3069,"date":"2018-01-16T13:47:07","date_gmt":"2018-01-16T12:47:07","guid":{"rendered":"http:\/\/serveiseducatius.xtec.cat\/castelldefels\/?p=3069"},"modified":"2018-01-16T13:47:07","modified_gmt":"2018-01-16T12:47:07","slug":"ambit-de-valors-socials-i-civicscultura-i-valors","status":"publish","type":"post","link":"https:\/\/serveiseducatius.xtec.cat\/castelldefels\/recursos\/maletes-pedagogiques\/ambit-de-valors-socials-i-civicscultura-i-valors\/","title":{"rendered":"\u00c0mbit de valors socials i c\u00edvics\/cultura i valors"},"content":{"rendered":"<p><a href=\"http:\/\/serveiseducatius.xtec.cat\/castelldefels\/wp-content\/uploads\/usu4\/2018\/01\/valors.png\"><img loading=\"lazy\" decoding=\"async\" class=\"alignnone wp-image-3070\" src=\"http:\/\/serveiseducatius.xtec.cat\/castelldefels\/wp-content\/uploads\/usu4\/2018\/01\/valors-300x170.png\" alt=\"\" width=\"354\" height=\"201\" srcset=\"https:\/\/serveiseducatius.xtec.cat\/castelldefels\/wp-content\/uploads\/usu4\/2018\/01\/valors-300x170.png 300w, https:\/\/serveiseducatius.xtec.cat\/castelldefels\/wp-content\/uploads\/usu4\/2018\/01\/valors.png 465w\" sizes=\"auto, (max-width: 354px) 100vw, 354px\" \/><\/a><\/p>\n<p><strong>L\u2019objectiu<\/strong>\u00a0 \u00e9s donar elements als alumnes perqu\u00e8 siguin capa\u00e7os de viure plenament, de manera responsable i amb felicitat i perqu\u00e8 puguin contribuir al benestar dels qui els envolten.<\/p>\n<p><strong>Les compet\u00e8ncies b\u00e0siques de la mat\u00e8ria de cultura i valors \u00e8tics<\/strong> pretenen desenvolupar en l\u2019alumne un seguit de compet\u00e8ncies personals, interpersonals i socioculturals tot aplegant i vertebrant continguts procedents de l\u2019\u00e8tica, la filosofia i la hist\u00f2ria<\/p>\n<p><strong>Maletes pedag\u00f2giques:<\/strong><\/p>\n<p><a href=\"http:\/\/serveiseducatius.xtec.cat\/castelldefels\/recursos\/maletes-pedagogiques\/convivencia-i-mediacio\/\">Conviv\u00e8ncia i mediaci\u00f3<\/a><\/p>\n<p><a href=\"http:\/\/serveiseducatius.xtec.cat\/castelldefels\/general\/maleta-dels-valors\/\">Valors<\/a><\/p>\n<p><a href=\"http:\/\/serveiseducatius.xtec.cat\/castelldefels\/general\/maleta-intercultural\/\">Interculturalitat<\/a><\/p>\n<p><a href=\"http:\/\/serveiseducatius.xtec.cat\/castelldefels\/crp\/la-mort-i-el-dol\/\">La mort i el dol<\/a><\/p>\n<p><a href=\"http:\/\/serveiseducatius.xtec.cat\/castelldefels\/crp\/sida-saber-ajuda\/\">Sida<\/a><\/p>\n","protected":false},"excerpt":{"rendered":"<p>L\u2019objectiu\u00a0 \u00e9s donar elements als alumnes perqu\u00e8 siguin capa\u00e7os de viure plenament, de manera responsable i amb felicitat i perqu\u00e8 puguin contribuir al benestar dels qui els envolten. Les compet\u00e8ncies b\u00e0siques de la mat\u00e8ria de cultura i valors \u00e8tics pretenen desenvolupar en l\u2019alumne un seguit de compet\u00e8ncies personals, interpersonals i socioculturals tot aplegant i vertebrant [&hellip;]<\/p>\n","protected":false},"author":1,"featured_media":0,"comment_status":"open","ping_status":"closed","sticky":false,"template":"","format":"standard","meta":{"_bbp_topic_count":0,"_bbp_reply_count":0,"_bbp_total_topic_count":0,"_bbp_total_reply_count":0,"_bbp_voice_count":0,"_bbp_anonymous_reply_count":0,"_bbp_topic_count_hidden":0,"_bbp_reply_count_hidden":0,"_bbp_forum_subforum_count":0,"site-sidebar-layout":"default","site-content-layout":"","ast-site-content-layout":"","site-content-style":"default","site-sidebar-style":"default","ast-global-header-display":"","ast-banner-title-visibility":"","ast-main-header-display":"","ast-hfb-above-header-display":"","ast-hfb-below-header-display":"","ast-hfb-mobile-header-display":"","site-post-title":"","ast-breadcrumbs-content":"","ast-featured-img":"","footer-sml-layout":"","theme-transparent-header-meta":"","adv-header-id-meta":"","stick-header-meta":"","header-above-stick-meta":"","header-main-stick-meta":"","header-below-stick-meta":"","astra-migrate-meta-layouts":"default","ast-page-background-enabled":"default","ast-page-background-meta":{"desktop":{"background-color":"var(--ast-global-color-4)","background-image":"","background-repeat":"repeat","background-position":"center center","background-size":"auto","background-attachment":"scroll","background-type":"","background-media":"","overlay-type":"","overlay-color":"","overlay-opacity":"","overlay-gradient":""},"tablet":{"background-color":"","background-image":"","background-repeat":"repeat","background-position":"center center","background-size":"auto","background-attachment":"scroll","background-type":"","background-media":"","overlay-type":"","overlay-color":"","overlay-opacity":"","overlay-gradient":""},"mobile":{"background-color":"","background-image":"","background-repeat":"repeat","background-position":"center center","background-size":"auto","background-attachment":"scroll","background-type":"","background-media":"","overlay-type":"","overlay-color":"","overlay-opacity":"","overlay-gradient":""}},"ast-content-background-meta":{"desktop":{"background-color":"var(--ast-global-color-5)","background-image":"","background-repeat":"repeat","background-position":"center center","background-size":"auto","background-attachment":"scroll","background-type":"","background-media":"","overlay-type":"","overlay-color":"","overlay-opacity":"","overlay-gradient":""},"tablet":{"background-color":"var(--ast-global-color-5)","background-image":"","background-repeat":"repeat","background-position":"center center","background-size":"auto","background-attachment":"scroll","background-type":"","background-media":"","overlay-type":"","overlay-color":"","overlay-opacity":"","overlay-gradient":""},"mobile":{"background-color":"var(--ast-global-color-5)","background-image":"","background-repeat":"repeat","background-position":"center center","background-size":"auto","background-attachment":"scroll","background-type":"","background-media":"","overlay-type":"","overlay-color":"","overlay-opacity":"","overlay-gradient":""}},"footnotes":""},"categories":[82],"tags":[],"class_list":["post-3069","post","type-post","status-publish","format-standard","hentry","category-maletes-pedagogiques"],"post_mailing_queue_ids":[],"_links":{"self":[{"href":"https:\/\/serveiseducatius.xtec.cat\/castelldefels\/wp-json\/wp\/v2\/posts\/3069","targetHints":{"allow":["GET"]}}],"collection":[{"href":"https:\/\/serveiseducatius.xtec.cat\/castelldefels\/wp-json\/wp\/v2\/posts"}],"about":[{"href":"https:\/\/serveiseducatius.xtec.cat\/castelldefels\/wp-json\/wp\/v2\/types\/post"}],"author":[{"embeddable":true,"href":"https:\/\/serveiseducatius.xtec.cat\/castelldefels\/wp-json\/wp\/v2\/users\/1"}],"replies":[{"embeddable":true,"href":"https:\/\/serveiseducatius.xtec.cat\/castelldefels\/wp-json\/wp\/v2\/comments?post=3069"}],"version-history":[{"count":1,"href":"https:\/\/serveiseducatius.xtec.cat\/castelldefels\/wp-json\/wp\/v2\/posts\/3069\/revisions"}],"predecessor-version":[{"id":3071,"href":"https:\/\/serveiseducatius.xtec.cat\/castelldefels\/wp-json\/wp\/v2\/posts\/3069\/revisions\/3071"}],"wp:attachment":[{"href":"https:\/\/serveiseducatius.xtec.cat\/castelldefels\/wp-json\/wp\/v2\/media?parent=3069"}],"wp:term":[{"taxonomy":"category","embeddable":true,"href":"https:\/\/serveiseducatius.xtec.cat\/castelldefels\/wp-json\/wp\/v2\/categories?post=3069"},{"taxonomy":"post_tag","embeddable":true,"href":"https:\/\/serveiseducatius.xtec.cat\/castelldefels\/wp-json\/wp\/v2\/tags?post=3069"}],"curies":[{"name":"wp","href":"https:\/\/api.w.org\/{rel}","templated":true}]}}