{"id":3066,"date":"2018-01-16T13:32:40","date_gmt":"2018-01-16T12:32:40","guid":{"rendered":"http:\/\/serveiseducatius.xtec.cat\/castelldefels\/?p=3066"},"modified":"2018-01-16T13:32:40","modified_gmt":"2018-01-16T12:32:40","slug":"ambit-artistic","status":"publish","type":"post","link":"https:\/\/serveiseducatius.xtec.cat\/castelldefels\/recursos\/maletes-pedagogiques\/ambit-artistic\/","title":{"rendered":"\u00c0mbit art\u00edstic"},"content":{"rendered":"<p><strong>L&#8217;\u00e0mbit art\u00edstic<\/strong> \u00a0inclou l&#8217;\u00e0rea d\u2019educaci\u00f3 art\u00edstica: visual, pl\u00e0stica, m\u00fasica i dansa. L&#8217;educaci\u00f3 art\u00edstica t\u00e9 com objectiu desenvolupar les compet\u00e8ncies perceptives i d&#8217;expressi\u00f3 que permetin als alumnes \u00a0comprendre el seu entorn i els mons art\u00edstics i culturals i adquirir eines per \u00a0comunicar-se amb els llenguatges de les arts. L&#8217;alumne apr\u00e8n a percebre, per\u00f2 tamb\u00e9 \u00a0a produir a partir del coneixement i de la comprensi\u00f3 de si mateix i del seu entorn.<\/p>\n<p><strong>La compet\u00e8ncia art\u00edstica<\/strong> s\u2019ent\u00e9n com l\u2019habilitat per comprendre i fer un \u00fas integrat de la varietat de coneixements que configuren l\u2019art en els contextos socials en qu\u00e8 s\u00f3n necessaris i demanats.<\/p>\n<p><strong>Maletes pedag\u00f2giques:<\/strong><\/p>\n<p><a href=\"http:\/\/serveiseducatius.xtec.cat\/castelldefels\/recursos\/maletes-pedagogiques\/expressart\/\">Expressart<\/a><\/p>\n<p>&nbsp;<\/p>\n","protected":false},"excerpt":{"rendered":"<p>L&#8217;\u00e0mbit art\u00edstic \u00a0inclou l&#8217;\u00e0rea d\u2019educaci\u00f3 art\u00edstica: visual, pl\u00e0stica, m\u00fasica i dansa. L&#8217;educaci\u00f3 art\u00edstica t\u00e9 com objectiu desenvolupar les compet\u00e8ncies perceptives i d&#8217;expressi\u00f3 que permetin als alumnes \u00a0comprendre el seu entorn i els mons art\u00edstics i culturals i adquirir eines per \u00a0comunicar-se amb els llenguatges de les arts. L&#8217;alumne apr\u00e8n a percebre, per\u00f2 tamb\u00e9 \u00a0a produir [&hellip;]<\/p>\n","protected":false},"author":1,"featured_media":0,"comment_status":"open","ping_status":"closed","sticky":false,"template":"","format":"standard","meta":{"_bbp_topic_count":0,"_bbp_reply_count":0,"_bbp_total_topic_count":0,"_bbp_total_reply_count":0,"_bbp_voice_count":0,"_bbp_anonymous_reply_count":0,"_bbp_topic_count_hidden":0,"_bbp_reply_count_hidden":0,"_bbp_forum_subforum_count":0,"site-sidebar-layout":"default","site-content-layout":"","ast-site-content-layout":"","site-content-style":"default","site-sidebar-style":"default","ast-global-header-display":"","ast-banner-title-visibility":"","ast-main-header-display":"","ast-hfb-above-header-display":"","ast-hfb-below-header-display":"","ast-hfb-mobile-header-display":"","site-post-title":"","ast-breadcrumbs-content":"","ast-featured-img":"","footer-sml-layout":"","theme-transparent-header-meta":"","adv-header-id-meta":"","stick-header-meta":"","header-above-stick-meta":"","header-main-stick-meta":"","header-below-stick-meta":"","astra-migrate-meta-layouts":"default","ast-page-background-enabled":"default","ast-page-background-meta":{"desktop":{"background-color":"var(--ast-global-color-4)","background-image":"","background-repeat":"repeat","background-position":"center center","background-size":"auto","background-attachment":"scroll","background-type":"","background-media":"","overlay-type":"","overlay-color":"","overlay-opacity":"","overlay-gradient":""},"tablet":{"background-color":"","background-image":"","background-repeat":"repeat","background-position":"center center","background-size":"auto","background-attachment":"scroll","background-type":"","background-media":"","overlay-type":"","overlay-color":"","overlay-opacity":"","overlay-gradient":""},"mobile":{"background-color":"","background-image":"","background-repeat":"repeat","background-position":"center center","background-size":"auto","background-attachment":"scroll","background-type":"","background-media":"","overlay-type":"","overlay-color":"","overlay-opacity":"","overlay-gradient":""}},"ast-content-background-meta":{"desktop":{"background-color":"var(--ast-global-color-5)","background-image":"","background-repeat":"repeat","background-position":"center center","background-size":"auto","background-attachment":"scroll","background-type":"","background-media":"","overlay-type":"","overlay-color":"","overlay-opacity":"","overlay-gradient":""},"tablet":{"background-color":"var(--ast-global-color-5)","background-image":"","background-repeat":"repeat","background-position":"center center","background-size":"auto","background-attachment":"scroll","background-type":"","background-media":"","overlay-type":"","overlay-color":"","overlay-opacity":"","overlay-gradient":""},"mobile":{"background-color":"var(--ast-global-color-5)","background-image":"","background-repeat":"repeat","background-position":"center center","background-size":"auto","background-attachment":"scroll","background-type":"","background-media":"","overlay-type":"","overlay-color":"","overlay-opacity":"","overlay-gradient":""}},"footnotes":""},"categories":[82],"tags":[],"class_list":["post-3066","post","type-post","status-publish","format-standard","hentry","category-maletes-pedagogiques"],"post_mailing_queue_ids":[],"_links":{"self":[{"href":"https:\/\/serveiseducatius.xtec.cat\/castelldefels\/wp-json\/wp\/v2\/posts\/3066","targetHints":{"allow":["GET"]}}],"collection":[{"href":"https:\/\/serveiseducatius.xtec.cat\/castelldefels\/wp-json\/wp\/v2\/posts"}],"about":[{"href":"https:\/\/serveiseducatius.xtec.cat\/castelldefels\/wp-json\/wp\/v2\/types\/post"}],"author":[{"embeddable":true,"href":"https:\/\/serveiseducatius.xtec.cat\/castelldefels\/wp-json\/wp\/v2\/users\/1"}],"replies":[{"embeddable":true,"href":"https:\/\/serveiseducatius.xtec.cat\/castelldefels\/wp-json\/wp\/v2\/comments?post=3066"}],"version-history":[{"count":1,"href":"https:\/\/serveiseducatius.xtec.cat\/castelldefels\/wp-json\/wp\/v2\/posts\/3066\/revisions"}],"predecessor-version":[{"id":3067,"href":"https:\/\/serveiseducatius.xtec.cat\/castelldefels\/wp-json\/wp\/v2\/posts\/3066\/revisions\/3067"}],"wp:attachment":[{"href":"https:\/\/serveiseducatius.xtec.cat\/castelldefels\/wp-json\/wp\/v2\/media?parent=3066"}],"wp:term":[{"taxonomy":"category","embeddable":true,"href":"https:\/\/serveiseducatius.xtec.cat\/castelldefels\/wp-json\/wp\/v2\/categories?post=3066"},{"taxonomy":"post_tag","embeddable":true,"href":"https:\/\/serveiseducatius.xtec.cat\/castelldefels\/wp-json\/wp\/v2\/tags?post=3066"}],"curies":[{"name":"wp","href":"https:\/\/api.w.org\/{rel}","templated":true}]}}