{"id":2457,"date":"2017-11-10T10:01:22","date_gmt":"2017-11-10T09:01:22","guid":{"rendered":"http:\/\/serveiseducatius.xtec.cat\/castelldefels\/?p=2457"},"modified":"2017-11-10T10:12:37","modified_gmt":"2017-11-10T09:12:37","slug":"xvie-forum-de-treballs-de-recerca","status":"publish","type":"post","link":"https:\/\/serveiseducatius.xtec.cat\/castelldefels\/dinamitzacio\/forum-treballs-de-recerca\/xvie-forum-de-treballs-de-recerca\/","title":{"rendered":"XVI\u00e8 F\u00f2rum de treballs de recerca"},"content":{"rendered":"<p><strong><a href=\"http:\/\/serveiseducatius.xtec.cat\/castelldefels\/wp-content\/uploads\/usu4\/2017\/11\/pngbase6414bbe7abb5659e77.png\"><img loading=\"lazy\" decoding=\"async\" class=\"size-full wp-image-2461 alignright\" src=\"http:\/\/serveiseducatius.xtec.cat\/castelldefels\/wp-content\/uploads\/usu4\/2017\/11\/pngbase6414bbe7abb5659e77.png\" alt=\"\" width=\"131\" height=\"120\" \/><\/a>OBJECTIUS<\/strong><\/p>\n<p>\u009e Potenciar les activitats de recerca realitzades per l\u2019alumnat de batxillerat i cicles formatius.<\/p>\n<p>\u009e Donar a con\u00e8ixer els resultats dels treballs a la comunitat educativa.<\/p>\n<p>\u009e Impulsar les habilitats comunicatives de l\u2019alumnat i valorar el seu esfor\u00e7.<\/p>\n<p>\u009e Oferir suggeriments i idees sobre els treballs de recerca a l\u2019alumnat de cursos posteriors.<\/p>\n<p><strong>CONCRECIONS<\/strong><\/p>\n<p><strong>1.\u00a0 \u00a0Calendari<\/strong><\/p>\n<ul>\n<li><strong>Fins al 21 de febrer: inscripcions i lliurament de la <a href=\"https:\/\/drive.google.com\/file\/d\/1QAdIpGyoz08WXkYJz_iKFOZuJvnmh28Z\/view?usp=sharing\">fitxa resum<\/a><\/strong><\/li>\n<li><strong>Fins al 7 de mar\u00e7: Lliurament treball format PDF <\/strong><\/li>\n<li><strong>Fins al 21 de mar\u00e7: Suport a la presentaci\u00f3 ( PPT \/altres) <\/strong><\/li>\n<li><strong>4 d\u2019abril: Realitzaci\u00f3 del f\u00f2rum a Castelldefels <\/strong><\/li>\n<\/ul>\n<p><strong>2.\u00a0 Participaci\u00f3<\/strong><\/p>\n<ul>\n<li>La inscripci\u00f3 al XVI \u00e8 F\u00f2rum es far\u00e0 a trav\u00e9s del formulari<strong>\u00a0\u00a0 <a href=\"https:\/\/docs.google.com\/forms\/d\/1GjI0jJ5ozpYmEguhyyZaaaD0LBmhiJLxa-ILfIpCek8\/edit?usp=sharing\">Fitxa de participaci\u00f3<\/a><\/strong><\/li>\n<\/ul>\n<p><strong>3.\u00a0\u00a0\u00a0\u00a0\u00a0\u00a0 \u00a0Presentaci\u00f3 dels treballs:<\/strong><\/p>\n<ol>\n<li style=\"list-style-type: none;\">\n<ul>\n<li>Cada centre podr\u00e0 seleccionar un m\u00e0xim de <u>cinc treballs de batxillerat<\/u> (o de batxillerat i de cicles formatius). Dos d\u2019aquests treballs de cada centre seran els exposats el dia de realitzaci\u00f3 del f\u00f2rum.<\/li>\n<li>Els cinc treballs presentats per cada centre seran candidats a presentar-se als premis Edurecerca. La designaci\u00f3 dels treballs que es presentaran a Edurecerca ho decidir\u00e0 un <strong>jurat nomenat pel CRP Castelldefels.<\/strong><\/li>\n<li>Cada fitxa resum inclour\u00e0 dues imatges representatives del contingut del treball en format jpg (300&#215;400) que s\u2019haur\u00e0 de retornar en els terminis establerts a les adreces seg\u00fcents:<\/li>\n<\/ul>\n<\/li>\n<\/ol>\n<p><a href=\"mailto:a8930037@xtec.cat\">a8930037@xtec.cat<\/a>(Castelldefels).<\/p>\n<p><strong>4. Exposici\u00f3 oral el dia de realitzaci\u00f3 del F\u00f2rum:<\/strong><\/p>\n<ul>\n<li>cada alumne\/a ponent exposar\u00e0 una s\u00edntesi del seu treball en un m\u00e0xim de <strong><u>10 minuts.<\/u><\/strong><\/li>\n<li>el suport a les presentacions (presentacions powerpoint, maquetes&#8230;) s\u2019han de portar al corresponent CRP tenint en compte que la data l\u00edmit \u00e9s el 21 de mar\u00e7.<\/li>\n<\/ul>\n<ol start=\"5\">\n<li><strong>Observacions<\/strong><\/li>\n<\/ol>\n<ul>\n<li>Amb les fitxes-resum dels treballs exposats al f\u00f2rum es far\u00e0 una publicaci\u00f3 juntament amb la poblaci\u00f3 de Gav\u00e1- Viladecans<\/li>\n<li>Tot l\u2019alumnat participant haur\u00e0 d\u2019estar presents al final de l\u2019acte per a la recollida de l\u2019obsequi i la fotografia final.<\/li>\n<li>Als tutors i tutores dels treballs se\u2019ls lliurar\u00e0 un document fent constar la seva col\u00b7laboraci\u00f3.<\/li>\n<\/ul>\n<p>Novembre \u00a02017<\/p>\n","protected":false},"excerpt":{"rendered":"<p>OBJECTIUS \u009e Potenciar les activitats de recerca realitzades per l\u2019alumnat de batxillerat i cicles formatius. \u009e Donar a con\u00e8ixer els resultats dels treballs a la comunitat educativa. \u009e Impulsar les habilitats comunicatives de l\u2019alumnat i valorar el seu esfor\u00e7. \u009e Oferir suggeriments i idees sobre els treballs de recerca a l\u2019alumnat de cursos posteriors. CONCRECIONS [&hellip;]<\/p>\n","protected":false},"author":1,"featured_media":2461,"comment_status":"open","ping_status":"closed","sticky":false,"template":"","format":"standard","meta":{"_bbp_topic_count":0,"_bbp_reply_count":0,"_bbp_total_topic_count":0,"_bbp_total_reply_count":0,"_bbp_voice_count":0,"_bbp_anonymous_reply_count":0,"_bbp_topic_count_hidden":0,"_bbp_reply_count_hidden":0,"_bbp_forum_subforum_count":0,"site-sidebar-layout":"default","site-content-layout":"","ast-site-content-layout":"","site-content-style":"default","site-sidebar-style":"default","ast-global-header-display":"","ast-banner-title-visibility":"","ast-main-header-display":"","ast-hfb-above-header-display":"","ast-hfb-below-header-display":"","ast-hfb-mobile-header-display":"","site-post-title":"","ast-breadcrumbs-content":"","ast-featured-img":"","footer-sml-layout":"","theme-transparent-header-meta":"","adv-header-id-meta":"","stick-header-meta":"","header-above-stick-meta":"","header-main-stick-meta":"","header-below-stick-meta":"","astra-migrate-meta-layouts":"default","ast-page-background-enabled":"default","ast-page-background-meta":{"desktop":{"background-color":"var(--ast-global-color-4)","background-image":"","background-repeat":"repeat","background-position":"center center","background-size":"auto","background-attachment":"scroll","background-type":"","background-media":"","overlay-type":"","overlay-color":"","overlay-opacity":"","overlay-gradient":""},"tablet":{"background-color":"","background-image":"","background-repeat":"repeat","background-position":"center center","background-size":"auto","background-attachment":"scroll","background-type":"","background-media":"","overlay-type":"","overlay-color":"","overlay-opacity":"","overlay-gradient":""},"mobile":{"background-color":"","background-image":"","background-repeat":"repeat","background-position":"center center","background-size":"auto","background-attachment":"scroll","background-type":"","background-media":"","overlay-type":"","overlay-color":"","overlay-opacity":"","overlay-gradient":""}},"ast-content-background-meta":{"desktop":{"background-color":"var(--ast-global-color-5)","background-image":"","background-repeat":"repeat","background-position":"center center","background-size":"auto","background-attachment":"scroll","background-type":"","background-media":"","overlay-type":"","overlay-color":"","overlay-opacity":"","overlay-gradient":""},"tablet":{"background-color":"var(--ast-global-color-5)","background-image":"","background-repeat":"repeat","background-position":"center center","background-size":"auto","background-attachment":"scroll","background-type":"","background-media":"","overlay-type":"","overlay-color":"","overlay-opacity":"","overlay-gradient":""},"mobile":{"background-color":"var(--ast-global-color-5)","background-image":"","background-repeat":"repeat","background-position":"center center","background-size":"auto","background-attachment":"scroll","background-type":"","background-media":"","overlay-type":"","overlay-color":"","overlay-opacity":"","overlay-gradient":""}},"footnotes":""},"categories":[70],"tags":[],"class_list":["post-2457","post","type-post","status-publish","format-standard","has-post-thumbnail","hentry","category-forum-treballs-de-recerca"],"post_mailing_queue_ids":[],"_links":{"self":[{"href":"https:\/\/serveiseducatius.xtec.cat\/castelldefels\/wp-json\/wp\/v2\/posts\/2457","targetHints":{"allow":["GET"]}}],"collection":[{"href":"https:\/\/serveiseducatius.xtec.cat\/castelldefels\/wp-json\/wp\/v2\/posts"}],"about":[{"href":"https:\/\/serveiseducatius.xtec.cat\/castelldefels\/wp-json\/wp\/v2\/types\/post"}],"author":[{"embeddable":true,"href":"https:\/\/serveiseducatius.xtec.cat\/castelldefels\/wp-json\/wp\/v2\/users\/1"}],"replies":[{"embeddable":true,"href":"https:\/\/serveiseducatius.xtec.cat\/castelldefels\/wp-json\/wp\/v2\/comments?post=2457"}],"version-history":[{"count":3,"href":"https:\/\/serveiseducatius.xtec.cat\/castelldefels\/wp-json\/wp\/v2\/posts\/2457\/revisions"}],"predecessor-version":[{"id":2463,"href":"https:\/\/serveiseducatius.xtec.cat\/castelldefels\/wp-json\/wp\/v2\/posts\/2457\/revisions\/2463"}],"wp:featuredmedia":[{"embeddable":true,"href":"https:\/\/serveiseducatius.xtec.cat\/castelldefels\/wp-json\/wp\/v2\/media\/2461"}],"wp:attachment":[{"href":"https:\/\/serveiseducatius.xtec.cat\/castelldefels\/wp-json\/wp\/v2\/media?parent=2457"}],"wp:term":[{"taxonomy":"category","embeddable":true,"href":"https:\/\/serveiseducatius.xtec.cat\/castelldefels\/wp-json\/wp\/v2\/categories?post=2457"},{"taxonomy":"post_tag","embeddable":true,"href":"https:\/\/serveiseducatius.xtec.cat\/castelldefels\/wp-json\/wp\/v2\/tags?post=2457"}],"curies":[{"name":"wp","href":"https:\/\/api.w.org\/{rel}","templated":true}]}}