{"id":2383,"date":"2017-11-09T09:00:57","date_gmt":"2017-11-09T08:00:57","guid":{"rendered":"http:\/\/serveiseducatius.xtec.cat\/castelldefels\/?p=2383"},"modified":"2017-11-09T09:44:36","modified_gmt":"2017-11-09T08:44:36","slug":"videoconferencia_-espais-blaus-mes-enlla-del-popular-sol-i-platja","status":"publish","type":"post","link":"https:\/\/serveiseducatius.xtec.cat\/castelldefels\/general\/videoconferencia_-espais-blaus-mes-enlla-del-popular-sol-i-platja\/","title":{"rendered":"Videoconfer\u00e8ncia_ Espais blaus: m\u00e9s enll\u00e0 del popular &#8220;sol i platja&#8221;:"},"content":{"rendered":"<div class=\"gmail_default\">\n<p style=\"text-align: center;\"><span style=\"font-size: small;\">El proper dia\u00a0\u00a0<\/span><b>15 de novembre de 2017<\/b>, a les 11:30 h, en el marc de la Setmana de la Ci\u00e8ncia: La ci\u00e8ncia en primera persona, tindr\u00e0 lloc la\u00a0<b>videoconfer\u00e8ncia<\/b>\u00a0:<\/p>\n<h2><span style=\"font-size: large;\"><i>\u00a0 \u00a0 \u00a0 \u00a0 \u00a0 \u00a0 \u00a0 \u00a0 \u00a0 \u00a0 \u00a0 \u00a0 \u00a0 \u00a0 \u00a0 \u00a0 \u00a0 \u00a0 \u00a0 \u00a0 \u00a0 \u00a0 \u00a0 \u00a0Espais blaus: m\u00e9s enll\u00e0 del popular \u201csol i platja\u201d<\/i><\/span><\/h2>\n<p style=\"text-align: center;\"><em><b>Cristina Vert<\/b>, Llicenciada en Ci\u00e8ncies Ambientals, M\u00e0ster en Salut P\u00fablica i investigadora predoctoral en ci\u00e8ncies biom\u00e8diques a l&#8217;ISGlobal (Institut de Salut Global de Barcelona), dur\u00e0 a terme, a la seu central del Departament d&#8217;Ensenyament, una confer\u00e8ncia destinada a alumnat de 4t d&#8217;ESO i Batxillerat que\u00a0<b>s\u2019emetr\u00e0 en directe per a tots els centres docents de Catalunya<\/b>.\u00a0\u00a0<\/em><\/p>\n<p style=\"text-align: center;\">Teniu m\u00e9s informaci\u00f3 a XTEC<br \/>\n&lt;<a href=\"http:\/\/xtec.gencat.cat\/ca\/centres\/celebracions\/2017\/setmana_ciencia_2017\/\" target=\"_blank\" rel=\"noopener noreferrer\">http:\/\/xtec.gencat.cat\/ca\/cen<wbr \/>tres\/celebracions\/2017\/setmana<wbr \/>_ciencia_2017<\/a>&gt;<\/p>\n<\/div>\n","protected":false},"excerpt":{"rendered":"<p>El proper dia\u00a0\u00a015 de novembre de 2017, a les 11:30 h, en el marc de la Setmana de la Ci\u00e8ncia: La ci\u00e8ncia en primera persona, tindr\u00e0 lloc la\u00a0videoconfer\u00e8ncia\u00a0: \u00a0 \u00a0 \u00a0 \u00a0 \u00a0 \u00a0 \u00a0 \u00a0 \u00a0 \u00a0 \u00a0 \u00a0 \u00a0 \u00a0 \u00a0 \u00a0 \u00a0 \u00a0 \u00a0 \u00a0 \u00a0 \u00a0 \u00a0 \u00a0Espais blaus: m\u00e9s enll\u00e0 [&hellip;]<\/p>\n","protected":false},"author":1,"featured_media":2384,"comment_status":"open","ping_status":"closed","sticky":false,"template":"","format":"standard","meta":{"_bbp_topic_count":0,"_bbp_reply_count":0,"_bbp_total_topic_count":0,"_bbp_total_reply_count":0,"_bbp_voice_count":0,"_bbp_anonymous_reply_count":0,"_bbp_topic_count_hidden":0,"_bbp_reply_count_hidden":0,"_bbp_forum_subforum_count":0,"site-sidebar-layout":"default","site-content-layout":"","ast-site-content-layout":"","site-content-style":"default","site-sidebar-style":"default","ast-global-header-display":"","ast-banner-title-visibility":"","ast-main-header-display":"","ast-hfb-above-header-display":"","ast-hfb-below-header-display":"","ast-hfb-mobile-header-display":"","site-post-title":"","ast-breadcrumbs-content":"","ast-featured-img":"","footer-sml-layout":"","theme-transparent-header-meta":"","adv-header-id-meta":"","stick-header-meta":"","header-above-stick-meta":"","header-main-stick-meta":"","header-below-stick-meta":"","astra-migrate-meta-layouts":"default","ast-page-background-enabled":"default","ast-page-background-meta":{"desktop":{"background-color":"var(--ast-global-color-4)","background-image":"","background-repeat":"repeat","background-position":"center center","background-size":"auto","background-attachment":"scroll","background-type":"","background-media":"","overlay-type":"","overlay-color":"","overlay-opacity":"","overlay-gradient":""},"tablet":{"background-color":"","background-image":"","background-repeat":"repeat","background-position":"center center","background-size":"auto","background-attachment":"scroll","background-type":"","background-media":"","overlay-type":"","overlay-color":"","overlay-opacity":"","overlay-gradient":""},"mobile":{"background-color":"","background-image":"","background-repeat":"repeat","background-position":"center center","background-size":"auto","background-attachment":"scroll","background-type":"","background-media":"","overlay-type":"","overlay-color":"","overlay-opacity":"","overlay-gradient":""}},"ast-content-background-meta":{"desktop":{"background-color":"var(--ast-global-color-5)","background-image":"","background-repeat":"repeat","background-position":"center center","background-size":"auto","background-attachment":"scroll","background-type":"","background-media":"","overlay-type":"","overlay-color":"","overlay-opacity":"","overlay-gradient":""},"tablet":{"background-color":"var(--ast-global-color-5)","background-image":"","background-repeat":"repeat","background-position":"center center","background-size":"auto","background-attachment":"scroll","background-type":"","background-media":"","overlay-type":"","overlay-color":"","overlay-opacity":"","overlay-gradient":""},"mobile":{"background-color":"var(--ast-global-color-5)","background-image":"","background-repeat":"repeat","background-position":"center center","background-size":"auto","background-attachment":"scroll","background-type":"","background-media":"","overlay-type":"","overlay-color":"","overlay-opacity":"","overlay-gradient":""}},"footnotes":""},"categories":[1,29],"tags":[178,174,44],"class_list":["post-2383","post","type-post","status-publish","format-standard","has-post-thumbnail","hentry","category-general","category-portada","tag-experiencies","tag-recursos","tag-xerrades"],"post_mailing_queue_ids":[],"_links":{"self":[{"href":"https:\/\/serveiseducatius.xtec.cat\/castelldefels\/wp-json\/wp\/v2\/posts\/2383","targetHints":{"allow":["GET"]}}],"collection":[{"href":"https:\/\/serveiseducatius.xtec.cat\/castelldefels\/wp-json\/wp\/v2\/posts"}],"about":[{"href":"https:\/\/serveiseducatius.xtec.cat\/castelldefels\/wp-json\/wp\/v2\/types\/post"}],"author":[{"embeddable":true,"href":"https:\/\/serveiseducatius.xtec.cat\/castelldefels\/wp-json\/wp\/v2\/users\/1"}],"replies":[{"embeddable":true,"href":"https:\/\/serveiseducatius.xtec.cat\/castelldefels\/wp-json\/wp\/v2\/comments?post=2383"}],"version-history":[{"count":3,"href":"https:\/\/serveiseducatius.xtec.cat\/castelldefels\/wp-json\/wp\/v2\/posts\/2383\/revisions"}],"predecessor-version":[{"id":2390,"href":"https:\/\/serveiseducatius.xtec.cat\/castelldefels\/wp-json\/wp\/v2\/posts\/2383\/revisions\/2390"}],"wp:featuredmedia":[{"embeddable":true,"href":"https:\/\/serveiseducatius.xtec.cat\/castelldefels\/wp-json\/wp\/v2\/media\/2384"}],"wp:attachment":[{"href":"https:\/\/serveiseducatius.xtec.cat\/castelldefels\/wp-json\/wp\/v2\/media?parent=2383"}],"wp:term":[{"taxonomy":"category","embeddable":true,"href":"https:\/\/serveiseducatius.xtec.cat\/castelldefels\/wp-json\/wp\/v2\/categories?post=2383"},{"taxonomy":"post_tag","embeddable":true,"href":"https:\/\/serveiseducatius.xtec.cat\/castelldefels\/wp-json\/wp\/v2\/tags?post=2383"}],"curies":[{"name":"wp","href":"https:\/\/api.w.org\/{rel}","templated":true}]}}