{"id":2371,"date":"2017-10-30T16:08:18","date_gmt":"2017-10-30T15:08:18","guid":{"rendered":"http:\/\/serveiseducatius.xtec.cat\/castelldefels\/?p=2371"},"modified":"2017-10-30T16:08:18","modified_gmt":"2017-10-30T15:08:18","slug":"programa-internacional-erasmus","status":"publish","type":"post","link":"https:\/\/serveiseducatius.xtec.cat\/castelldefels\/portada\/programa-internacional-erasmus\/","title":{"rendered":"Programa internacional Erasmus +"},"content":{"rendered":"<p>Informaci\u00f3 sobre la convocat\u00f2ria del programa internacional Erasmus+.<\/p>\n<div><u><strong>Acci\u00f3 Clau 1 (KA1) \u2013 Mobilitat de les persones per motius d&#8217;aprenentatge<\/strong><\/u><\/div>\n<div><u>\u00a0<\/u><\/div>\n<div><span class=\"m_-7577278003988999222gmail-m_-3676389705679482377gmail-m_7843866248264478168gmail-m_3419907341543831450m_8192590590218245777gmail-il\">Termini<\/span>: 1<b>\u00a0de febrer de\u00a0<span class=\"m_-7577278003988999222gmail-m_-3676389705679482377gmail-m_7843866248264478168gmail-m_3419907341543831450m_8192590590218245777gmail-il\">2018<\/span>\u00a0a les 12.00 h del migdia\u00a0<\/b>(hora de Brussel\u00b7les)<\/div>\n<div><\/div>\n<div><u><strong>Acci\u00f3 Clau 2 (KA2) &#8211; Cooperaci\u00f3 per a la innovaci\u00f3 \u00a0i l&#8217;intercanvi de bones pr\u00e0ctiques<\/strong><\/u><\/div>\n<div><u>\u00a0<\/u><\/div>\n<div>\u00a0<span class=\"m_-7577278003988999222gmail-m_-3676389705679482377gmail-m_7843866248264478168gmail-m_3419907341543831450m_8192590590218245777gmail-il\">Termini<\/span>:\u00a0<b>21<\/b><b>\u00a0de mar\u00e7 de\u00a0<span class=\"m_-7577278003988999222gmail-m_-3676389705679482377gmail-m_7843866248264478168gmail-m_3419907341543831450m_8192590590218245777gmail-il\">2018<\/span>\u00a0<\/b><b>a les 12.00 h del migdia\u00a0<\/b>(hora de Brussel\u00b7les)<\/div>\n<div><\/div>\n<p><a href=\"http:\/\/xtec.gencat.cat\/ca\/projectes\/projecteinternacionalerasmus\">http:\/\/xtec.gencat.cat\/ca\/projectes\/projecteinternacionalerasmus<\/a><\/p>\n<p>Enlla\u00e7 a la convocat\u00f2ria de propostes 2018:<\/p>\n<p><a href=\"http:\/\/www.sepie.es\/doc\/convocatoria\/2018\/convocatoria_es.pdf\">http:\/\/www.sepie.es\/doc\/convocatoria\/2018\/convocatoria_es.pdf<\/a><\/p>\n<p>Guia del programa:<br \/>\n<a href=\"http:\/\/www.sepie.es\/\">http:\/\/www.sepie.es\/<\/a><\/p>\n<p>&nbsp;<\/p>\n","protected":false},"excerpt":{"rendered":"<p>Informaci\u00f3 sobre la convocat\u00f2ria del programa internacional Erasmus+. Acci\u00f3 Clau 1 (KA1) \u2013 Mobilitat de les persones per motius d&#8217;aprenentatge \u00a0 Termini: 1\u00a0de febrer de\u00a02018\u00a0a les 12.00 h del migdia\u00a0(hora de Brussel\u00b7les) Acci\u00f3 Clau 2 (KA2) &#8211; Cooperaci\u00f3 per a la innovaci\u00f3 \u00a0i l&#8217;intercanvi de bones pr\u00e0ctiques \u00a0 \u00a0Termini:\u00a021\u00a0de mar\u00e7 de\u00a02018\u00a0a les 12.00 h del [&hellip;]<\/p>\n","protected":false},"author":1,"featured_media":0,"comment_status":"open","ping_status":"closed","sticky":false,"template":"","format":"standard","meta":{"_bbp_topic_count":0,"_bbp_reply_count":0,"_bbp_total_topic_count":0,"_bbp_total_reply_count":0,"_bbp_voice_count":0,"_bbp_anonymous_reply_count":0,"_bbp_topic_count_hidden":0,"_bbp_reply_count_hidden":0,"_bbp_forum_subforum_count":0,"site-sidebar-layout":"default","site-content-layout":"","ast-site-content-layout":"","site-content-style":"default","site-sidebar-style":"default","ast-global-header-display":"","ast-banner-title-visibility":"","ast-main-header-display":"","ast-hfb-above-header-display":"","ast-hfb-below-header-display":"","ast-hfb-mobile-header-display":"","site-post-title":"","ast-breadcrumbs-content":"","ast-featured-img":"","footer-sml-layout":"","theme-transparent-header-meta":"","adv-header-id-meta":"","stick-header-meta":"","header-above-stick-meta":"","header-main-stick-meta":"","header-below-stick-meta":"","astra-migrate-meta-layouts":"default","ast-page-background-enabled":"default","ast-page-background-meta":{"desktop":{"background-color":"var(--ast-global-color-4)","background-image":"","background-repeat":"repeat","background-position":"center center","background-size":"auto","background-attachment":"scroll","background-type":"","background-media":"","overlay-type":"","overlay-color":"","overlay-opacity":"","overlay-gradient":""},"tablet":{"background-color":"","background-image":"","background-repeat":"repeat","background-position":"center center","background-size":"auto","background-attachment":"scroll","background-type":"","background-media":"","overlay-type":"","overlay-color":"","overlay-opacity":"","overlay-gradient":""},"mobile":{"background-color":"","background-image":"","background-repeat":"repeat","background-position":"center center","background-size":"auto","background-attachment":"scroll","background-type":"","background-media":"","overlay-type":"","overlay-color":"","overlay-opacity":"","overlay-gradient":""}},"ast-content-background-meta":{"desktop":{"background-color":"var(--ast-global-color-5)","background-image":"","background-repeat":"repeat","background-position":"center center","background-size":"auto","background-attachment":"scroll","background-type":"","background-media":"","overlay-type":"","overlay-color":"","overlay-opacity":"","overlay-gradient":""},"tablet":{"background-color":"var(--ast-global-color-5)","background-image":"","background-repeat":"repeat","background-position":"center center","background-size":"auto","background-attachment":"scroll","background-type":"","background-media":"","overlay-type":"","overlay-color":"","overlay-opacity":"","overlay-gradient":""},"mobile":{"background-color":"var(--ast-global-color-5)","background-image":"","background-repeat":"repeat","background-position":"center center","background-size":"auto","background-attachment":"scroll","background-type":"","background-media":"","overlay-type":"","overlay-color":"","overlay-opacity":"","overlay-gradient":""}},"footnotes":""},"categories":[29],"tags":[],"class_list":["post-2371","post","type-post","status-publish","format-standard","hentry","category-portada"],"post_mailing_queue_ids":[],"_links":{"self":[{"href":"https:\/\/serveiseducatius.xtec.cat\/castelldefels\/wp-json\/wp\/v2\/posts\/2371","targetHints":{"allow":["GET"]}}],"collection":[{"href":"https:\/\/serveiseducatius.xtec.cat\/castelldefels\/wp-json\/wp\/v2\/posts"}],"about":[{"href":"https:\/\/serveiseducatius.xtec.cat\/castelldefels\/wp-json\/wp\/v2\/types\/post"}],"author":[{"embeddable":true,"href":"https:\/\/serveiseducatius.xtec.cat\/castelldefels\/wp-json\/wp\/v2\/users\/1"}],"replies":[{"embeddable":true,"href":"https:\/\/serveiseducatius.xtec.cat\/castelldefels\/wp-json\/wp\/v2\/comments?post=2371"}],"version-history":[{"count":1,"href":"https:\/\/serveiseducatius.xtec.cat\/castelldefels\/wp-json\/wp\/v2\/posts\/2371\/revisions"}],"predecessor-version":[{"id":2372,"href":"https:\/\/serveiseducatius.xtec.cat\/castelldefels\/wp-json\/wp\/v2\/posts\/2371\/revisions\/2372"}],"wp:attachment":[{"href":"https:\/\/serveiseducatius.xtec.cat\/castelldefels\/wp-json\/wp\/v2\/media?parent=2371"}],"wp:term":[{"taxonomy":"category","embeddable":true,"href":"https:\/\/serveiseducatius.xtec.cat\/castelldefels\/wp-json\/wp\/v2\/categories?post=2371"},{"taxonomy":"post_tag","embeddable":true,"href":"https:\/\/serveiseducatius.xtec.cat\/castelldefels\/wp-json\/wp\/v2\/tags?post=2371"}],"curies":[{"name":"wp","href":"https:\/\/api.w.org\/{rel}","templated":true}]}}