{"id":2206,"date":"2017-05-25T13:30:53","date_gmt":"2017-05-25T11:30:53","guid":{"rendered":"http:\/\/serveiseducatius.xtec.cat\/castelldefels\/?p=2206"},"modified":"2017-05-25T13:31:49","modified_gmt":"2017-05-25T11:31:49","slug":"projecte-eslora-2017","status":"publish","type":"post","link":"https:\/\/serveiseducatius.xtec.cat\/castelldefels\/portada\/projecte-eslora-2017\/","title":{"rendered":"Projecte Eslora 2017"},"content":{"rendered":"<p><img loading=\"lazy\" decoding=\"async\" class=\"aligncenter\" src=\"https:\/\/lh3.googleusercontent.com\/VgBmspLCR8UWnZO9jWqrauhUnJUgg0gOc5_w_37g_mdnnVRj9ZROZFPil2RtVd7aq7Jly1fs9ju9ohMXDgtBCP0bKiVxjLiK6yU5i8r9tLPR9JU2JW8wXTXvbiYbXWLFS8waW2ww9ZrfzbeCeFjG12PCnR7oLvtF6IgOzuvk9eDAYtYfR3M520HWOg87AYktnEWtMG3M2FbUYO8xr2FM-64LBQA6CIAJoLWwQrruY0IOsy5pKWErs2HZGx7dCAKCmFAdXXcJIwsb9m4mQ1fHX-61zU25ahp1PDiOge4cWLzdAx908AStkXbaNww-GK2fD6G1iO-WqAwcy4aG5ednBkGOBQLYDDgrda81leExWQl0yUKo1ihouo0DSQV2qBmTLS1Dqo7qdvRxvK6Z6NTUZnlW4EgrEzboN6YyZSX6_5zbzb9r08vWVL2RrQhISxZ9GikZfS-ftKg-j62YDcjXLUPu7QFf-4WmX4vCVTf3Q-xpPNiexIEo-44VoLl-US-NuKS0yBZD9ow06uClFTSrZN_IF-abTN95QWTQKMBoJzQYxZYkqiDwNzEsdcWbX6QRxgUN8muRsm5osWvZUx2rcylDckc6WS9Pl6wG5gH3Qrh149wCWryT=w1161-h765-no\" width=\"361\" height=\"238\" \/><\/p>\n<p style=\"text-align: justify;\">El passat 24 de maig va tenir lloc l&#8217;acte de tancament del Projecte Eslora per aquest\u00a0 curs 2017. El projecte sorgeix com resposta a la necessitat d&#8217;aplicar estrat\u00e8gies d&#8217;atenci\u00f3 a l&#8217;alumnat que permetin donar resposta a les seves necessitats educatives per assolir els objectius de l&#8217;etapa, mitjan\u00e7ant una organitzaci\u00f3 de continguts i mat\u00e8ries del curr\u00edculum diferent a l&#8217;establerta amb car\u00e0cter general i una metodologia espec\u00edfica i personalitzada. <em>Felicitats a tots i totes les participants!!!!<\/em><\/p>\n","protected":false},"excerpt":{"rendered":"<p>El passat 24 de maig va tenir lloc l&#8217;acte de tancament del Projecte Eslora per aquest\u00a0 curs 2017. El projecte sorgeix com resposta a la necessitat d&#8217;aplicar estrat\u00e8gies d&#8217;atenci\u00f3 a l&#8217;alumnat que permetin donar resposta a les seves necessitats educatives per assolir els objectius de l&#8217;etapa, mitjan\u00e7ant una organitzaci\u00f3 de continguts i mat\u00e8ries del curr\u00edculum [&hellip;]<\/p>\n","protected":false},"author":1,"featured_media":0,"comment_status":"open","ping_status":"open","sticky":false,"template":"","format":"standard","meta":{"_bbp_topic_count":0,"_bbp_reply_count":0,"_bbp_total_topic_count":0,"_bbp_total_reply_count":0,"_bbp_voice_count":0,"_bbp_anonymous_reply_count":0,"_bbp_topic_count_hidden":0,"_bbp_reply_count_hidden":0,"_bbp_forum_subforum_count":0,"site-sidebar-layout":"default","site-content-layout":"","ast-site-content-layout":"","site-content-style":"default","site-sidebar-style":"default","ast-global-header-display":"","ast-banner-title-visibility":"","ast-main-header-display":"","ast-hfb-above-header-display":"","ast-hfb-below-header-display":"","ast-hfb-mobile-header-display":"","site-post-title":"","ast-breadcrumbs-content":"","ast-featured-img":"","footer-sml-layout":"","theme-transparent-header-meta":"","adv-header-id-meta":"","stick-header-meta":"","header-above-stick-meta":"","header-main-stick-meta":"","header-below-stick-meta":"","astra-migrate-meta-layouts":"default","ast-page-background-enabled":"default","ast-page-background-meta":{"desktop":{"background-color":"var(--ast-global-color-4)","background-image":"","background-repeat":"repeat","background-position":"center center","background-size":"auto","background-attachment":"scroll","background-type":"","background-media":"","overlay-type":"","overlay-color":"","overlay-opacity":"","overlay-gradient":""},"tablet":{"background-color":"","background-image":"","background-repeat":"repeat","background-position":"center center","background-size":"auto","background-attachment":"scroll","background-type":"","background-media":"","overlay-type":"","overlay-color":"","overlay-opacity":"","overlay-gradient":""},"mobile":{"background-color":"","background-image":"","background-repeat":"repeat","background-position":"center center","background-size":"auto","background-attachment":"scroll","background-type":"","background-media":"","overlay-type":"","overlay-color":"","overlay-opacity":"","overlay-gradient":""}},"ast-content-background-meta":{"desktop":{"background-color":"var(--ast-global-color-5)","background-image":"","background-repeat":"repeat","background-position":"center center","background-size":"auto","background-attachment":"scroll","background-type":"","background-media":"","overlay-type":"","overlay-color":"","overlay-opacity":"","overlay-gradient":""},"tablet":{"background-color":"var(--ast-global-color-5)","background-image":"","background-repeat":"repeat","background-position":"center center","background-size":"auto","background-attachment":"scroll","background-type":"","background-media":"","overlay-type":"","overlay-color":"","overlay-opacity":"","overlay-gradient":""},"mobile":{"background-color":"var(--ast-global-color-5)","background-image":"","background-repeat":"repeat","background-position":"center center","background-size":"auto","background-attachment":"scroll","background-type":"","background-media":"","overlay-type":"","overlay-color":"","overlay-opacity":"","overlay-gradient":""}},"footnotes":""},"categories":[29],"tags":[178],"class_list":["post-2206","post","type-post","status-publish","format-standard","hentry","category-portada","tag-experiencies"],"post_mailing_queue_ids":[],"_links":{"self":[{"href":"https:\/\/serveiseducatius.xtec.cat\/castelldefels\/wp-json\/wp\/v2\/posts\/2206","targetHints":{"allow":["GET"]}}],"collection":[{"href":"https:\/\/serveiseducatius.xtec.cat\/castelldefels\/wp-json\/wp\/v2\/posts"}],"about":[{"href":"https:\/\/serveiseducatius.xtec.cat\/castelldefels\/wp-json\/wp\/v2\/types\/post"}],"author":[{"embeddable":true,"href":"https:\/\/serveiseducatius.xtec.cat\/castelldefels\/wp-json\/wp\/v2\/users\/1"}],"replies":[{"embeddable":true,"href":"https:\/\/serveiseducatius.xtec.cat\/castelldefels\/wp-json\/wp\/v2\/comments?post=2206"}],"version-history":[{"count":2,"href":"https:\/\/serveiseducatius.xtec.cat\/castelldefels\/wp-json\/wp\/v2\/posts\/2206\/revisions"}],"predecessor-version":[{"id":2208,"href":"https:\/\/serveiseducatius.xtec.cat\/castelldefels\/wp-json\/wp\/v2\/posts\/2206\/revisions\/2208"}],"wp:attachment":[{"href":"https:\/\/serveiseducatius.xtec.cat\/castelldefels\/wp-json\/wp\/v2\/media?parent=2206"}],"wp:term":[{"taxonomy":"category","embeddable":true,"href":"https:\/\/serveiseducatius.xtec.cat\/castelldefels\/wp-json\/wp\/v2\/categories?post=2206"},{"taxonomy":"post_tag","embeddable":true,"href":"https:\/\/serveiseducatius.xtec.cat\/castelldefels\/wp-json\/wp\/v2\/tags?post=2206"}],"curies":[{"name":"wp","href":"https:\/\/api.w.org\/{rel}","templated":true}]}}