{"id":2159,"date":"2017-04-28T08:42:01","date_gmt":"2017-04-28T06:42:01","guid":{"rendered":"http:\/\/serveiseducatius.xtec.cat\/castelldefels\/?p=2159"},"modified":"2017-04-28T08:42:54","modified_gmt":"2017-04-28T06:42:54","slug":"constitucio-de-la-xarxa-delta-llobregat-oest","status":"publish","type":"post","link":"https:\/\/serveiseducatius.xtec.cat\/castelldefels\/portada\/constitucio-de-la-xarxa-delta-llobregat-oest\/","title":{"rendered":"Constituci\u00f3 de la Xarxa Delta Llobregat Oest"},"content":{"rendered":"<p style=\"text-align: justify;\"><img loading=\"lazy\" decoding=\"async\" class=\"alignnone\" src=\"http:\/\/serveiseducatius.xtec.cat\/baixllobregat2\/wp-content\/uploads\/usu760\/2017\/04\/IMG_20170427_102040-FILEminimizer-300x225.jpg\" width=\"300\" height=\"225\" \/><\/p>\n<p style=\"text-align: justify;\">El passat dijous 27 d\u2019abril va tenir a lloc a Viladecans la 1a trobada de la <strong>Xarxa Delta Llobregat Oest,<\/strong> sota la coordinaci\u00f3 de Ruth Cebador (T\u00e8cnica de l\u2019Ajuntament de Viladecans) i amb la participaci\u00f3 de professorat representant dels seg\u00fcents centres educatius de la zona establerta:<!--more--><\/p>\n<ul style=\"text-align: justify;\">\n<li><strong>Viladecans<\/strong>:\u00a0Col\u00b7legi Sant Gabriel, Escola \u00c0ngela Roca, Escola Can Palmer, Escola Doctor Trueta, Escola\u00a0Montserratina.<\/li>\n<li><strong>Sant Climent de Llobregat<\/strong>:\u00a0Escola Sant Climent<\/li>\n<li>C<strong>astelldefels:<\/strong>\u00a0Escola Can Roca, Escola Edumar, Escola Els Pins, Escola Margall\u00f3.<\/li>\n<\/ul>\n<p style=\"text-align: justify;\">La constituci\u00f3 de la Xarxa \u00e9s el punt de partida de posteriors trobades dels centres implicats per compartir les seves experi\u00e8ncies i per acordar punts de treball comuns per determinar.<\/p>\n<p style=\"text-align: justify;\">La seg\u00fcent trobada es preveu pel proper <strong>17 de maig a les 17h.<\/strong>\u00a0 i est\u00e0 previst projectar el documental <a href=\"https:\/\/www.facebook.com\/escolanova21\/photos\/gm.252669108473939\/1124980414302435\/?type=3&amp;theater\">\u201cMOST LIKELY TO SUCCEED (VOSE)\u201d<\/a>\u00a0a l\u2019Espai ATRIUM de Viladecans.<\/p>\n","protected":false},"excerpt":{"rendered":"<p>El passat dijous 27 d\u2019abril va tenir a lloc a Viladecans la 1a trobada de la Xarxa Delta Llobregat Oest, sota la coordinaci\u00f3 de Ruth Cebador (T\u00e8cnica de l\u2019Ajuntament de Viladecans) i amb la participaci\u00f3 de professorat representant dels seg\u00fcents centres educatius de la zona establerta:<\/p>\n","protected":false},"author":1,"featured_media":2160,"comment_status":"open","ping_status":"open","sticky":false,"template":"","format":"standard","meta":{"_bbp_topic_count":0,"_bbp_reply_count":0,"_bbp_total_topic_count":0,"_bbp_total_reply_count":0,"_bbp_voice_count":0,"_bbp_anonymous_reply_count":0,"_bbp_topic_count_hidden":0,"_bbp_reply_count_hidden":0,"_bbp_forum_subforum_count":0,"site-sidebar-layout":"default","site-content-layout":"","ast-site-content-layout":"","site-content-style":"default","site-sidebar-style":"default","ast-global-header-display":"","ast-banner-title-visibility":"","ast-main-header-display":"","ast-hfb-above-header-display":"","ast-hfb-below-header-display":"","ast-hfb-mobile-header-display":"","site-post-title":"","ast-breadcrumbs-content":"","ast-featured-img":"","footer-sml-layout":"","theme-transparent-header-meta":"","adv-header-id-meta":"","stick-header-meta":"","header-above-stick-meta":"","header-main-stick-meta":"","header-below-stick-meta":"","astra-migrate-meta-layouts":"default","ast-page-background-enabled":"default","ast-page-background-meta":{"desktop":{"background-color":"var(--ast-global-color-4)","background-image":"","background-repeat":"repeat","background-position":"center center","background-size":"auto","background-attachment":"scroll","background-type":"","background-media":"","overlay-type":"","overlay-color":"","overlay-opacity":"","overlay-gradient":""},"tablet":{"background-color":"","background-image":"","background-repeat":"repeat","background-position":"center center","background-size":"auto","background-attachment":"scroll","background-type":"","background-media":"","overlay-type":"","overlay-color":"","overlay-opacity":"","overlay-gradient":""},"mobile":{"background-color":"","background-image":"","background-repeat":"repeat","background-position":"center center","background-size":"auto","background-attachment":"scroll","background-type":"","background-media":"","overlay-type":"","overlay-color":"","overlay-opacity":"","overlay-gradient":""}},"ast-content-background-meta":{"desktop":{"background-color":"var(--ast-global-color-5)","background-image":"","background-repeat":"repeat","background-position":"center center","background-size":"auto","background-attachment":"scroll","background-type":"","background-media":"","overlay-type":"","overlay-color":"","overlay-opacity":"","overlay-gradient":""},"tablet":{"background-color":"var(--ast-global-color-5)","background-image":"","background-repeat":"repeat","background-position":"center center","background-size":"auto","background-attachment":"scroll","background-type":"","background-media":"","overlay-type":"","overlay-color":"","overlay-opacity":"","overlay-gradient":""},"mobile":{"background-color":"var(--ast-global-color-5)","background-image":"","background-repeat":"repeat","background-position":"center center","background-size":"auto","background-attachment":"scroll","background-type":"","background-media":"","overlay-type":"","overlay-color":"","overlay-opacity":"","overlay-gradient":""}},"footnotes":""},"categories":[65,29],"tags":[],"class_list":["post-2159","post","type-post","status-publish","format-standard","has-post-thumbnail","hentry","category-crp","category-portada"],"post_mailing_queue_ids":[],"_links":{"self":[{"href":"https:\/\/serveiseducatius.xtec.cat\/castelldefels\/wp-json\/wp\/v2\/posts\/2159","targetHints":{"allow":["GET"]}}],"collection":[{"href":"https:\/\/serveiseducatius.xtec.cat\/castelldefels\/wp-json\/wp\/v2\/posts"}],"about":[{"href":"https:\/\/serveiseducatius.xtec.cat\/castelldefels\/wp-json\/wp\/v2\/types\/post"}],"author":[{"embeddable":true,"href":"https:\/\/serveiseducatius.xtec.cat\/castelldefels\/wp-json\/wp\/v2\/users\/1"}],"replies":[{"embeddable":true,"href":"https:\/\/serveiseducatius.xtec.cat\/castelldefels\/wp-json\/wp\/v2\/comments?post=2159"}],"version-history":[{"count":2,"href":"https:\/\/serveiseducatius.xtec.cat\/castelldefels\/wp-json\/wp\/v2\/posts\/2159\/revisions"}],"predecessor-version":[{"id":2162,"href":"https:\/\/serveiseducatius.xtec.cat\/castelldefels\/wp-json\/wp\/v2\/posts\/2159\/revisions\/2162"}],"wp:featuredmedia":[{"embeddable":true,"href":"https:\/\/serveiseducatius.xtec.cat\/castelldefels\/wp-json\/wp\/v2\/media\/2160"}],"wp:attachment":[{"href":"https:\/\/serveiseducatius.xtec.cat\/castelldefels\/wp-json\/wp\/v2\/media?parent=2159"}],"wp:term":[{"taxonomy":"category","embeddable":true,"href":"https:\/\/serveiseducatius.xtec.cat\/castelldefels\/wp-json\/wp\/v2\/categories?post=2159"},{"taxonomy":"post_tag","embeddable":true,"href":"https:\/\/serveiseducatius.xtec.cat\/castelldefels\/wp-json\/wp\/v2\/tags?post=2159"}],"curies":[{"name":"wp","href":"https:\/\/api.w.org\/{rel}","templated":true}]}}