{"id":1922,"date":"2016-11-30T12:28:54","date_gmt":"2016-11-30T11:28:54","guid":{"rendered":"http:\/\/serveiseducatius.xtec.cat\/castelldefels\/?p=1922"},"modified":"2016-12-01T15:28:04","modified_gmt":"2016-12-01T14:28:04","slug":"maleta-intercultural","status":"publish","type":"post","link":"https:\/\/serveiseducatius.xtec.cat\/castelldefels\/general\/maleta-intercultural\/","title":{"rendered":"Maleta intercultural"},"content":{"rendered":"<h4 style=\"text-align: left;\">Llibres<\/h4>\n<p><strong><span style=\"text-decoration: underline;\">Educaci\u00f3 infantil<br \/>\n<\/span><\/strong><\/p>\n<ul>\n<li><strong>Mare, de quin color s\u00f3n els petons?<\/strong> Queralt, Elisenda; \u00a0Pott Carla<\/li>\n<\/ul>\n<p><strong><span style=\"text-decoration: underline;\">Educaci\u00f3 prim\u00e0ria<br \/>\n<\/span><\/strong><\/p>\n<ul>\n<li><strong>El racisme explicat a la meva filla<\/strong>. Jelloun, Tahar Ben<\/li>\n<li><strong>Samir.<\/strong> Oll\u00e9, Maria \u00c0ngels<\/li>\n<li><strong>Els correus de la Samira<\/strong><\/li>\n<li><strong>La Kalume i les seves germanes<\/strong>. Rovira, Bru i Francesc<\/li>\n<li><strong>La fam\u00edlia Kuam\u00e9.<\/strong> Quadern per a llegir, cantar, pintar i fer teatre<\/li>\n<\/ul>\n<p><!--more--><\/p>\n<ul>\n<li><strong>\u00a0Jo s\u00f3c de &#8230;<\/strong>\n<ul>\n<li><strong>B\u00faxara<\/strong>, Jo s\u00f3c del marroc. Oll\u00e9, m. \u00c0ngels<\/li>\n<li><strong>Dana,<\/strong> Jo s\u00f3c dels estats units d\u2019am\u00e8rica. Nicholas, Carole<\/li>\n<li><strong>Erik<\/strong>, Jo s\u00f3c de noruega. \u00a0Cloetta, Anne-Lise<\/li>\n<li><strong>F\u00e1tima Vanessa,<\/strong> Jo s\u00f3c d\u2019El Salvador. Vila, R.; Moroll\u00f3n, M.<\/li>\n<li><strong>Leness\u00fa<\/strong>, Jo s\u00f3c de\u00a0 ben\u00edn. Tom\u00e0s i Guilera, Jordi<\/li>\n<li><strong>Minu<\/strong>, Jo s\u00f3c de l\u2019\u00edndia. Farjas i Bonet, Anna<\/li>\n<li><strong>Takao<\/strong>, Jo s\u00f3c del jap\u00f3. Gasol Trullols, Anna<\/li>\n<\/ul>\n<\/li>\n<li>Jo vinc de &#8230;\n<ul>\n<li><strong>Eneide<\/strong>, jo vinc de Guajar\u00e0-mirim. Opimi Flores, Eneide<\/li>\n<li><strong>Hassan<\/strong>, jo vinc de Nador. Abarkan, Hassan<\/li>\n<li><strong>Nancy<\/strong>, jo vinc de Cochabamba. Arispe Cornejo, Nancy<\/li>\n<li><strong>Shafiq<\/strong>, Jo vinc de Jehlum. Shafiq- Ur-Rehman, Raja<\/li>\n<\/ul>\n<\/li>\n<li><strong>Tot pensat&#8230; Contes<\/strong>. Puig Irene De; S\u00e1tiro, Ang\u00e9lica<\/li>\n<li><strong>Quinzemons. Contes intercultural<\/strong>s. Dur\u00e1n, Teresa<\/li>\n<li><strong>Tots i totes som \u00fanics<\/strong>. Escola Montbaig<\/li>\n<li><strong>Vint-i-quatre receptes d&#8217;arreu.<\/strong> Aixel\u00e0, Daniel; \u00c0via, Jordi [Il\u00b7lustracions]<\/li>\n<\/ul>\n<p><strong><span style=\"text-decoration: underline;\">Educaci\u00f3 secund\u00e0ria<br \/>\n<\/span><\/strong><\/p>\n<ul>\n<li><strong>Fam\u00edlies d\u2019arreu del m\u00f3n<\/strong>. Ommer, Uwe; Fourland, Sophie; Verboud, Pierre<\/li>\n<li><strong>Di\u00e0legs. Els amazic<\/strong><\/li>\n<li><strong>Di\u00e0legs. Els qu\u00edtxua<\/strong><\/li>\n<\/ul>\n<h4 style=\"text-align: left;\"><span id=\"sites-page-title\" dir=\"ltr\" tabindex=\"-1\">Cinema : conviv\u00e8ncia i mediaci\u00f3<\/span><\/h4>\n<p><strong><span style=\"text-decoration: underline;\">Educaci\u00f3 prim\u00e0ria<br \/>\n<\/span><\/strong><\/p>\n<p><strong>EL XACAL MULTICOLOR<\/strong>\u00a0 BCNmultimedia<br \/>\n\u00c9s una s\u00e8rie de dibuixos animats sobre rondalles de pa\u00efsos molt diferents. Els contes, la \u00a0manera d\u2019explicar-los i tamb\u00e9 la manera de dibuixar-los s\u00f3n diferents a cada pa\u00eds, i aquesta \u00a0col\u00b7lecci\u00f3 mostra la riquesa que hi ha en la diversitat d\u2019hist\u00f2ries i de formes que es troben \u00a0arreu del m\u00f3n.<\/p>\n<p><span style=\"text-decoration: underline;\"><strong>Educaci\u00f3 secund\u00e0ria<\/strong><br \/>\n<\/span><\/p>\n<ul>\n<li style=\"text-align: justify;\"><strong>HOTEL RWANDA<\/strong>.\u00a0 La pel\u00b7l\u00edcula explica la hist\u00f2ria real de Paul Rusesabagina, el gerent d&#8217;un hotel a Kigali que va aconseguir salvar, durant la guerra civil al 1994 entre hutus i tutsis, m\u00e9s de 1.200 persones de la massacre donant-los refugi a les seves instal\u00b7lacions. <a href=\"http:\/\/www.amnistiacatalunya.org\/edu\/pelis\/activ\/f-hotelrwanda.html\">Gu\u00eda did\u00e0ctica<\/a> (Amnistia Internacional)<\/li>\n<li style=\"text-align: justify;\"><strong><strong>PROMISES.\u00a0 <\/strong><\/strong><span lang=\"ca\">Els autors parlen amb set nens jueus i palestins, als quals entrevisten sobre diversos aspectes de les seves vides i de la situaci\u00f3 que viuen. Els nens ens expliquen les seves experi\u00e8ncies sobre com \u00e9s cr\u00e9ixer vivint a Jerusalem.<\/span> <a href=\"http:\/\/Aques t doc umen tal ens explica la h ist\u00f2r ia d\u2019 un grup de nen s i nenes pa lest ins i is raelians que viuen ta n sols a vint minut s de dis t\u00e0ncia en tre el ls per \u00f2 que habit en en mons radicalment diferents. Set nens i n enes d\u2019en tre 9 i 13 anys relaten q uines s\u00f3n l es seves exper i\u00e8nc ies i visi ons del confl icte palestin o-israeli\u00e0.\">Gu\u00eda did\u00e0ctica.<\/a><\/li>\n<li><strong>ELS MANAIRONS. <\/strong>DVD amb contes de: Sud-\u00c0frica, la Xina, Alemanya i Catalunya<\/li>\n<li><strong>CD Conts portats pel vent. <\/strong>Aplicaci\u00f3 multim\u00e8dia basada en contes interactius subsaharians<\/li>\n<li><strong>CD El viatge de Kira i Jan<\/strong>. Escolta i canta<\/li>\n<\/ul>\n","protected":false},"excerpt":{"rendered":"<p>Llibres Educaci\u00f3 infantil Mare, de quin color s\u00f3n els petons? Queralt, Elisenda; \u00a0Pott Carla Educaci\u00f3 prim\u00e0ria El racisme explicat a la meva filla. Jelloun, Tahar Ben Samir. Oll\u00e9, Maria \u00c0ngels Els correus de la Samira La Kalume i les seves germanes. Rovira, Bru i Francesc La fam\u00edlia Kuam\u00e9. Quadern per a llegir, cantar, pintar i [&hellip;]<\/p>\n","protected":false},"author":1,"featured_media":543,"comment_status":"open","ping_status":"open","sticky":false,"template":"","format":"standard","meta":{"_bbp_topic_count":0,"_bbp_reply_count":0,"_bbp_total_topic_count":0,"_bbp_total_reply_count":0,"_bbp_voice_count":0,"_bbp_anonymous_reply_count":0,"_bbp_topic_count_hidden":0,"_bbp_reply_count_hidden":0,"_bbp_forum_subforum_count":0,"site-sidebar-layout":"default","site-content-layout":"","ast-site-content-layout":"","site-content-style":"default","site-sidebar-style":"default","ast-global-header-display":"","ast-banner-title-visibility":"","ast-main-header-display":"","ast-hfb-above-header-display":"","ast-hfb-below-header-display":"","ast-hfb-mobile-header-display":"","site-post-title":"","ast-breadcrumbs-content":"","ast-featured-img":"","footer-sml-layout":"","theme-transparent-header-meta":"","adv-header-id-meta":"","stick-header-meta":"","header-above-stick-meta":"","header-main-stick-meta":"","header-below-stick-meta":"","astra-migrate-meta-layouts":"default","ast-page-background-enabled":"default","ast-page-background-meta":{"desktop":{"background-color":"var(--ast-global-color-4)","background-image":"","background-repeat":"repeat","background-position":"center center","background-size":"auto","background-attachment":"scroll","background-type":"","background-media":"","overlay-type":"","overlay-color":"","overlay-opacity":"","overlay-gradient":""},"tablet":{"background-color":"","background-image":"","background-repeat":"repeat","background-position":"center center","background-size":"auto","background-attachment":"scroll","background-type":"","background-media":"","overlay-type":"","overlay-color":"","overlay-opacity":"","overlay-gradient":""},"mobile":{"background-color":"","background-image":"","background-repeat":"repeat","background-position":"center center","background-size":"auto","background-attachment":"scroll","background-type":"","background-media":"","overlay-type":"","overlay-color":"","overlay-opacity":"","overlay-gradient":""}},"ast-content-background-meta":{"desktop":{"background-color":"var(--ast-global-color-5)","background-image":"","background-repeat":"repeat","background-position":"center center","background-size":"auto","background-attachment":"scroll","background-type":"","background-media":"","overlay-type":"","overlay-color":"","overlay-opacity":"","overlay-gradient":""},"tablet":{"background-color":"var(--ast-global-color-5)","background-image":"","background-repeat":"repeat","background-position":"center center","background-size":"auto","background-attachment":"scroll","background-type":"","background-media":"","overlay-type":"","overlay-color":"","overlay-opacity":"","overlay-gradient":""},"mobile":{"background-color":"var(--ast-global-color-5)","background-image":"","background-repeat":"repeat","background-position":"center center","background-size":"auto","background-attachment":"scroll","background-type":"","background-media":"","overlay-type":"","overlay-color":"","overlay-opacity":"","overlay-gradient":""}},"footnotes":""},"categories":[1,82],"tags":[174],"class_list":["post-1922","post","type-post","status-publish","format-standard","has-post-thumbnail","hentry","category-general","category-maletes-pedagogiques","tag-recursos"],"post_mailing_queue_ids":[],"_links":{"self":[{"href":"https:\/\/serveiseducatius.xtec.cat\/castelldefels\/wp-json\/wp\/v2\/posts\/1922","targetHints":{"allow":["GET"]}}],"collection":[{"href":"https:\/\/serveiseducatius.xtec.cat\/castelldefels\/wp-json\/wp\/v2\/posts"}],"about":[{"href":"https:\/\/serveiseducatius.xtec.cat\/castelldefels\/wp-json\/wp\/v2\/types\/post"}],"author":[{"embeddable":true,"href":"https:\/\/serveiseducatius.xtec.cat\/castelldefels\/wp-json\/wp\/v2\/users\/1"}],"replies":[{"embeddable":true,"href":"https:\/\/serveiseducatius.xtec.cat\/castelldefels\/wp-json\/wp\/v2\/comments?post=1922"}],"version-history":[{"count":3,"href":"https:\/\/serveiseducatius.xtec.cat\/castelldefels\/wp-json\/wp\/v2\/posts\/1922\/revisions"}],"predecessor-version":[{"id":1967,"href":"https:\/\/serveiseducatius.xtec.cat\/castelldefels\/wp-json\/wp\/v2\/posts\/1922\/revisions\/1967"}],"wp:featuredmedia":[{"embeddable":true,"href":"https:\/\/serveiseducatius.xtec.cat\/castelldefels\/wp-json\/wp\/v2\/media\/543"}],"wp:attachment":[{"href":"https:\/\/serveiseducatius.xtec.cat\/castelldefels\/wp-json\/wp\/v2\/media?parent=1922"}],"wp:term":[{"taxonomy":"category","embeddable":true,"href":"https:\/\/serveiseducatius.xtec.cat\/castelldefels\/wp-json\/wp\/v2\/categories?post=1922"},{"taxonomy":"post_tag","embeddable":true,"href":"https:\/\/serveiseducatius.xtec.cat\/castelldefels\/wp-json\/wp\/v2\/tags?post=1922"}],"curies":[{"name":"wp","href":"https:\/\/api.w.org\/{rel}","templated":true}]}}