{"id":1905,"date":"2016-11-25T20:49:16","date_gmt":"2016-11-25T19:49:16","guid":{"rendered":"http:\/\/serveiseducatius.xtec.cat\/castelldefels\/?p=1905"},"modified":"2016-11-25T21:01:57","modified_gmt":"2016-11-25T20:01:57","slug":"les-energies-renovables-lalternativa-al-col%c2%b7lapse-dels-recursos-fossils","status":"publish","type":"post","link":"https:\/\/serveiseducatius.xtec.cat\/castelldefels\/portada\/les-energies-renovables-lalternativa-al-col%c2%b7lapse-dels-recursos-fossils\/","title":{"rendered":"Material CESIRE"},"content":{"rendered":"<h5><img loading=\"lazy\" decoding=\"async\" class=\"alignnone\" src=\"http:\/\/agora.xtec.cat\/cesire\/wp-content\/uploads\/usu397\/2016\/11\/PORTADA-FONAMENTACI%C3%93-CIENTIFICOTECNOL%C3%92GICA.png\" width=\"151\" height=\"200\" \/><\/h5>\n<h5 style=\"text-align: justify;\"><strong>Les energies renovables: l&#8217;alternativa al col\u00b7lapse dels recursos f\u00f2ssils<\/strong><\/h5>\n<p style=\"text-align: justify;\">Material did\u00e0ctic amb voluntat de ser una reflexi\u00f3 sobre el proper exhauriment dels combustibles no renovables (petroli, gas, carb\u00f3 i urani), i les conseq\u00fc\u00e8ncies de la seva combusti\u00f3 sobre el sistema clim\u00e0tic de la terra.<\/p>\n<p style=\"text-align: justify;\"><!--more--><\/p>\n<p style=\"text-align: justify;\">Una de les finalitats principals del document \u00e9s plantejar una soluci\u00f3 factible a aquesta situaci\u00f3. Consisteix en la transici\u00f3 global a l\u2019\u00fas de les energies renovables (fotovoltaica, termosolar, e\u00f2lica, hidr\u00e0ulica, etc.).<\/p>\n<p>Est\u00e0 destinat preferentment al professorat de secund\u00e0ria per a que adapti els continguts i les activitats did\u00e0ctiques al seu alumnat.<\/p>\n<p>El document est\u00e0 dividit en tres parts:<\/p>\n<ol>\n<li>Fonamentaci\u00f3 cientificotecnol\u00f2gica<\/li>\n<li>Activitats did\u00e0ctiques<\/li>\n<li>Guia did\u00e0ctica<\/li>\n<\/ol>\n<p style=\"text-align: center;\"><a href=\"https:\/\/agora.xtec.cat\/cesire\/general\/les-energies-renovables-lalternativa-al-col%C2%B7lapse-de-les-energies-fossils\/\" target=\"_blank\">Enlla\u00e7 als materials<\/a><\/p>\n","protected":false},"excerpt":{"rendered":"<p>Les energies renovables: l&#8217;alternativa al col\u00b7lapse dels recursos f\u00f2ssils Material did\u00e0ctic amb voluntat de ser una reflexi\u00f3 sobre el proper exhauriment dels combustibles no renovables (petroli, gas, carb\u00f3 i urani), i les conseq\u00fc\u00e8ncies de la seva combusti\u00f3 sobre el sistema clim\u00e0tic de la terra.<\/p>\n","protected":false},"author":1,"featured_media":1906,"comment_status":"open","ping_status":"open","sticky":false,"template":"","format":"standard","meta":{"_bbp_topic_count":0,"_bbp_reply_count":0,"_bbp_total_topic_count":0,"_bbp_total_reply_count":0,"_bbp_voice_count":0,"_bbp_anonymous_reply_count":0,"_bbp_topic_count_hidden":0,"_bbp_reply_count_hidden":0,"_bbp_forum_subforum_count":0,"site-sidebar-layout":"default","site-content-layout":"","ast-site-content-layout":"","site-content-style":"default","site-sidebar-style":"default","ast-global-header-display":"","ast-banner-title-visibility":"","ast-main-header-display":"","ast-hfb-above-header-display":"","ast-hfb-below-header-display":"","ast-hfb-mobile-header-display":"","site-post-title":"","ast-breadcrumbs-content":"","ast-featured-img":"","footer-sml-layout":"","theme-transparent-header-meta":"","adv-header-id-meta":"","stick-header-meta":"","header-above-stick-meta":"","header-main-stick-meta":"","header-below-stick-meta":"","astra-migrate-meta-layouts":"default","ast-page-background-enabled":"default","ast-page-background-meta":{"desktop":{"background-color":"var(--ast-global-color-4)","background-image":"","background-repeat":"repeat","background-position":"center center","background-size":"auto","background-attachment":"scroll","background-type":"","background-media":"","overlay-type":"","overlay-color":"","overlay-opacity":"","overlay-gradient":""},"tablet":{"background-color":"","background-image":"","background-repeat":"repeat","background-position":"center center","background-size":"auto","background-attachment":"scroll","background-type":"","background-media":"","overlay-type":"","overlay-color":"","overlay-opacity":"","overlay-gradient":""},"mobile":{"background-color":"","background-image":"","background-repeat":"repeat","background-position":"center center","background-size":"auto","background-attachment":"scroll","background-type":"","background-media":"","overlay-type":"","overlay-color":"","overlay-opacity":"","overlay-gradient":""}},"ast-content-background-meta":{"desktop":{"background-color":"var(--ast-global-color-5)","background-image":"","background-repeat":"repeat","background-position":"center center","background-size":"auto","background-attachment":"scroll","background-type":"","background-media":"","overlay-type":"","overlay-color":"","overlay-opacity":"","overlay-gradient":""},"tablet":{"background-color":"var(--ast-global-color-5)","background-image":"","background-repeat":"repeat","background-position":"center center","background-size":"auto","background-attachment":"scroll","background-type":"","background-media":"","overlay-type":"","overlay-color":"","overlay-opacity":"","overlay-gradient":""},"mobile":{"background-color":"var(--ast-global-color-5)","background-image":"","background-repeat":"repeat","background-position":"center center","background-size":"auto","background-attachment":"scroll","background-type":"","background-media":"","overlay-type":"","overlay-color":"","overlay-opacity":"","overlay-gradient":""}},"footnotes":""},"categories":[65,29],"tags":[174],"class_list":["post-1905","post","type-post","status-publish","format-standard","has-post-thumbnail","hentry","category-crp","category-portada","tag-recursos"],"post_mailing_queue_ids":[],"_links":{"self":[{"href":"https:\/\/serveiseducatius.xtec.cat\/castelldefels\/wp-json\/wp\/v2\/posts\/1905","targetHints":{"allow":["GET"]}}],"collection":[{"href":"https:\/\/serveiseducatius.xtec.cat\/castelldefels\/wp-json\/wp\/v2\/posts"}],"about":[{"href":"https:\/\/serveiseducatius.xtec.cat\/castelldefels\/wp-json\/wp\/v2\/types\/post"}],"author":[{"embeddable":true,"href":"https:\/\/serveiseducatius.xtec.cat\/castelldefels\/wp-json\/wp\/v2\/users\/1"}],"replies":[{"embeddable":true,"href":"https:\/\/serveiseducatius.xtec.cat\/castelldefels\/wp-json\/wp\/v2\/comments?post=1905"}],"version-history":[{"count":4,"href":"https:\/\/serveiseducatius.xtec.cat\/castelldefels\/wp-json\/wp\/v2\/posts\/1905\/revisions"}],"predecessor-version":[{"id":1914,"href":"https:\/\/serveiseducatius.xtec.cat\/castelldefels\/wp-json\/wp\/v2\/posts\/1905\/revisions\/1914"}],"wp:featuredmedia":[{"embeddable":true,"href":"https:\/\/serveiseducatius.xtec.cat\/castelldefels\/wp-json\/wp\/v2\/media\/1906"}],"wp:attachment":[{"href":"https:\/\/serveiseducatius.xtec.cat\/castelldefels\/wp-json\/wp\/v2\/media?parent=1905"}],"wp:term":[{"taxonomy":"category","embeddable":true,"href":"https:\/\/serveiseducatius.xtec.cat\/castelldefels\/wp-json\/wp\/v2\/categories?post=1905"},{"taxonomy":"post_tag","embeddable":true,"href":"https:\/\/serveiseducatius.xtec.cat\/castelldefels\/wp-json\/wp\/v2\/tags?post=1905"}],"curies":[{"name":"wp","href":"https:\/\/api.w.org\/{rel}","templated":true}]}}