{"id":1540,"date":"2016-02-04T12:39:45","date_gmt":"2016-02-04T11:39:45","guid":{"rendered":"http:\/\/serveiseducatius.xtec.cat\/se-castelldefels\/?p=1540"},"modified":"2016-02-04T12:39:45","modified_gmt":"2016-02-04T11:39:45","slug":"orientacio-a-la-xtec","status":"publish","type":"post","link":"https:\/\/serveiseducatius.xtec.cat\/castelldefels\/dinamitzacio\/orientacio\/orientacio-a-la-xtec\/","title":{"rendered":"Orientaci\u00f3  a la Xtec"},"content":{"rendered":"<div class=\"basic_text col-xs-12 pd-30 off-margin-bottom pd-15\"><\/div>\n<div class=\"basic_text_peq col-xs-12\">\n<div class=\"pd-15x\">\n<p><a href=\"http:\/\/serveiseducatius.xtec.cat\/se-castelldefels\/wp-content\/uploads\/usu4\/2014\/09\/bulling.png\"><img loading=\"lazy\" decoding=\"async\" class=\"alignnone size-full wp-image-362\" src=\"http:\/\/serveiseducatius.xtec.cat\/se-castelldefels\/wp-content\/uploads\/usu4\/2014\/09\/bulling.png\" alt=\"bulling\" width=\"658\" height=\"361\" srcset=\"https:\/\/serveiseducatius.xtec.cat\/castelldefels\/wp-content\/uploads\/usu4\/2014\/09\/bulling.png 658w, https:\/\/serveiseducatius.xtec.cat\/castelldefels\/wp-content\/uploads\/usu4\/2014\/09\/bulling-300x165.png 300w\" sizes=\"auto, (max-width: 658px) 100vw, 658px\" \/><\/a><\/p>\n<p>L&#8217;orientaci\u00f3 acad\u00e8mica i professional forma part de l&#8217;acci\u00f3 educativa orientadora i t\u00e9 la finalitat de concretar al final de l&#8217;etapa educativa la presa de decisions de l&#8217;alumnat. El Document Orientador del cada alumne ha d&#8217;incloure tamb\u00e9 la presa de decisions de cada alumne del centre.<\/p>\n<p><a href=\"http:\/\/L'orientaci\u00f3 acad\u00e8mica i professional forma part de l'acci\u00f3 educativa orientadora i t\u00e9 la finalitat de concretar al final de l'etapa educativa la presa de decisions de l'alumnat. El Document Orientador del cada alumne ha d'incloure tamb\u00e9 la presa de decisions de cada alumne del centre.\" target=\"_blank\">Enlla\u00e7 a la p\u00e0gina de la XTEC<\/a><\/p>\n<\/div>\n<\/div>\n","protected":false},"excerpt":{"rendered":"<p>L&#8217;orientaci\u00f3 acad\u00e8mica i professional forma part de l&#8217;acci\u00f3 educativa orientadora i t\u00e9 la finalitat de concretar al final de l&#8217;etapa educativa la presa de decisions de l&#8217;alumnat. El Document Orientador del cada alumne ha d&#8217;incloure tamb\u00e9 la presa de decisions de cada alumne del centre. Enlla\u00e7 a la p\u00e0gina de la XTEC<\/p>\n","protected":false},"author":1,"featured_media":0,"comment_status":"open","ping_status":"open","sticky":false,"template":"","format":"standard","meta":{"_bbp_topic_count":0,"_bbp_reply_count":0,"_bbp_total_topic_count":0,"_bbp_total_reply_count":0,"_bbp_voice_count":0,"_bbp_anonymous_reply_count":0,"_bbp_topic_count_hidden":0,"_bbp_reply_count_hidden":0,"_bbp_forum_subforum_count":0,"site-sidebar-layout":"default","site-content-layout":"","ast-site-content-layout":"","site-content-style":"default","site-sidebar-style":"default","ast-global-header-display":"","ast-banner-title-visibility":"","ast-main-header-display":"","ast-hfb-above-header-display":"","ast-hfb-below-header-display":"","ast-hfb-mobile-header-display":"","site-post-title":"","ast-breadcrumbs-content":"","ast-featured-img":"","footer-sml-layout":"","theme-transparent-header-meta":"","adv-header-id-meta":"","stick-header-meta":"","header-above-stick-meta":"","header-main-stick-meta":"","header-below-stick-meta":"","astra-migrate-meta-layouts":"default","ast-page-background-enabled":"default","ast-page-background-meta":{"desktop":{"background-color":"var(--ast-global-color-4)","background-image":"","background-repeat":"repeat","background-position":"center center","background-size":"auto","background-attachment":"scroll","background-type":"","background-media":"","overlay-type":"","overlay-color":"","overlay-opacity":"","overlay-gradient":""},"tablet":{"background-color":"","background-image":"","background-repeat":"repeat","background-position":"center center","background-size":"auto","background-attachment":"scroll","background-type":"","background-media":"","overlay-type":"","overlay-color":"","overlay-opacity":"","overlay-gradient":""},"mobile":{"background-color":"","background-image":"","background-repeat":"repeat","background-position":"center center","background-size":"auto","background-attachment":"scroll","background-type":"","background-media":"","overlay-type":"","overlay-color":"","overlay-opacity":"","overlay-gradient":""}},"ast-content-background-meta":{"desktop":{"background-color":"var(--ast-global-color-5)","background-image":"","background-repeat":"repeat","background-position":"center center","background-size":"auto","background-attachment":"scroll","background-type":"","background-media":"","overlay-type":"","overlay-color":"","overlay-opacity":"","overlay-gradient":""},"tablet":{"background-color":"var(--ast-global-color-5)","background-image":"","background-repeat":"repeat","background-position":"center center","background-size":"auto","background-attachment":"scroll","background-type":"","background-media":"","overlay-type":"","overlay-color":"","overlay-opacity":"","overlay-gradient":""},"mobile":{"background-color":"var(--ast-global-color-5)","background-image":"","background-repeat":"repeat","background-position":"center center","background-size":"auto","background-attachment":"scroll","background-type":"","background-media":"","overlay-type":"","overlay-color":"","overlay-opacity":"","overlay-gradient":""}},"footnotes":""},"categories":[163],"tags":[168],"class_list":["post-1540","post","type-post","status-publish","format-standard","hentry","category-orientacio","tag-orientacio"],"post_mailing_queue_ids":[],"_links":{"self":[{"href":"https:\/\/serveiseducatius.xtec.cat\/castelldefels\/wp-json\/wp\/v2\/posts\/1540","targetHints":{"allow":["GET"]}}],"collection":[{"href":"https:\/\/serveiseducatius.xtec.cat\/castelldefels\/wp-json\/wp\/v2\/posts"}],"about":[{"href":"https:\/\/serveiseducatius.xtec.cat\/castelldefels\/wp-json\/wp\/v2\/types\/post"}],"author":[{"embeddable":true,"href":"https:\/\/serveiseducatius.xtec.cat\/castelldefels\/wp-json\/wp\/v2\/users\/1"}],"replies":[{"embeddable":true,"href":"https:\/\/serveiseducatius.xtec.cat\/castelldefels\/wp-json\/wp\/v2\/comments?post=1540"}],"version-history":[{"count":1,"href":"https:\/\/serveiseducatius.xtec.cat\/castelldefels\/wp-json\/wp\/v2\/posts\/1540\/revisions"}],"predecessor-version":[{"id":1541,"href":"https:\/\/serveiseducatius.xtec.cat\/castelldefels\/wp-json\/wp\/v2\/posts\/1540\/revisions\/1541"}],"wp:attachment":[{"href":"https:\/\/serveiseducatius.xtec.cat\/castelldefels\/wp-json\/wp\/v2\/media?parent=1540"}],"wp:term":[{"taxonomy":"category","embeddable":true,"href":"https:\/\/serveiseducatius.xtec.cat\/castelldefels\/wp-json\/wp\/v2\/categories?post=1540"},{"taxonomy":"post_tag","embeddable":true,"href":"https:\/\/serveiseducatius.xtec.cat\/castelldefels\/wp-json\/wp\/v2\/tags?post=1540"}],"curies":[{"name":"wp","href":"https:\/\/api.w.org\/{rel}","templated":true}]}}