{"id":21259,"date":"2026-04-28T15:59:50","date_gmt":"2026-04-28T13:59:50","guid":{"rendered":"https:\/\/serveiseducatius.xtec.cat\/bergueda\/?p=21259"},"modified":"2026-04-28T16:17:25","modified_gmt":"2026-04-28T14:17:25","slug":"iii-trobada-de-danses-tradicionals-auladansa","status":"publish","type":"post","link":"https:\/\/serveiseducatius.xtec.cat\/bergueda\/portada\/iii-trobada-de-danses-tradicionals-auladansa\/","title":{"rendered":"III Trobada de danses tradicionals (Auladansa)"},"content":{"rendered":"\n<figure class=\"wp-block-image alignleft size-full is-resized\"><a href=\"https:\/\/serveiseducatius.xtec.cat\/bergueda\/wp-content\/uploads\/usu878\/2026\/04\/auladansa.jpg\"><img loading=\"lazy\" decoding=\"async\" width=\"507\" height=\"724\" src=\"https:\/\/serveiseducatius.xtec.cat\/bergueda\/wp-content\/uploads\/usu878\/2026\/04\/auladansa.jpg\" alt=\"\" class=\"wp-image-21260\" style=\"width:425px;height:auto\" srcset=\"https:\/\/serveiseducatius.xtec.cat\/bergueda\/wp-content\/uploads\/usu878\/2026\/04\/auladansa.jpg 507w, https:\/\/serveiseducatius.xtec.cat\/bergueda\/wp-content\/uploads\/usu878\/2026\/04\/auladansa-210x300.jpg 210w\" sizes=\"auto, (max-width: 507px) 100vw, 507px\" \/><\/a><\/figure>\n\n\n\n<p>Per tercer any consecutiu, les escoles de l&#8217;Alt Bergued\u00e0 s&#8217;han unit de nou per participar a la jornada de danses tradicionals a Bag\u00e0. Com cada any, els i les mestres dels centres que van fer la formaci\u00f3 amb l&#8217;\u00c8lia Pons i la Laura Guitart, membres de l&#8217;esbart Cad\u00ed, van ensenyar una dansa popular a l&#8217;alumnat de cada cicle: <\/p>\n\n\n\n<ul class=\"wp-block-list\">\n<li>la dansa de la Fia-faia a Educaci\u00f3 Infantil<\/li>\n\n\n\n<li>el Patatuf a Cicle Inicial<\/li>\n\n\n\n<li>la dansa del nans vells a Cicle Mitj\u00e0 <\/li>\n\n\n\n<li>el ball de bastons del Malp\u00e0s a Cicle Superior.<\/li>\n<\/ul>\n\n\n\n<p>Tot i que l&#8217;activitat comen\u00e7a dins de les aules, aquell dia s&#8217;omplen els espais amb tota la canalla de les escoles ballant tot junts les danses apreses acompanyats per la m\u00fasica de la companyia Berguedana de Folk Total. <\/p>\n\n\n\n<p>Per finalitzar la vetllada, res millor que una ballada conjunta de mestres i alumnes al voltant del pati per acomiadar-nos fins l&#8217;any seg\u00fcent.<\/p>\n\n\n\n<p><strong>Quina \u00e9s la motivaci\u00f3 i els objectius d\u2019aprenentatge?<\/strong><\/p>\n\n\n\n<p>Aprofitant la festa de l&#8217;arr\u00f2s de Bag\u00e0, s&#8217;ha impulsat aquesta iniciativa a l&#8217;alt Bergued\u00e0 per tal de fomentar el coneixement de la m\u00fasica i la dansa tradicional a l&#8217;alumnat de la zona. A m\u00e9s, \u00e9s una bona excusa per ajudar a la interacci\u00f3 entre l&#8217;alumnat de les diferents escoles i la socialitzaci\u00f3 entre ells.<\/p>\n\n\n\n<p><img loading=\"lazy\" decoding=\"async\" width=\"58\" height=\"43\" class=\"wp-image-20860\" style=\"width: 58px;\" src=\"https:\/\/serveiseducatius.xtec.cat\/bergueda\/wp-content\/uploads\/usu878\/2026\/01\/Fletxa-1.jpg\" alt=\"\">Us deixem l&#8217;<a href=\"https:\/\/agora.xtec.cat\/zeraltbergueda\/portada\/auladansa-a-baga\/\">enlla\u00e7 <\/a>a l&#8217;article publicat al nodes de la ZER Alt Bergued\u00e0<\/p>\n\n\n\n<p><\/p>\n","protected":false},"excerpt":{"rendered":"<p>Per tercer any consecutiu, les escoles de l&#8217;Alt Bergued\u00e0 s&#8217;han unit de nou per participar a la jornada de danses tradicionals a Bag\u00e0. <\/p>\n","protected":false},"author":1,"featured_media":17725,"comment_status":"closed","ping_status":"closed","sticky":false,"template":"","format":"standard","meta":{"_bbp_topic_count":0,"_bbp_reply_count":0,"_bbp_total_topic_count":0,"_bbp_total_reply_count":0,"_bbp_voice_count":0,"_bbp_anonymous_reply_count":0,"_bbp_topic_count_hidden":0,"_bbp_reply_count_hidden":0,"_bbp_forum_subforum_count":0,"site-sidebar-layout":"default","site-content-layout":"","ast-site-content-layout":"default","site-content-style":"default","site-sidebar-style":"default","ast-global-header-display":"","ast-banner-title-visibility":"","ast-main-header-display":"","ast-hfb-above-header-display":"","ast-hfb-below-header-display":"","ast-hfb-mobile-header-display":"","site-post-title":"","ast-breadcrumbs-content":"","ast-featured-img":"","footer-sml-layout":"","theme-transparent-header-meta":"","adv-header-id-meta":"","stick-header-meta":"","header-above-stick-meta":"","header-main-stick-meta":"","header-below-stick-meta":"","astra-migrate-meta-layouts":"set","ast-page-background-enabled":"default","ast-page-background-meta":{"desktop":{"background-color":"var(--ast-global-color-4)","background-image":"","background-repeat":"repeat","background-position":"center center","background-size":"auto","background-attachment":"scroll","background-type":"","background-media":"","overlay-type":"","overlay-color":"","overlay-opacity":"","overlay-gradient":""},"tablet":{"background-color":"","background-image":"","background-repeat":"repeat","background-position":"center center","background-size":"auto","background-attachment":"scroll","background-type":"","background-media":"","overlay-type":"","overlay-color":"","overlay-opacity":"","overlay-gradient":""},"mobile":{"background-color":"","background-image":"","background-repeat":"repeat","background-position":"center center","background-size":"auto","background-attachment":"scroll","background-type":"","background-media":"","overlay-type":"","overlay-color":"","overlay-opacity":"","overlay-gradient":""}},"ast-content-background-meta":{"desktop":{"background-color":"var(--ast-global-color-5)","background-image":"","background-repeat":"repeat","background-position":"center center","background-size":"auto","background-attachment":"scroll","background-type":"","background-media":"","overlay-type":"","overlay-color":"","overlay-opacity":"","overlay-gradient":""},"tablet":{"background-color":"var(--ast-global-color-5)","background-image":"","background-repeat":"repeat","background-position":"center center","background-size":"auto","background-attachment":"scroll","background-type":"","background-media":"","overlay-type":"","overlay-color":"","overlay-opacity":"","overlay-gradient":""},"mobile":{"background-color":"var(--ast-global-color-5)","background-image":"","background-repeat":"repeat","background-position":"center center","background-size":"auto","background-attachment":"scroll","background-type":"","background-media":"","overlay-type":"","overlay-color":"","overlay-opacity":"","overlay-gradient":""}},"footnotes":""},"categories":[29,520],"tags":[],"class_list":["post-21259","post","type-post","status-publish","format-standard","has-post-thumbnail","hentry","category-portada","category-teixim-comarca"],"post_mailing_queue_ids":[],"_links":{"self":[{"href":"https:\/\/serveiseducatius.xtec.cat\/bergueda\/wp-json\/wp\/v2\/posts\/21259","targetHints":{"allow":["GET"]}}],"collection":[{"href":"https:\/\/serveiseducatius.xtec.cat\/bergueda\/wp-json\/wp\/v2\/posts"}],"about":[{"href":"https:\/\/serveiseducatius.xtec.cat\/bergueda\/wp-json\/wp\/v2\/types\/post"}],"author":[{"embeddable":true,"href":"https:\/\/serveiseducatius.xtec.cat\/bergueda\/wp-json\/wp\/v2\/users\/1"}],"replies":[{"embeddable":true,"href":"https:\/\/serveiseducatius.xtec.cat\/bergueda\/wp-json\/wp\/v2\/comments?post=21259"}],"version-history":[{"count":1,"href":"https:\/\/serveiseducatius.xtec.cat\/bergueda\/wp-json\/wp\/v2\/posts\/21259\/revisions"}],"predecessor-version":[{"id":21261,"href":"https:\/\/serveiseducatius.xtec.cat\/bergueda\/wp-json\/wp\/v2\/posts\/21259\/revisions\/21261"}],"wp:featuredmedia":[{"embeddable":true,"href":"https:\/\/serveiseducatius.xtec.cat\/bergueda\/wp-json\/wp\/v2\/media\/17725"}],"wp:attachment":[{"href":"https:\/\/serveiseducatius.xtec.cat\/bergueda\/wp-json\/wp\/v2\/media?parent=21259"}],"wp:term":[{"taxonomy":"category","embeddable":true,"href":"https:\/\/serveiseducatius.xtec.cat\/bergueda\/wp-json\/wp\/v2\/categories?post=21259"},{"taxonomy":"post_tag","embeddable":true,"href":"https:\/\/serveiseducatius.xtec.cat\/bergueda\/wp-json\/wp\/v2\/tags?post=21259"}],"curies":[{"name":"wp","href":"https:\/\/api.w.org\/{rel}","templated":true}]}}