{"id":21151,"date":"2026-03-19T16:32:21","date_gmt":"2026-03-19T15:32:21","guid":{"rendered":"https:\/\/serveiseducatius.xtec.cat\/bergueda\/?p=21151"},"modified":"2026-04-17T12:24:21","modified_gmt":"2026-04-17T10:24:21","slug":"lart-com-a-espai-dexploracio-pensament-i-vincle-amb-lentorn-a-educacio-infantil","status":"publish","type":"post","link":"https:\/\/serveiseducatius.xtec.cat\/bergueda\/portada\/lart-com-a-espai-dexploracio-pensament-i-vincle-amb-lentorn-a-educacio-infantil\/","title":{"rendered":"L\u2019art com a espai d\u2019exploraci\u00f3, pensament i vincle amb l\u2019entorn a Educaci\u00f3 Infantil"},"content":{"rendered":"\n<figure class=\"wp-block-image aligncenter size-full\"><a href=\"https:\/\/serveiseducatius.xtec.cat\/bergueda\/wp-content\/uploads\/usu878\/2026\/03\/ZER-baix-bergueda.jpg\"><img loading=\"lazy\" decoding=\"async\" width=\"571\" height=\"401\" src=\"https:\/\/serveiseducatius.xtec.cat\/bergueda\/wp-content\/uploads\/usu878\/2026\/03\/ZER-baix-bergueda.jpg\" alt=\"\" class=\"wp-image-21152\" srcset=\"https:\/\/serveiseducatius.xtec.cat\/bergueda\/wp-content\/uploads\/usu878\/2026\/03\/ZER-baix-bergueda.jpg 571w, https:\/\/serveiseducatius.xtec.cat\/bergueda\/wp-content\/uploads\/usu878\/2026\/03\/ZER-baix-bergueda-300x211.jpg 300w\" sizes=\"auto, (max-width: 571px) 100vw, 571px\" \/><\/a><\/figure>\n\n\n\n<p>A la ZER Baix Bergued\u00e0 entenem l\u2019art no com una activitat puntual ni com un producte final est\u00e8tic, sin\u00f3 com un proc\u00e9s de recerca, d\u2019expressi\u00f3 i de construcci\u00f3 de coneixement compartit. Des d\u2019aquesta mirada neix el projecte globalitzador AraArt, una proposta que situa l\u2019art contemporani al centre de l\u2019aprenentatge i que es desplega a partir de l\u2019observaci\u00f3, l\u2019experimentaci\u00f3, la conversa i la relaci\u00f3 amb l\u2019entorn proper.<\/p>\n\n\n\n<p><strong>Quina \u00e9s la motivaci\u00f3 i els objectius d\u2019aprenentatge?<\/strong><\/p>\n\n\n\n<p>-Desenvolupar els projectes partint del terrritori i d&#8217;un est\u00edmul art\u00edstic fent que l&#8217;art esdevingui una eina d&#8217;innovaci\u00f3 als nostres centres. <\/p>\n\n\n\n<p>-Generar contextos i situacions d&#8217;aprenentatge amb referents art\u00edstics i amb implicaci\u00f3 del territori i l&#8217;entorn natural.<\/p>\n\n\n\n<p>Podeu veure tota la informaci\u00f3 en aquest <a href=\"https:\/\/drive.google.com\/file\/d\/1zN8bj9iLX9jwmSvgWjQf12AVJ3TSbWUF\/view?usp=sharing\" data-type=\"link\" data-id=\"https:\/\/drive.google.com\/file\/d\/1zN8bj9iLX9jwmSvgWjQf12AVJ3TSbWUF\/view?usp=sharing\">enlla\u00e7<\/a><\/p>\n","protected":false},"excerpt":{"rendered":"<p>L&#8217;art \u00e9s una eina potent per pensar, investigar i comprendre el m\u00f3n i ens genera experi\u00e8ncies educatives profundes, coherents i transformadores. Aquest nom\u00e9s \u00e9s un petit exemple d&#8217;un projecte que es va iniciar a la ZER Baix Bergued\u00e0 el curs 20-21 i que segueix vigent. <\/p>\n","protected":false},"author":1,"featured_media":21152,"comment_status":"closed","ping_status":"closed","sticky":false,"template":"","format":"standard","meta":{"_bbp_topic_count":0,"_bbp_reply_count":0,"_bbp_total_topic_count":0,"_bbp_total_reply_count":0,"_bbp_voice_count":0,"_bbp_anonymous_reply_count":0,"_bbp_topic_count_hidden":0,"_bbp_reply_count_hidden":0,"_bbp_forum_subforum_count":0,"site-sidebar-layout":"default","site-content-layout":"","ast-site-content-layout":"default","site-content-style":"default","site-sidebar-style":"default","ast-global-header-display":"","ast-banner-title-visibility":"","ast-main-header-display":"","ast-hfb-above-header-display":"","ast-hfb-below-header-display":"","ast-hfb-mobile-header-display":"","site-post-title":"","ast-breadcrumbs-content":"","ast-featured-img":"","footer-sml-layout":"","theme-transparent-header-meta":"","adv-header-id-meta":"","stick-header-meta":"","header-above-stick-meta":"","header-main-stick-meta":"","header-below-stick-meta":"","astra-migrate-meta-layouts":"set","ast-page-background-enabled":"default","ast-page-background-meta":{"desktop":{"background-color":"var(--ast-global-color-4)","background-image":"","background-repeat":"repeat","background-position":"center center","background-size":"auto","background-attachment":"scroll","background-type":"","background-media":"","overlay-type":"","overlay-color":"","overlay-opacity":"","overlay-gradient":""},"tablet":{"background-color":"","background-image":"","background-repeat":"repeat","background-position":"center center","background-size":"auto","background-attachment":"scroll","background-type":"","background-media":"","overlay-type":"","overlay-color":"","overlay-opacity":"","overlay-gradient":""},"mobile":{"background-color":"","background-image":"","background-repeat":"repeat","background-position":"center center","background-size":"auto","background-attachment":"scroll","background-type":"","background-media":"","overlay-type":"","overlay-color":"","overlay-opacity":"","overlay-gradient":""}},"ast-content-background-meta":{"desktop":{"background-color":"var(--ast-global-color-5)","background-image":"","background-repeat":"repeat","background-position":"center center","background-size":"auto","background-attachment":"scroll","background-type":"","background-media":"","overlay-type":"","overlay-color":"","overlay-opacity":"","overlay-gradient":""},"tablet":{"background-color":"var(--ast-global-color-5)","background-image":"","background-repeat":"repeat","background-position":"center center","background-size":"auto","background-attachment":"scroll","background-type":"","background-media":"","overlay-type":"","overlay-color":"","overlay-opacity":"","overlay-gradient":""},"mobile":{"background-color":"var(--ast-global-color-5)","background-image":"","background-repeat":"repeat","background-position":"center center","background-size":"auto","background-attachment":"scroll","background-type":"","background-media":"","overlay-type":"","overlay-color":"","overlay-opacity":"","overlay-gradient":""}},"footnotes":""},"categories":[29,520],"tags":[],"class_list":["post-21151","post","type-post","status-publish","format-standard","has-post-thumbnail","hentry","category-portada","category-teixim-comarca"],"post_mailing_queue_ids":[],"_links":{"self":[{"href":"https:\/\/serveiseducatius.xtec.cat\/bergueda\/wp-json\/wp\/v2\/posts\/21151","targetHints":{"allow":["GET"]}}],"collection":[{"href":"https:\/\/serveiseducatius.xtec.cat\/bergueda\/wp-json\/wp\/v2\/posts"}],"about":[{"href":"https:\/\/serveiseducatius.xtec.cat\/bergueda\/wp-json\/wp\/v2\/types\/post"}],"author":[{"embeddable":true,"href":"https:\/\/serveiseducatius.xtec.cat\/bergueda\/wp-json\/wp\/v2\/users\/1"}],"replies":[{"embeddable":true,"href":"https:\/\/serveiseducatius.xtec.cat\/bergueda\/wp-json\/wp\/v2\/comments?post=21151"}],"version-history":[{"count":3,"href":"https:\/\/serveiseducatius.xtec.cat\/bergueda\/wp-json\/wp\/v2\/posts\/21151\/revisions"}],"predecessor-version":[{"id":21234,"href":"https:\/\/serveiseducatius.xtec.cat\/bergueda\/wp-json\/wp\/v2\/posts\/21151\/revisions\/21234"}],"wp:featuredmedia":[{"embeddable":true,"href":"https:\/\/serveiseducatius.xtec.cat\/bergueda\/wp-json\/wp\/v2\/media\/21152"}],"wp:attachment":[{"href":"https:\/\/serveiseducatius.xtec.cat\/bergueda\/wp-json\/wp\/v2\/media?parent=21151"}],"wp:term":[{"taxonomy":"category","embeddable":true,"href":"https:\/\/serveiseducatius.xtec.cat\/bergueda\/wp-json\/wp\/v2\/categories?post=21151"},{"taxonomy":"post_tag","embeddable":true,"href":"https:\/\/serveiseducatius.xtec.cat\/bergueda\/wp-json\/wp\/v2\/tags?post=21151"}],"curies":[{"name":"wp","href":"https:\/\/api.w.org\/{rel}","templated":true}]}}