{"id":20879,"date":"2026-01-27T09:11:12","date_gmt":"2026-01-27T08:11:12","guid":{"rendered":"https:\/\/serveiseducatius.xtec.cat\/bergueda\/?p=20879"},"modified":"2026-01-27T09:11:13","modified_gmt":"2026-01-27T08:11:13","slug":"23a-edicio-del-premi-poincare-als-millors-tdr-en-matematiques","status":"publish","type":"post","link":"https:\/\/serveiseducatius.xtec.cat\/bergueda\/portada\/23a-edicio-del-premi-poincare-als-millors-tdr-en-matematiques\/","title":{"rendered":"23a edici\u00f3 del\u00a0Premi Poincar\u00e9\u00a0als\u00a0millors TdR en Matem\u00e0tiques"},"content":{"rendered":"\n<figure class=\"wp-block-image alignright size-full is-resized\"><a href=\"https:\/\/serveiseducatius.xtec.cat\/bergueda\/wp-content\/uploads\/usu878\/2026\/01\/poncaire.png\"><img loading=\"lazy\" decoding=\"async\" width=\"793\" height=\"504\" src=\"https:\/\/serveiseducatius.xtec.cat\/bergueda\/wp-content\/uploads\/usu878\/2026\/01\/poncaire.png\" alt=\"\" class=\"wp-image-20881\" style=\"width:590px;height:auto\" srcset=\"https:\/\/serveiseducatius.xtec.cat\/bergueda\/wp-content\/uploads\/usu878\/2026\/01\/poncaire.png 793w, https:\/\/serveiseducatius.xtec.cat\/bergueda\/wp-content\/uploads\/usu878\/2026\/01\/poncaire-300x191.png 300w, https:\/\/serveiseducatius.xtec.cat\/bergueda\/wp-content\/uploads\/usu878\/2026\/01\/poncaire-768x488.png 768w\" sizes=\"auto, (max-width: 793px) 100vw, 793px\" \/><\/a><\/figure>\n\n\n\n<p>La 23a edici\u00f3 del\u00a0<a><strong>Premi Poincar\u00e9\u00a0<\/strong>als\u00a0<strong>millors Treballs de Recerca (TR) en Matem\u00e0tiques realitzats per l&#8217;alumnat de batxillerat<\/strong><\/a>\u00a0que promou la Facultat de Matem\u00e0tiques i Estad\u00edstica (FME) de la UPC est\u00e0 en marxa: la sol\u00b7licitud de treballs acaba el pr\u00f2xim <strong><mark>18 de febrer 2026\u00a0<\/mark><\/strong><\/p>\n\n\n\n<p>Aquesta \u00e9s la informaci\u00f3 de l&#8217;edici\u00f3 actual:&nbsp;<\/p>\n\n\n\n<p>\u00b7&nbsp;&nbsp;&nbsp;&nbsp;&nbsp;&nbsp;&nbsp;&nbsp;<strong>Inscripcions i presentaci\u00f3 dels treballs:&nbsp;<\/strong>fins&nbsp;<strong>al dia 18 de febrer 2026.&nbsp;<\/strong>Enlla\u00e7 al&nbsp;<strong><a href=\"https:\/\/fme-intranet.upc.edu\/appsext\/poincare_form\/\" target=\"_blank\" rel=\"noreferrer noopener\">formulari d&#8217;inscripci\u00f3.<\/a>&nbsp; &nbsp;<\/strong>Enlla\u00e7 al&nbsp;<strong><a href=\"https:\/\/fme-intranet.upc.edu\/appsext\/premis_diposit\/?premi=POINCARE\" target=\"_blank\" rel=\"noreferrer noopener\">formulari de dip\u00f2sit del treball.<\/a><\/strong><\/p>\n\n\n\n<p>\u00b7&nbsp;&nbsp;&nbsp;&nbsp;&nbsp;&nbsp;&nbsp;&nbsp;<strong>Acte lliurament premis:&nbsp;<\/strong><strong>dimecres 6 de maig del 2026<\/strong>&nbsp;a la tarda a l&#8217;FME, en sessi\u00f3 presencial.<\/p>\n\n\n\n<p>El concurs mant\u00e9 els mateixos premis, amb la qual cosa&nbsp;<strong>es repartiran m\u00e9s de 3.000 \u20ac<\/strong>&nbsp;(bescanviables en vals-obsequi) seguint l\u2019escalat seg\u00fcent:<\/p>\n\n\n\n<p>&nbsp;&nbsp;&nbsp;&nbsp;&nbsp;&nbsp;&nbsp;&nbsp;&nbsp;&nbsp;&nbsp;&nbsp;&nbsp;&nbsp;&nbsp;1r premi: 800 \u20ac per a l\u2019alumne i 200 per al tutor\/a.<\/p>\n\n\n\n<p>&nbsp;&nbsp;&nbsp;&nbsp;&nbsp;&nbsp;&nbsp;&nbsp;&nbsp;&nbsp;&nbsp;&nbsp;&nbsp;&nbsp;&nbsp;2n premi: 500 \u20ac per a l\u2019alumne i 200 per al tutor\/a.<\/p>\n\n\n\n<p>&nbsp;&nbsp;&nbsp;&nbsp;&nbsp;&nbsp;&nbsp;&nbsp;&nbsp;&nbsp;&nbsp;&nbsp;&nbsp;&nbsp;&nbsp;3r premi: 300 \u20ac per a l\u2019alumne i 200 per al tutor\/a.<\/p>\n\n\n\n<p>&nbsp;&nbsp;&nbsp;&nbsp;&nbsp;&nbsp;&nbsp;&nbsp;&nbsp;&nbsp;&nbsp;&nbsp;&nbsp;&nbsp;&nbsp;Mencions: 100 \u20ac, tant per a l\u2019alumne com per al tutor\/a.<\/p>\n\n\n\n<p>Tota la informaci\u00f3 i formulari d&#8217;inscripci\u00f3 aqu\u00ed:&nbsp;<strong><a href=\"https:\/\/fme.upc.edu\/ca\/activitats-secundaria\/premi-poincare\" target=\"_blank\" rel=\"noreferrer noopener\">23a edici\u00f3 del Premi Poincar\u00e9.&nbsp;<\/a><\/strong><\/p>\n\n\n\n<p>Per a qualsevol aclariment, us podeu adre\u00e7ar a:\u00a0<a href=\"mailto:poincare.fme@upc.edu\" target=\"_blank\" rel=\"noreferrer noopener\">poincare.fme@upc.edu<\/a>.<\/p>\n\n\n\n<p><\/p>\n","protected":false},"excerpt":{"rendered":"<p>La Facultat de Matem\u00e0tiques i Estad\u00edstica de la UPC convoca anualment el Premi Poincar\u00e9 al millor Treball de Recerca sobre un tema relacionat amb les Matem\u00e0tiques realitzat per alumnat de 2n de batxillerat durant el curs actual.<\/p>\n","protected":false},"author":1,"featured_media":20880,"comment_status":"closed","ping_status":"closed","sticky":false,"template":"","format":"standard","meta":{"_bbp_topic_count":0,"_bbp_reply_count":0,"_bbp_total_topic_count":0,"_bbp_total_reply_count":0,"_bbp_voice_count":0,"_bbp_anonymous_reply_count":0,"_bbp_topic_count_hidden":0,"_bbp_reply_count_hidden":0,"_bbp_forum_subforum_count":0,"site-sidebar-layout":"default","site-content-layout":"","ast-site-content-layout":"default","site-content-style":"default","site-sidebar-style":"default","ast-global-header-display":"","ast-banner-title-visibility":"","ast-main-header-display":"","ast-hfb-above-header-display":"","ast-hfb-below-header-display":"","ast-hfb-mobile-header-display":"","site-post-title":"","ast-breadcrumbs-content":"","ast-featured-img":"","footer-sml-layout":"","theme-transparent-header-meta":"","adv-header-id-meta":"","stick-header-meta":"","header-above-stick-meta":"","header-main-stick-meta":"","header-below-stick-meta":"","astra-migrate-meta-layouts":"set","ast-page-background-enabled":"default","ast-page-background-meta":{"desktop":{"background-color":"var(--ast-global-color-4)","background-image":"","background-repeat":"repeat","background-position":"center center","background-size":"auto","background-attachment":"scroll","background-type":"","background-media":"","overlay-type":"","overlay-color":"","overlay-opacity":"","overlay-gradient":""},"tablet":{"background-color":"","background-image":"","background-repeat":"repeat","background-position":"center center","background-size":"auto","background-attachment":"scroll","background-type":"","background-media":"","overlay-type":"","overlay-color":"","overlay-opacity":"","overlay-gradient":""},"mobile":{"background-color":"","background-image":"","background-repeat":"repeat","background-position":"center center","background-size":"auto","background-attachment":"scroll","background-type":"","background-media":"","overlay-type":"","overlay-color":"","overlay-opacity":"","overlay-gradient":""}},"ast-content-background-meta":{"desktop":{"background-color":"var(--ast-global-color-5)","background-image":"","background-repeat":"repeat","background-position":"center center","background-size":"auto","background-attachment":"scroll","background-type":"","background-media":"","overlay-type":"","overlay-color":"","overlay-opacity":"","overlay-gradient":""},"tablet":{"background-color":"var(--ast-global-color-5)","background-image":"","background-repeat":"repeat","background-position":"center center","background-size":"auto","background-attachment":"scroll","background-type":"","background-media":"","overlay-type":"","overlay-color":"","overlay-opacity":"","overlay-gradient":""},"mobile":{"background-color":"var(--ast-global-color-5)","background-image":"","background-repeat":"repeat","background-position":"center center","background-size":"auto","background-attachment":"scroll","background-type":"","background-media":"","overlay-type":"","overlay-color":"","overlay-opacity":"","overlay-gradient":""}},"footnotes":""},"categories":[29,70],"tags":[],"class_list":["post-20879","post","type-post","status-publish","format-standard","has-post-thumbnail","hentry","category-portada","category-forum-treballs-de-recerca"],"post_mailing_queue_ids":[],"_links":{"self":[{"href":"https:\/\/serveiseducatius.xtec.cat\/bergueda\/wp-json\/wp\/v2\/posts\/20879","targetHints":{"allow":["GET"]}}],"collection":[{"href":"https:\/\/serveiseducatius.xtec.cat\/bergueda\/wp-json\/wp\/v2\/posts"}],"about":[{"href":"https:\/\/serveiseducatius.xtec.cat\/bergueda\/wp-json\/wp\/v2\/types\/post"}],"author":[{"embeddable":true,"href":"https:\/\/serveiseducatius.xtec.cat\/bergueda\/wp-json\/wp\/v2\/users\/1"}],"replies":[{"embeddable":true,"href":"https:\/\/serveiseducatius.xtec.cat\/bergueda\/wp-json\/wp\/v2\/comments?post=20879"}],"version-history":[{"count":1,"href":"https:\/\/serveiseducatius.xtec.cat\/bergueda\/wp-json\/wp\/v2\/posts\/20879\/revisions"}],"predecessor-version":[{"id":20882,"href":"https:\/\/serveiseducatius.xtec.cat\/bergueda\/wp-json\/wp\/v2\/posts\/20879\/revisions\/20882"}],"wp:featuredmedia":[{"embeddable":true,"href":"https:\/\/serveiseducatius.xtec.cat\/bergueda\/wp-json\/wp\/v2\/media\/20880"}],"wp:attachment":[{"href":"https:\/\/serveiseducatius.xtec.cat\/bergueda\/wp-json\/wp\/v2\/media?parent=20879"}],"wp:term":[{"taxonomy":"category","embeddable":true,"href":"https:\/\/serveiseducatius.xtec.cat\/bergueda\/wp-json\/wp\/v2\/categories?post=20879"},{"taxonomy":"post_tag","embeddable":true,"href":"https:\/\/serveiseducatius.xtec.cat\/bergueda\/wp-json\/wp\/v2\/tags?post=20879"}],"curies":[{"name":"wp","href":"https:\/\/api.w.org\/{rel}","templated":true}]}}