{"id":20799,"date":"2026-01-14T11:31:51","date_gmt":"2026-01-14T10:31:51","guid":{"rendered":"https:\/\/serveiseducatius.xtec.cat\/bergueda\/?p=20799"},"modified":"2026-01-14T11:31:52","modified_gmt":"2026-01-14T10:31:52","slug":"propostes-per-a-la-millora-de-la-resposta-educativa-a-lalumnat-adoptat-acollit","status":"publish","type":"post","link":"https:\/\/serveiseducatius.xtec.cat\/bergueda\/portada\/propostes-per-a-la-millora-de-la-resposta-educativa-a-lalumnat-adoptat-acollit\/","title":{"rendered":"Propostes per a la millora de la resposta educativa a l&#8217;alumnat adoptat\/acollit"},"content":{"rendered":"\n<figure class=\"wp-block-image alignright size-full is-resized\"><a href=\"https:\/\/serveiseducatius.xtec.cat\/bergueda\/wp-content\/uploads\/usu878\/2026\/01\/llibre-adopcio.jpg\"><img loading=\"lazy\" decoding=\"async\" width=\"265\" height=\"389\" src=\"https:\/\/serveiseducatius.xtec.cat\/bergueda\/wp-content\/uploads\/usu878\/2026\/01\/llibre-adopcio.jpg\" alt=\"\" class=\"wp-image-20800\" style=\"width:343px;height:auto\" srcset=\"https:\/\/serveiseducatius.xtec.cat\/bergueda\/wp-content\/uploads\/usu878\/2026\/01\/llibre-adopcio.jpg 265w, https:\/\/serveiseducatius.xtec.cat\/bergueda\/wp-content\/uploads\/usu878\/2026\/01\/llibre-adopcio-204x300.jpg 204w\" sizes=\"auto, (max-width: 265px) 100vw, 265px\" \/><\/a><\/figure>\n\n\n\n<p>Al CRP del Bergued\u00e0 disposem d&#8217;un exemplar del document &#8220;<strong>Propostes per a la millora de la resposta educativa a l&#8217;alumnat adoptat\/acollit<\/strong>&#8220;, elaborat per les associacions de fam\u00edlies adoptives IMA, AFNE i AdopColombia i l&#8217;associaci\u00f3 Petales, amb la col\u00b7laboraci\u00f3 de l&#8217;Institut Catal\u00e0 de l&#8217;Acolliment i de l&#8217;Adopci\u00f3 (ICAA).<\/p>\n\n\n\n<p>Aquest <a href=\"https:\/\/drive.google.com\/file\/d\/1ZhlQBcb7-egV-z0YR6V_Xk1vMysJv9nV\/view\" target=\"_blank\" rel=\"noreferrer noopener\">document<\/a>\u00a0est\u00e0 centrat en l\u2019alumnat adoptat\/acollit i pret\u00e9n ajudar a millorar la resposta educativa.<\/p>\n\n\n\n<p>El document recull l\u2019impacte en l\u2019\u00e0mbit personal i educatiu que poden provocar aquestes situacions, aix\u00ed com la necessitat d\u2019articular un mecanisme de reconeixement dels s\u00edmptomes i d\u2019atenci\u00f3 als infants i joves que els pateixen.<\/p>\n\n\n\n<p>\u00c9s molt important que l\u2019entorn escolar de l\u2019infant sigui protector i potenciador de les capacitats poc desenvolupades o aturades, per estimular aix\u00ed el seu aprenentatge. El document se centra primer en els conceptes que millor descriuen aquesta situaci\u00f3: el trauma relacional primerenc i\/o l\u2019adversitat primerenca.<\/p>\n\n\n\n<p>Una iniciativa de l\u2019Associaci\u00f3 de Fam\u00edlies de Nens i Nenes d\u2019Eti\u00f2pia (AFNE), Amics dels Infants del Marroc (IMA) i l\u2019Asociaci\u00f3n de Familias Adoptantes en Colombia (Adop-Colombia) que van proposar la creaci\u00f3 d\u2019una comissi\u00f3 per l\u2019elaboraci\u00f3 del Pla de millora de la resposta educativa a l\u2019alumnat adoptat\/acollit.<\/p>\n\n\n\n<p>Si \u00e9s del vostre inter\u00e8s, el podeu demanar en pr\u00e9stec.<\/p>\n","protected":false},"excerpt":{"rendered":"<p>Us presentem aquest document centrat en l\u2019alumnat adoptat\/acollit que pret\u00e9n ajudar a millorar la resposta educativa. <\/p>\n","protected":false},"author":1,"featured_media":20800,"comment_status":"closed","ping_status":"closed","sticky":false,"template":"","format":"standard","meta":{"_bbp_topic_count":0,"_bbp_reply_count":0,"_bbp_total_topic_count":0,"_bbp_total_reply_count":0,"_bbp_voice_count":0,"_bbp_anonymous_reply_count":0,"_bbp_topic_count_hidden":0,"_bbp_reply_count_hidden":0,"_bbp_forum_subforum_count":0,"site-sidebar-layout":"default","site-content-layout":"","ast-site-content-layout":"default","site-content-style":"default","site-sidebar-style":"default","ast-global-header-display":"","ast-banner-title-visibility":"","ast-main-header-display":"","ast-hfb-above-header-display":"","ast-hfb-below-header-display":"","ast-hfb-mobile-header-display":"","site-post-title":"","ast-breadcrumbs-content":"","ast-featured-img":"","footer-sml-layout":"","theme-transparent-header-meta":"","adv-header-id-meta":"","stick-header-meta":"","header-above-stick-meta":"","header-main-stick-meta":"","header-below-stick-meta":"","astra-migrate-meta-layouts":"set","ast-page-background-enabled":"default","ast-page-background-meta":{"desktop":{"background-color":"var(--ast-global-color-4)","background-image":"","background-repeat":"repeat","background-position":"center center","background-size":"auto","background-attachment":"scroll","background-type":"","background-media":"","overlay-type":"","overlay-color":"","overlay-opacity":"","overlay-gradient":""},"tablet":{"background-color":"","background-image":"","background-repeat":"repeat","background-position":"center center","background-size":"auto","background-attachment":"scroll","background-type":"","background-media":"","overlay-type":"","overlay-color":"","overlay-opacity":"","overlay-gradient":""},"mobile":{"background-color":"","background-image":"","background-repeat":"repeat","background-position":"center center","background-size":"auto","background-attachment":"scroll","background-type":"","background-media":"","overlay-type":"","overlay-color":"","overlay-opacity":"","overlay-gradient":""}},"ast-content-background-meta":{"desktop":{"background-color":"var(--ast-global-color-5)","background-image":"","background-repeat":"repeat","background-position":"center center","background-size":"auto","background-attachment":"scroll","background-type":"","background-media":"","overlay-type":"","overlay-color":"","overlay-opacity":"","overlay-gradient":""},"tablet":{"background-color":"var(--ast-global-color-5)","background-image":"","background-repeat":"repeat","background-position":"center center","background-size":"auto","background-attachment":"scroll","background-type":"","background-media":"","overlay-type":"","overlay-color":"","overlay-opacity":"","overlay-gradient":""},"mobile":{"background-color":"var(--ast-global-color-5)","background-image":"","background-repeat":"repeat","background-position":"center center","background-size":"auto","background-attachment":"scroll","background-type":"","background-media":"","overlay-type":"","overlay-color":"","overlay-opacity":"","overlay-gradient":""}},"footnotes":""},"categories":[530,29,368],"tags":[],"class_list":["post-20799","post","type-post","status-publish","format-standard","has-post-thumbnail","hentry","category-llibres-per-maletes","category-portada","category-socioemocional"],"post_mailing_queue_ids":[],"_links":{"self":[{"href":"https:\/\/serveiseducatius.xtec.cat\/bergueda\/wp-json\/wp\/v2\/posts\/20799","targetHints":{"allow":["GET"]}}],"collection":[{"href":"https:\/\/serveiseducatius.xtec.cat\/bergueda\/wp-json\/wp\/v2\/posts"}],"about":[{"href":"https:\/\/serveiseducatius.xtec.cat\/bergueda\/wp-json\/wp\/v2\/types\/post"}],"author":[{"embeddable":true,"href":"https:\/\/serveiseducatius.xtec.cat\/bergueda\/wp-json\/wp\/v2\/users\/1"}],"replies":[{"embeddable":true,"href":"https:\/\/serveiseducatius.xtec.cat\/bergueda\/wp-json\/wp\/v2\/comments?post=20799"}],"version-history":[{"count":1,"href":"https:\/\/serveiseducatius.xtec.cat\/bergueda\/wp-json\/wp\/v2\/posts\/20799\/revisions"}],"predecessor-version":[{"id":20801,"href":"https:\/\/serveiseducatius.xtec.cat\/bergueda\/wp-json\/wp\/v2\/posts\/20799\/revisions\/20801"}],"wp:featuredmedia":[{"embeddable":true,"href":"https:\/\/serveiseducatius.xtec.cat\/bergueda\/wp-json\/wp\/v2\/media\/20800"}],"wp:attachment":[{"href":"https:\/\/serveiseducatius.xtec.cat\/bergueda\/wp-json\/wp\/v2\/media?parent=20799"}],"wp:term":[{"taxonomy":"category","embeddable":true,"href":"https:\/\/serveiseducatius.xtec.cat\/bergueda\/wp-json\/wp\/v2\/categories?post=20799"},{"taxonomy":"post_tag","embeddable":true,"href":"https:\/\/serveiseducatius.xtec.cat\/bergueda\/wp-json\/wp\/v2\/tags?post=20799"}],"curies":[{"name":"wp","href":"https:\/\/api.w.org\/{rel}","templated":true}]}}