{"id":18706,"date":"2024-10-02T09:03:56","date_gmt":"2024-10-02T07:03:56","guid":{"rendered":"https:\/\/serveiseducatius.xtec.cat\/bergueda\/?p=18706"},"modified":"2024-10-02T09:03:56","modified_gmt":"2024-10-02T07:03:56","slug":"xvi-jornades-innovacio-a-etapa-educacio-infantil-hem-defugit-deducar-reconnectem-amb-lessencia-de-la-funcio-educativa","status":"publish","type":"post","link":"https:\/\/serveiseducatius.xtec.cat\/bergueda\/portada\/xvi-jornades-innovacio-a-etapa-educacio-infantil-hem-defugit-deducar-reconnectem-amb-lessencia-de-la-funcio-educativa\/","title":{"rendered":"XVI Jornades Innovaci\u00f3 a Etapa Educaci\u00f3 Infantil HEM DEFUGIT D&#8217;EDUCAR? Reconnectem amb l&#8217;ess\u00e8ncia de la funci\u00f3 educativa"},"content":{"rendered":"<p><a href=\"https:\/\/serveiseducatius.xtec.cat\/bergueda\/wp-content\/uploads\/usu878\/2024\/10\/jornades-Innovacio-0-6.png\"><img loading=\"lazy\" decoding=\"async\" class=\"size-full wp-image-18707 aligncenter\" src=\"https:\/\/serveiseducatius.xtec.cat\/bergueda\/wp-content\/uploads\/usu878\/2024\/10\/jornades-Innovacio-0-6.png\" alt=\"\" width=\"618\" height=\"316\" srcset=\"https:\/\/serveiseducatius.xtec.cat\/bergueda\/wp-content\/uploads\/usu878\/2024\/10\/jornades-Innovacio-0-6.png 618w, https:\/\/serveiseducatius.xtec.cat\/bergueda\/wp-content\/uploads\/usu878\/2024\/10\/jornades-Innovacio-0-6-300x153.png 300w\" sizes=\"auto, (max-width: 618px) 100vw, 618px\" \/><\/a><\/p>\n<p>L&#8217;ICE de la UAB juntament amb l&#8217;equip de treball Infantil 0-6 organitza cada dos anys unes <strong>Jornades adre\u00e7ades als professionals de l\u2019Educaci\u00f3 Infantil (0-6)<\/strong>, que combinen el vesant pr\u00e0ctic amb les aportacions te\u00f2riques de diversos professionals referents en diferents \u00e0mbits.<\/p>\n<p>En aquest marc, el dia 19 d\u2019octubre es duran a terme les <strong>XVI Jornades d\u2019Innovaci\u00f3 a l\u2019Etapa d\u2019Educaci\u00f3 Infantil, HEM DEFUGIT D&#8217;EDUCAR? Reconnectem amb l&#8217;ess\u00e8ncia de la funci\u00f3 educativa<\/strong>, que es desenvoluparan a la Facultat de Filosofia i Lletres de la UAB al Campus de Bellaterra.<\/p>\n<p><strong>Adre\u00e7at a:\u00a0<\/strong>Docents i professionals relacionats\u00a0amb l\u2019etapa educativa 0-6<\/p>\n<p><strong>Data:<\/strong>\u00a019 d\u2019octubre de 2024<\/p>\n<p><strong>Lloc de realitzaci\u00f3:<\/strong>\u00a0Facultat de Filosofia i Lletres de la UAB<\/p>\n<p><strong>Horari:\u00a0<\/strong>de 9.00 a 18.00<\/p>\n<p><a href=\"https:\/\/www.uab.cat\/ca\/ice\/jornada-docents-educacio-infantil\">M\u00e9s informaci\u00f3<\/a><\/p>\n","protected":false},"excerpt":{"rendered":"<p>Adre\u00e7ada a docents i professionals relacionats\u00a0amb l\u2019etapa educativa 0-6. Es duran a terme el 19 d&#8217;octubre, de 9.00 a 18.00, a la Facultat de Filosofia i Lletres de la UAB<\/p>\n","protected":false},"author":1,"featured_media":18708,"comment_status":"closed","ping_status":"closed","sticky":false,"template":"","format":"standard","meta":{"_bbp_topic_count":0,"_bbp_reply_count":0,"_bbp_total_topic_count":0,"_bbp_total_reply_count":0,"_bbp_voice_count":0,"_bbp_anonymous_reply_count":0,"_bbp_topic_count_hidden":0,"_bbp_reply_count_hidden":0,"_bbp_forum_subforum_count":0,"site-sidebar-layout":"default","site-content-layout":"","ast-site-content-layout":"","site-content-style":"default","site-sidebar-style":"default","ast-global-header-display":"","ast-banner-title-visibility":"","ast-main-header-display":"","ast-hfb-above-header-display":"","ast-hfb-below-header-display":"","ast-hfb-mobile-header-display":"","site-post-title":"","ast-breadcrumbs-content":"","ast-featured-img":"","footer-sml-layout":"","theme-transparent-header-meta":"","adv-header-id-meta":"","stick-header-meta":"","header-above-stick-meta":"","header-main-stick-meta":"","header-below-stick-meta":"","astra-migrate-meta-layouts":"default","ast-page-background-enabled":"default","ast-page-background-meta":{"desktop":{"background-color":"var(--ast-global-color-4)","background-image":"","background-repeat":"repeat","background-position":"center center","background-size":"auto","background-attachment":"scroll","background-type":"","background-media":"","overlay-type":"","overlay-color":"","overlay-opacity":"","overlay-gradient":""},"tablet":{"background-color":"","background-image":"","background-repeat":"repeat","background-position":"center center","background-size":"auto","background-attachment":"scroll","background-type":"","background-media":"","overlay-type":"","overlay-color":"","overlay-opacity":"","overlay-gradient":""},"mobile":{"background-color":"","background-image":"","background-repeat":"repeat","background-position":"center center","background-size":"auto","background-attachment":"scroll","background-type":"","background-media":"","overlay-type":"","overlay-color":"","overlay-opacity":"","overlay-gradient":""}},"ast-content-background-meta":{"desktop":{"background-color":"var(--ast-global-color-5)","background-image":"","background-repeat":"repeat","background-position":"center center","background-size":"auto","background-attachment":"scroll","background-type":"","background-media":"","overlay-type":"","overlay-color":"","overlay-opacity":"","overlay-gradient":""},"tablet":{"background-color":"var(--ast-global-color-5)","background-image":"","background-repeat":"repeat","background-position":"center center","background-size":"auto","background-attachment":"scroll","background-type":"","background-media":"","overlay-type":"","overlay-color":"","overlay-opacity":"","overlay-gradient":""},"mobile":{"background-color":"var(--ast-global-color-5)","background-image":"","background-repeat":"repeat","background-position":"center center","background-size":"auto","background-attachment":"scroll","background-type":"","background-media":"","overlay-type":"","overlay-color":"","overlay-opacity":"","overlay-gradient":""}},"footnotes":""},"categories":[29],"tags":[],"class_list":["post-18706","post","type-post","status-publish","format-standard","has-post-thumbnail","hentry","category-portada"],"post_mailing_queue_ids":[],"_links":{"self":[{"href":"https:\/\/serveiseducatius.xtec.cat\/bergueda\/wp-json\/wp\/v2\/posts\/18706","targetHints":{"allow":["GET"]}}],"collection":[{"href":"https:\/\/serveiseducatius.xtec.cat\/bergueda\/wp-json\/wp\/v2\/posts"}],"about":[{"href":"https:\/\/serveiseducatius.xtec.cat\/bergueda\/wp-json\/wp\/v2\/types\/post"}],"author":[{"embeddable":true,"href":"https:\/\/serveiseducatius.xtec.cat\/bergueda\/wp-json\/wp\/v2\/users\/1"}],"replies":[{"embeddable":true,"href":"https:\/\/serveiseducatius.xtec.cat\/bergueda\/wp-json\/wp\/v2\/comments?post=18706"}],"version-history":[{"count":1,"href":"https:\/\/serveiseducatius.xtec.cat\/bergueda\/wp-json\/wp\/v2\/posts\/18706\/revisions"}],"predecessor-version":[{"id":18709,"href":"https:\/\/serveiseducatius.xtec.cat\/bergueda\/wp-json\/wp\/v2\/posts\/18706\/revisions\/18709"}],"wp:featuredmedia":[{"embeddable":true,"href":"https:\/\/serveiseducatius.xtec.cat\/bergueda\/wp-json\/wp\/v2\/media\/18708"}],"wp:attachment":[{"href":"https:\/\/serveiseducatius.xtec.cat\/bergueda\/wp-json\/wp\/v2\/media?parent=18706"}],"wp:term":[{"taxonomy":"category","embeddable":true,"href":"https:\/\/serveiseducatius.xtec.cat\/bergueda\/wp-json\/wp\/v2\/categories?post=18706"},{"taxonomy":"post_tag","embeddable":true,"href":"https:\/\/serveiseducatius.xtec.cat\/bergueda\/wp-json\/wp\/v2\/tags?post=18706"}],"curies":[{"name":"wp","href":"https:\/\/api.w.org\/{rel}","templated":true}]}}