{"id":18669,"date":"2024-09-27T10:30:23","date_gmt":"2024-09-27T08:30:23","guid":{"rendered":"https:\/\/serveiseducatius.xtec.cat\/bergueda\/?p=18669"},"modified":"2024-09-30T12:49:42","modified_gmt":"2024-09-30T10:49:42","slug":"xerrada-sobre-pantalles-i-vida-com-es-relacionen-a-la-infancia-i-ladolescencia","status":"publish","type":"post","link":"https:\/\/serveiseducatius.xtec.cat\/bergueda\/portada\/xerrada-sobre-pantalles-i-vida-com-es-relacionen-a-la-infancia-i-ladolescencia\/","title":{"rendered":"Xerrada sobre \u201cPantalles i Vida, com es relacionen a la inf\u00e0ncia i l\u2019adolesc\u00e8ncia\u201d"},"content":{"rendered":"<p><a href=\"https:\/\/serveiseducatius.xtec.cat\/bergueda\/wp-content\/uploads\/usu878\/2024\/09\/pantalles-i-vida-1-e1727693372728.jpg\"><img loading=\"lazy\" decoding=\"async\" class=\"size-full wp-image-18690 alignright\" src=\"https:\/\/serveiseducatius.xtec.cat\/bergueda\/wp-content\/uploads\/usu878\/2024\/09\/pantalles-i-vida-1-e1727693372728.jpg\" alt=\"\" width=\"500\" height=\"708\" \/><\/a>Dimarts, 29 d&#8217;octubre de 2024, a les 4 de la tarda, a la sala d&#8217;actes dels Serveis Territorials a la Catalunya Central, Manresa, tindr\u00e0 lloc la xerrada \u201c<strong>Pantalles i Vida, com es relacionen a la inf\u00e0ncia i l\u2019adolesc\u00e8ncia<\/strong>\u201d. La confer\u00e8ncia anir\u00e0 a c\u00e0rrec del Dr. Francisco Villar Cabeza, psic\u00f2leg cl\u00ednic i Doctor en psicologia.<\/p>\n<p>Anir\u00e0 adre\u00e7ada especialment a professionals del CREDA, MALLs de centre i de SIAL, mestres d&#8217;educaci\u00f3 especial, professionals d&#8217;EAP, ELIC, CRETDIC, CRP&#8230;<\/p>\n<p>Cal inscripci\u00f3 pr\u00e8via mitjan\u00e7ant <a href=\"https:\/\/docs.google.com\/forms\/d\/e\/1FAIpQLSeTmnZ86c7B8RJboqGTsjoOYfF--imNgHQNZ2OqOx9uW88hyw\/viewform?usp=sf_link\"><b>aquest formulari<\/b><\/a><\/p>\n","protected":false},"excerpt":{"rendered":"<p>Dimarts, 29 d&#8217;octubre de 2024, a les 4 de la tarda, a la sala d&#8217;actes dels Serveis Territorials a la Catalunya Central, Manresa, tindr\u00e0 lloc la xerrada \u201cPantalles i Vida, com es relacionen a la inf\u00e0ncia i l\u2019adolesc\u00e8ncia\u201d. La confer\u00e8ncia anir\u00e0 a c\u00e0rrec del Dr. Francisco Villar Cabeza<\/p>\n","protected":false},"author":1,"featured_media":18671,"comment_status":"closed","ping_status":"closed","sticky":false,"template":"","format":"standard","meta":{"_bbp_topic_count":0,"_bbp_reply_count":0,"_bbp_total_topic_count":0,"_bbp_total_reply_count":0,"_bbp_voice_count":0,"_bbp_anonymous_reply_count":0,"_bbp_topic_count_hidden":0,"_bbp_reply_count_hidden":0,"_bbp_forum_subforum_count":0,"site-sidebar-layout":"default","site-content-layout":"","ast-site-content-layout":"","site-content-style":"default","site-sidebar-style":"default","ast-global-header-display":"","ast-banner-title-visibility":"","ast-main-header-display":"","ast-hfb-above-header-display":"","ast-hfb-below-header-display":"","ast-hfb-mobile-header-display":"","site-post-title":"","ast-breadcrumbs-content":"","ast-featured-img":"","footer-sml-layout":"","theme-transparent-header-meta":"","adv-header-id-meta":"","stick-header-meta":"","header-above-stick-meta":"","header-main-stick-meta":"","header-below-stick-meta":"","astra-migrate-meta-layouts":"default","ast-page-background-enabled":"default","ast-page-background-meta":{"desktop":{"background-color":"var(--ast-global-color-4)","background-image":"","background-repeat":"repeat","background-position":"center center","background-size":"auto","background-attachment":"scroll","background-type":"","background-media":"","overlay-type":"","overlay-color":"","overlay-opacity":"","overlay-gradient":""},"tablet":{"background-color":"","background-image":"","background-repeat":"repeat","background-position":"center center","background-size":"auto","background-attachment":"scroll","background-type":"","background-media":"","overlay-type":"","overlay-color":"","overlay-opacity":"","overlay-gradient":""},"mobile":{"background-color":"","background-image":"","background-repeat":"repeat","background-position":"center center","background-size":"auto","background-attachment":"scroll","background-type":"","background-media":"","overlay-type":"","overlay-color":"","overlay-opacity":"","overlay-gradient":""}},"ast-content-background-meta":{"desktop":{"background-color":"var(--ast-global-color-5)","background-image":"","background-repeat":"repeat","background-position":"center center","background-size":"auto","background-attachment":"scroll","background-type":"","background-media":"","overlay-type":"","overlay-color":"","overlay-opacity":"","overlay-gradient":""},"tablet":{"background-color":"var(--ast-global-color-5)","background-image":"","background-repeat":"repeat","background-position":"center center","background-size":"auto","background-attachment":"scroll","background-type":"","background-media":"","overlay-type":"","overlay-color":"","overlay-opacity":"","overlay-gradient":""},"mobile":{"background-color":"var(--ast-global-color-5)","background-image":"","background-repeat":"repeat","background-position":"center center","background-size":"auto","background-attachment":"scroll","background-type":"","background-media":"","overlay-type":"","overlay-color":"","overlay-opacity":"","overlay-gradient":""}},"footnotes":""},"categories":[29],"tags":[],"class_list":["post-18669","post","type-post","status-publish","format-standard","has-post-thumbnail","hentry","category-portada"],"post_mailing_queue_ids":[],"_links":{"self":[{"href":"https:\/\/serveiseducatius.xtec.cat\/bergueda\/wp-json\/wp\/v2\/posts\/18669","targetHints":{"allow":["GET"]}}],"collection":[{"href":"https:\/\/serveiseducatius.xtec.cat\/bergueda\/wp-json\/wp\/v2\/posts"}],"about":[{"href":"https:\/\/serveiseducatius.xtec.cat\/bergueda\/wp-json\/wp\/v2\/types\/post"}],"author":[{"embeddable":true,"href":"https:\/\/serveiseducatius.xtec.cat\/bergueda\/wp-json\/wp\/v2\/users\/1"}],"replies":[{"embeddable":true,"href":"https:\/\/serveiseducatius.xtec.cat\/bergueda\/wp-json\/wp\/v2\/comments?post=18669"}],"version-history":[{"count":4,"href":"https:\/\/serveiseducatius.xtec.cat\/bergueda\/wp-json\/wp\/v2\/posts\/18669\/revisions"}],"predecessor-version":[{"id":18691,"href":"https:\/\/serveiseducatius.xtec.cat\/bergueda\/wp-json\/wp\/v2\/posts\/18669\/revisions\/18691"}],"wp:featuredmedia":[{"embeddable":true,"href":"https:\/\/serveiseducatius.xtec.cat\/bergueda\/wp-json\/wp\/v2\/media\/18671"}],"wp:attachment":[{"href":"https:\/\/serveiseducatius.xtec.cat\/bergueda\/wp-json\/wp\/v2\/media?parent=18669"}],"wp:term":[{"taxonomy":"category","embeddable":true,"href":"https:\/\/serveiseducatius.xtec.cat\/bergueda\/wp-json\/wp\/v2\/categories?post=18669"},{"taxonomy":"post_tag","embeddable":true,"href":"https:\/\/serveiseducatius.xtec.cat\/bergueda\/wp-json\/wp\/v2\/tags?post=18669"}],"curies":[{"name":"wp","href":"https:\/\/api.w.org\/{rel}","templated":true}]}}