{"id":17991,"date":"2024-04-19T11:24:21","date_gmt":"2024-04-19T09:24:21","guid":{"rendered":"https:\/\/serveiseducatius.xtec.cat\/bergueda\/?p=17991"},"modified":"2024-04-19T13:00:21","modified_gmt":"2024-04-19T11:00:21","slug":"abordatge-de-la-mutilacio-genital-femenina-i-els-matrimonis-forcats-als-centres-educatius","status":"publish","type":"post","link":"https:\/\/serveiseducatius.xtec.cat\/bergueda\/portada\/abordatge-de-la-mutilacio-genital-femenina-i-els-matrimonis-forcats-als-centres-educatius\/","title":{"rendered":"Abordatge de la mutilaci\u00f3 genital femenina i els matrimonis for\u00e7ats als centres educatius"},"content":{"rendered":"<p><a href=\"https:\/\/serveiseducatius.xtec.cat\/bergueda\/wp-content\/uploads\/usu878\/2022\/11\/serveis-educatius-catalunya-central.jpg\"><img loading=\"lazy\" decoding=\"async\" class=\"size-full wp-image-15459 aligncenter\" src=\"https:\/\/serveiseducatius.xtec.cat\/bergueda\/wp-content\/uploads\/usu878\/2022\/11\/serveis-educatius-catalunya-central.jpg\" alt=\"\" width=\"282\" height=\"163\" \/><\/a><\/p>\n<p>Abordatge de la mutilaci\u00f3 genital femenina i els matrimonis for\u00e7ats als centres educatius. Confer\u00e8ncia que es realitzar\u00e0 el <b>dilluns 29 d&#8217;abril de 2024 de 2\/4 de 5 a 2\/4 de 7, a la Sala d&#8217;Actes dels Serveis Territorials d&#8217;Educaci\u00f3 a la Catalunya Central <\/b>(Carretera de Vic 175-177, Manresa)<b>, <\/b>en<b> format presencial.<\/b><\/p>\n<p>Els objectius d\u2019aquesta xerrada s\u00f3n donar una pinzellada sobre\u00a0<b>qu\u00e8 \u00e9s la mutilaci\u00f3 genital femenina (MGF) i els matrimonis for\u00e7ats<\/b>, i\u00a0<b>orientar als docents<\/b>\u00a0de Catalunya Central de diferents etapes educatives sobre els\u00a0<b>procediments\u00a0<\/b>i\u00a0<b>accions\u00a0<\/b>que es poden dur a terme en cas de\u00a0<b>detectar un possible cas o situaci\u00f3 de risc\u00a0<\/b>relacionada amb aquest \u00e0mbit.<\/p>\n<p>Cal inscripci\u00f3 pr\u00e8via en <a href=\"https:\/\/aplicacions.gestioeducativa.gencat.cat\/pls\/soloas\/pk_for_mod_ins.p_for_pre_cons_activitats?p_any=2023-2024&amp;p_codi=B00275050B\">aquest enlla\u00e7<\/a><\/p>\n","protected":false},"excerpt":{"rendered":"<p>Confer\u00e8ncia que es realitzar\u00e0 el dilluns 29 d&#8217;abril de 2024 de 2\/4 de 5 a 2\/4 de 7, a la Sala d&#8217;Actes dels Serveis Territorials d&#8217;Educaci\u00f3 a la Catalunya Central (Carretera de Vic 175-177, Manresa), en format presencial.<br \/>\nCal inscripci\u00f3 pr\u00e8via<\/p>\n","protected":false},"author":1,"featured_media":15459,"comment_status":"closed","ping_status":"closed","sticky":false,"template":"","format":"standard","meta":{"_bbp_topic_count":0,"_bbp_reply_count":0,"_bbp_total_topic_count":0,"_bbp_total_reply_count":0,"_bbp_voice_count":0,"_bbp_anonymous_reply_count":0,"_bbp_topic_count_hidden":0,"_bbp_reply_count_hidden":0,"_bbp_forum_subforum_count":0,"site-sidebar-layout":"default","site-content-layout":"","ast-site-content-layout":"","site-content-style":"default","site-sidebar-style":"default","ast-global-header-display":"","ast-banner-title-visibility":"","ast-main-header-display":"","ast-hfb-above-header-display":"","ast-hfb-below-header-display":"","ast-hfb-mobile-header-display":"","site-post-title":"","ast-breadcrumbs-content":"","ast-featured-img":"","footer-sml-layout":"","theme-transparent-header-meta":"","adv-header-id-meta":"","stick-header-meta":"","header-above-stick-meta":"","header-main-stick-meta":"","header-below-stick-meta":"","astra-migrate-meta-layouts":"default","ast-page-background-enabled":"default","ast-page-background-meta":{"desktop":{"background-color":"var(--ast-global-color-4)","background-image":"","background-repeat":"repeat","background-position":"center center","background-size":"auto","background-attachment":"scroll","background-type":"","background-media":"","overlay-type":"","overlay-color":"","overlay-opacity":"","overlay-gradient":""},"tablet":{"background-color":"","background-image":"","background-repeat":"repeat","background-position":"center center","background-size":"auto","background-attachment":"scroll","background-type":"","background-media":"","overlay-type":"","overlay-color":"","overlay-opacity":"","overlay-gradient":""},"mobile":{"background-color":"","background-image":"","background-repeat":"repeat","background-position":"center center","background-size":"auto","background-attachment":"scroll","background-type":"","background-media":"","overlay-type":"","overlay-color":"","overlay-opacity":"","overlay-gradient":""}},"ast-content-background-meta":{"desktop":{"background-color":"var(--ast-global-color-5)","background-image":"","background-repeat":"repeat","background-position":"center center","background-size":"auto","background-attachment":"scroll","background-type":"","background-media":"","overlay-type":"","overlay-color":"","overlay-opacity":"","overlay-gradient":""},"tablet":{"background-color":"var(--ast-global-color-5)","background-image":"","background-repeat":"repeat","background-position":"center center","background-size":"auto","background-attachment":"scroll","background-type":"","background-media":"","overlay-type":"","overlay-color":"","overlay-opacity":"","overlay-gradient":""},"mobile":{"background-color":"var(--ast-global-color-5)","background-image":"","background-repeat":"repeat","background-position":"center center","background-size":"auto","background-attachment":"scroll","background-type":"","background-media":"","overlay-type":"","overlay-color":"","overlay-opacity":"","overlay-gradient":""}},"footnotes":""},"categories":[29],"tags":[],"class_list":["post-17991","post","type-post","status-publish","format-standard","has-post-thumbnail","hentry","category-portada"],"post_mailing_queue_ids":[],"_links":{"self":[{"href":"https:\/\/serveiseducatius.xtec.cat\/bergueda\/wp-json\/wp\/v2\/posts\/17991","targetHints":{"allow":["GET"]}}],"collection":[{"href":"https:\/\/serveiseducatius.xtec.cat\/bergueda\/wp-json\/wp\/v2\/posts"}],"about":[{"href":"https:\/\/serveiseducatius.xtec.cat\/bergueda\/wp-json\/wp\/v2\/types\/post"}],"author":[{"embeddable":true,"href":"https:\/\/serveiseducatius.xtec.cat\/bergueda\/wp-json\/wp\/v2\/users\/1"}],"replies":[{"embeddable":true,"href":"https:\/\/serveiseducatius.xtec.cat\/bergueda\/wp-json\/wp\/v2\/comments?post=17991"}],"version-history":[{"count":3,"href":"https:\/\/serveiseducatius.xtec.cat\/bergueda\/wp-json\/wp\/v2\/posts\/17991\/revisions"}],"predecessor-version":[{"id":18140,"href":"https:\/\/serveiseducatius.xtec.cat\/bergueda\/wp-json\/wp\/v2\/posts\/17991\/revisions\/18140"}],"wp:featuredmedia":[{"embeddable":true,"href":"https:\/\/serveiseducatius.xtec.cat\/bergueda\/wp-json\/wp\/v2\/media\/15459"}],"wp:attachment":[{"href":"https:\/\/serveiseducatius.xtec.cat\/bergueda\/wp-json\/wp\/v2\/media?parent=17991"}],"wp:term":[{"taxonomy":"category","embeddable":true,"href":"https:\/\/serveiseducatius.xtec.cat\/bergueda\/wp-json\/wp\/v2\/categories?post=17991"},{"taxonomy":"post_tag","embeddable":true,"href":"https:\/\/serveiseducatius.xtec.cat\/bergueda\/wp-json\/wp\/v2\/tags?post=17991"}],"curies":[{"name":"wp","href":"https:\/\/api.w.org\/{rel}","templated":true}]}}