{"id":17695,"date":"2024-02-22T11:51:42","date_gmt":"2024-02-22T10:51:42","guid":{"rendered":"https:\/\/serveiseducatius.xtec.cat\/bergueda\/?p=17695"},"modified":"2024-03-01T09:34:30","modified_gmt":"2024-03-01T08:34:30","slug":"conferencia-com-dissenyar-i-implementar-situacions-daprenentatge-el-cas-del-cadenats-a-segon-cicle-de-leso","status":"publish","type":"post","link":"https:\/\/serveiseducatius.xtec.cat\/bergueda\/portada\/conferencia-com-dissenyar-i-implementar-situacions-daprenentatge-el-cas-del-cadenats-a-segon-cicle-de-leso\/","title":{"rendered":"Confer\u00e8ncia. Com dissenyar i implementar situacions d\u2019aprenentatge? El cas del cadenats a segon cicle de l\u2019ESO."},"content":{"rendered":"<p><a href=\"https:\/\/serveiseducatius.xtec.cat\/cesire\/cicle-de-conferencies-perspectives-matematiques-2023-24\/\"><img loading=\"lazy\" decoding=\"async\" class=\" wp-image-17698 aligncenter\" src=\"https:\/\/serveiseducatius.xtec.cat\/bergueda\/wp-content\/uploads\/usu878\/2024\/02\/com-dissenyar-SA.jpg\" alt=\"\" width=\"766\" height=\"431\" srcset=\"https:\/\/serveiseducatius.xtec.cat\/bergueda\/wp-content\/uploads\/usu878\/2024\/02\/com-dissenyar-SA.jpg 960w, https:\/\/serveiseducatius.xtec.cat\/bergueda\/wp-content\/uploads\/usu878\/2024\/02\/com-dissenyar-SA-300x169.jpg 300w, https:\/\/serveiseducatius.xtec.cat\/bergueda\/wp-content\/uploads\/usu878\/2024\/02\/com-dissenyar-SA-768x432.jpg 768w\" sizes=\"auto, (max-width: 766px) 100vw, 766px\" \/><\/a><\/p>\n<p>Dins el cicle<strong><em> Perspectives matem\u00e0tiques<\/em><\/strong>, dijous 29 de febrer a les 6 de la tarda, hi haur\u00e0 la confer\u00e8ncia <strong><em>Com dissenyar i implementar Situacions d&#8217;Aprenentatge<\/em><\/strong>, a\u00a0c\u00e0rrec de la Berta Barquero Farr\u00e0s, la Marianna Bosch Casab\u00f2 i la Susana V\u00e1squez Elias de la Universitat de Barcelona<\/p>\n<p>En aquest <a href=\"https:\/\/www.youtube.com\/live\/9iZQkHmBVBI?si=e3I1BQC4-WqgO0X9\">enlla\u00e7 podreu accedir a l&#8217;emissi\u00f3 en directe<\/a><\/p>\n<p><strong>Resum: <\/strong>Partirem d\u2019una q\u00fcesti\u00f3 sobre la seguretat dels cadenats per il\u00b7lustrar la proposta del recorreguts d\u2019estudi i investigaci\u00f3 com a metodologia per al disseny i implementaci\u00f3 de situacions d\u2019aprenentatge. Hem experimentat aquesta situaci\u00f3 durant els darrers quatre cursos amb grups de 3r i 4rt d\u2019ESO i amb un equip divers de professorat. Aix\u00ed hem pogut analitzar com es poden abordar algunes de les principals dificultats que sorgeixen quan se situa la formulaci\u00f3 de q\u00fcestions, l\u2019\u00fas de la modelitzaci\u00f3 matem\u00e0tica i l\u2019elaboraci\u00f3 de respostes en el cor de l\u2019activitat matem\u00e0tica.<\/p>\n<p>A l&#8217;espai <a href=\"https:\/\/serveiseducatius.xtec.cat\/cesire\/cicle-de-conferencies-perspectives-matematiques-2023-24\/\">web del CESIRE<\/a> hi trobareu el formulari per acreditar l&#8217;assist\u00e8ncia, aix\u00ed com tamb\u00e9 la informaci\u00f3 de la resta de confer\u00e8ncies:<\/p>\n<ul>\n<li><strong>GeoGebra en el aula. \u00bfC\u00f3mo ense\u00f1amos trigonometr\u00eda?<\/strong> A c\u00e0rrec de Pablo Trivi\u00f1o, ambaixador GeoGebra, professor de secund\u00e0ria en el IES Carmen Conde de Las Rozas, Madrid. Dijous 14 de mar\u00e7 de 2024 a les 18.00 h<\/li>\n<li><strong>Tratamiento de las fracciones, un ejemplo de cambio. <\/strong>A c\u00e0rrec d\u2019en Jos\u00e9 Manuel Vidal Gonz\u00e1lez, Coordinador del Proyecto Matem\u00e1ticas Newton Canarias de la Consejer\u00eda de Educaci\u00f3n del Gobierno de Canarias. Dijous 4 d\u2019abril de 2024 a les 18.00 h.<\/li>\n<li><strong>Modelitzant matem\u00e0ticament el m\u00f3n que ens envolta a trav\u00e9s del Pensament Computacional.\u00a0 <\/strong>A c\u00e0rrec d\u2019en Juan Miquel Ribera i la Lucia Rotger, de la Universitat de les Illes Balears. Dijous 18 d\u2019abril de 2024 a les 18.00 h.<\/li>\n<\/ul>\n","protected":false},"excerpt":{"rendered":"<p>Dijous 29 de febrer a les 6 de la tarda, hi haur\u00e0 la confer\u00e8ncia Com dissenyar i implementar Situacions d&#8217;Aprenentatge, a\u00a0c\u00e0rrec de la Berta Barquero Farr\u00e0s, la Marianna Bosch Casab\u00f2 i la Susana V\u00e1squez Elias de la Universitat de Barcelona<\/p>\n","protected":false},"author":1,"featured_media":17700,"comment_status":"closed","ping_status":"closed","sticky":false,"template":"","format":"standard","meta":{"_bbp_topic_count":0,"_bbp_reply_count":0,"_bbp_total_topic_count":0,"_bbp_total_reply_count":0,"_bbp_voice_count":0,"_bbp_anonymous_reply_count":0,"_bbp_topic_count_hidden":0,"_bbp_reply_count_hidden":0,"_bbp_forum_subforum_count":0,"site-sidebar-layout":"default","site-content-layout":"","ast-site-content-layout":"","site-content-style":"default","site-sidebar-style":"default","ast-global-header-display":"","ast-banner-title-visibility":"","ast-main-header-display":"","ast-hfb-above-header-display":"","ast-hfb-below-header-display":"","ast-hfb-mobile-header-display":"","site-post-title":"","ast-breadcrumbs-content":"","ast-featured-img":"","footer-sml-layout":"","theme-transparent-header-meta":"","adv-header-id-meta":"","stick-header-meta":"","header-above-stick-meta":"","header-main-stick-meta":"","header-below-stick-meta":"","astra-migrate-meta-layouts":"default","ast-page-background-enabled":"default","ast-page-background-meta":{"desktop":{"background-color":"var(--ast-global-color-4)","background-image":"","background-repeat":"repeat","background-position":"center center","background-size":"auto","background-attachment":"scroll","background-type":"","background-media":"","overlay-type":"","overlay-color":"","overlay-opacity":"","overlay-gradient":""},"tablet":{"background-color":"","background-image":"","background-repeat":"repeat","background-position":"center center","background-size":"auto","background-attachment":"scroll","background-type":"","background-media":"","overlay-type":"","overlay-color":"","overlay-opacity":"","overlay-gradient":""},"mobile":{"background-color":"","background-image":"","background-repeat":"repeat","background-position":"center center","background-size":"auto","background-attachment":"scroll","background-type":"","background-media":"","overlay-type":"","overlay-color":"","overlay-opacity":"","overlay-gradient":""}},"ast-content-background-meta":{"desktop":{"background-color":"var(--ast-global-color-5)","background-image":"","background-repeat":"repeat","background-position":"center center","background-size":"auto","background-attachment":"scroll","background-type":"","background-media":"","overlay-type":"","overlay-color":"","overlay-opacity":"","overlay-gradient":""},"tablet":{"background-color":"var(--ast-global-color-5)","background-image":"","background-repeat":"repeat","background-position":"center center","background-size":"auto","background-attachment":"scroll","background-type":"","background-media":"","overlay-type":"","overlay-color":"","overlay-opacity":"","overlay-gradient":""},"mobile":{"background-color":"var(--ast-global-color-5)","background-image":"","background-repeat":"repeat","background-position":"center center","background-size":"auto","background-attachment":"scroll","background-type":"","background-media":"","overlay-type":"","overlay-color":"","overlay-opacity":"","overlay-gradient":""}},"footnotes":""},"categories":[29],"tags":[],"class_list":["post-17695","post","type-post","status-publish","format-standard","has-post-thumbnail","hentry","category-portada"],"post_mailing_queue_ids":[],"_links":{"self":[{"href":"https:\/\/serveiseducatius.xtec.cat\/bergueda\/wp-json\/wp\/v2\/posts\/17695","targetHints":{"allow":["GET"]}}],"collection":[{"href":"https:\/\/serveiseducatius.xtec.cat\/bergueda\/wp-json\/wp\/v2\/posts"}],"about":[{"href":"https:\/\/serveiseducatius.xtec.cat\/bergueda\/wp-json\/wp\/v2\/types\/post"}],"author":[{"embeddable":true,"href":"https:\/\/serveiseducatius.xtec.cat\/bergueda\/wp-json\/wp\/v2\/users\/1"}],"replies":[{"embeddable":true,"href":"https:\/\/serveiseducatius.xtec.cat\/bergueda\/wp-json\/wp\/v2\/comments?post=17695"}],"version-history":[{"count":2,"href":"https:\/\/serveiseducatius.xtec.cat\/bergueda\/wp-json\/wp\/v2\/posts\/17695\/revisions"}],"predecessor-version":[{"id":17712,"href":"https:\/\/serveiseducatius.xtec.cat\/bergueda\/wp-json\/wp\/v2\/posts\/17695\/revisions\/17712"}],"wp:featuredmedia":[{"embeddable":true,"href":"https:\/\/serveiseducatius.xtec.cat\/bergueda\/wp-json\/wp\/v2\/media\/17700"}],"wp:attachment":[{"href":"https:\/\/serveiseducatius.xtec.cat\/bergueda\/wp-json\/wp\/v2\/media?parent=17695"}],"wp:term":[{"taxonomy":"category","embeddable":true,"href":"https:\/\/serveiseducatius.xtec.cat\/bergueda\/wp-json\/wp\/v2\/categories?post=17695"},{"taxonomy":"post_tag","embeddable":true,"href":"https:\/\/serveiseducatius.xtec.cat\/bergueda\/wp-json\/wp\/v2\/tags?post=17695"}],"curies":[{"name":"wp","href":"https:\/\/api.w.org\/{rel}","templated":true}]}}