{"id":17468,"date":"2024-01-19T12:16:11","date_gmt":"2024-01-19T11:16:11","guid":{"rendered":"https:\/\/serveiseducatius.xtec.cat\/bergueda\/?p=17468"},"modified":"2024-01-19T12:16:11","modified_gmt":"2024-01-19T11:16:11","slug":"curs-deducacio-per-a-la-mobilitat-segura-formacio-per-al-professorat-segona-edicio-2023-2024","status":"publish","type":"post","link":"https:\/\/serveiseducatius.xtec.cat\/bergueda\/portada\/curs-deducacio-per-a-la-mobilitat-segura-formacio-per-al-professorat-segona-edicio-2023-2024\/","title":{"rendered":"Curs d\u2019educaci\u00f3 per a la mobilitat segura, formaci\u00f3 per al professorat. Segona edici\u00f3 2023-2024"},"content":{"rendered":"<p><a href=\"https:\/\/serveiseducatius.xtec.cat\/bergueda\/wp-content\/uploads\/usu878\/2024\/01\/mobilitat-segura.jpg\"><img loading=\"lazy\" decoding=\"async\" class=\"size-full wp-image-17469 alignleft\" src=\"https:\/\/serveiseducatius.xtec.cat\/bergueda\/wp-content\/uploads\/usu878\/2024\/01\/mobilitat-segura.jpg\" alt=\"\" width=\"299\" height=\"225\" srcset=\"https:\/\/serveiseducatius.xtec.cat\/bergueda\/wp-content\/uploads\/usu878\/2024\/01\/mobilitat-segura.jpg 299w, https:\/\/serveiseducatius.xtec.cat\/bergueda\/wp-content\/uploads\/usu878\/2024\/01\/mobilitat-segura-200x150.jpg 200w\" sizes=\"auto, (max-width: 299px) 100vw, 299px\" \/><\/a>El Departament d\u2019Educaci\u00f3 i el Servei Catal\u00e0 de Tr\u00e0nsit organitzen cursos d\u2019educaci\u00f3 per a la mobilitat segura adre\u00e7ats al <strong>professorat de prim\u00e0ria i secund\u00e0ria<\/strong>. Es tracta d\u2019una formaci\u00f3 especialment interessant per treballar l&#8217;educaci\u00f3 en valors, l&#8217;educaci\u00f3 per a la salut i la prevenci\u00f3 de riscos.<br \/>\nEn aquests cursos es proposa reflexionar sobre l\u2019educaci\u00f3 per a la mobilitat segura i es presenta un model did\u00e0ctic de prevenci\u00f3 dels accidents dels infants i joves des de la perspectiva de la minimitzaci\u00f3 del risc i la consci\u00e8ncia dels propis actes i emocions. La formaci\u00f3<strong> \u00e9s totalment virtual <\/strong>(cada persona pot adaptar al seu horari)<strong> i t\u00e9 una durada de 30 hores formatives<\/strong>.<br \/>\nL\u2019objectiu \u00e9s integrar a l\u2019aula el model did\u00e0ctic de prevenci\u00f3 d\u2019accidents i que els i les participants puguin con\u00e8ixer i utilitzar diferents recursos pedag\u00f2gics per posar en pr\u00e0ctica activitats formatives relacionades amb la mobilitat.<br \/>\nEls continguts que es tracten estan directament relacionats amb temes com l&#8217;accidentalitat, el risc, l\u2019aprenentatge de la prevenci\u00f3 i les compet\u00e8ncies de mobilitat segura.<\/p>\n<p><strong><a href=\"https:\/\/aplicacions.gestioeducativa.gencat.cat\/pls\/soloas\/pk_for_mod_ins.p_for_detall_activitat?p_header=Llista%20d%27activitats^pk_for_mod_ins.p_for_cons_activitats?p_tipus_act=EMSI%26p_totes=S%26p_inici=1%26p_excloure_crp_rec=F&amp;p_codi=9002820557&amp;p_curs=2023-2024&amp;p_excloure_crp_rec=F\">Per\u00edode d\u2019inscripci\u00f3 de l\u20191 de gener al 5 de febrer<\/a>.<\/strong><\/p>\n<p><strong>Les dates de realitzaci\u00f3 s\u00f3n del 5 de febrer al 31 de maig de 2024.<\/strong><\/p>\n","protected":false},"excerpt":{"rendered":"<p>S\u2019inicia la segona edici\u00f3 del curs d\u2019educaci\u00f3 per a la mobilitat segura adre\u00e7at al professorat de prim\u00e0ria i secund\u00e0ria.<br \/>\nLa formaci\u00f3 \u00e9s totalment virtual.<br \/>\nLes dates de realitzaci\u00f3 s\u00f3n del 5 de febrer al 31 de maig de 2024.<br \/>\nPer\u00edode d\u2019inscripci\u00f3 de l\u20191 de gener al 5 de febrer.<\/p>\n","protected":false},"author":1,"featured_media":17470,"comment_status":"closed","ping_status":"closed","sticky":false,"template":"","format":"standard","meta":{"_bbp_topic_count":0,"_bbp_reply_count":0,"_bbp_total_topic_count":0,"_bbp_total_reply_count":0,"_bbp_voice_count":0,"_bbp_anonymous_reply_count":0,"_bbp_topic_count_hidden":0,"_bbp_reply_count_hidden":0,"_bbp_forum_subforum_count":0,"site-sidebar-layout":"default","site-content-layout":"","ast-site-content-layout":"","site-content-style":"default","site-sidebar-style":"default","ast-global-header-display":"","ast-banner-title-visibility":"","ast-main-header-display":"","ast-hfb-above-header-display":"","ast-hfb-below-header-display":"","ast-hfb-mobile-header-display":"","site-post-title":"","ast-breadcrumbs-content":"","ast-featured-img":"","footer-sml-layout":"","theme-transparent-header-meta":"","adv-header-id-meta":"","stick-header-meta":"","header-above-stick-meta":"","header-main-stick-meta":"","header-below-stick-meta":"","astra-migrate-meta-layouts":"default","ast-page-background-enabled":"default","ast-page-background-meta":{"desktop":{"background-color":"var(--ast-global-color-4)","background-image":"","background-repeat":"repeat","background-position":"center center","background-size":"auto","background-attachment":"scroll","background-type":"","background-media":"","overlay-type":"","overlay-color":"","overlay-opacity":"","overlay-gradient":""},"tablet":{"background-color":"","background-image":"","background-repeat":"repeat","background-position":"center center","background-size":"auto","background-attachment":"scroll","background-type":"","background-media":"","overlay-type":"","overlay-color":"","overlay-opacity":"","overlay-gradient":""},"mobile":{"background-color":"","background-image":"","background-repeat":"repeat","background-position":"center center","background-size":"auto","background-attachment":"scroll","background-type":"","background-media":"","overlay-type":"","overlay-color":"","overlay-opacity":"","overlay-gradient":""}},"ast-content-background-meta":{"desktop":{"background-color":"var(--ast-global-color-5)","background-image":"","background-repeat":"repeat","background-position":"center center","background-size":"auto","background-attachment":"scroll","background-type":"","background-media":"","overlay-type":"","overlay-color":"","overlay-opacity":"","overlay-gradient":""},"tablet":{"background-color":"var(--ast-global-color-5)","background-image":"","background-repeat":"repeat","background-position":"center center","background-size":"auto","background-attachment":"scroll","background-type":"","background-media":"","overlay-type":"","overlay-color":"","overlay-opacity":"","overlay-gradient":""},"mobile":{"background-color":"var(--ast-global-color-5)","background-image":"","background-repeat":"repeat","background-position":"center center","background-size":"auto","background-attachment":"scroll","background-type":"","background-media":"","overlay-type":"","overlay-color":"","overlay-opacity":"","overlay-gradient":""}},"footnotes":""},"categories":[29],"tags":[],"class_list":["post-17468","post","type-post","status-publish","format-standard","has-post-thumbnail","hentry","category-portada"],"post_mailing_queue_ids":[],"_links":{"self":[{"href":"https:\/\/serveiseducatius.xtec.cat\/bergueda\/wp-json\/wp\/v2\/posts\/17468","targetHints":{"allow":["GET"]}}],"collection":[{"href":"https:\/\/serveiseducatius.xtec.cat\/bergueda\/wp-json\/wp\/v2\/posts"}],"about":[{"href":"https:\/\/serveiseducatius.xtec.cat\/bergueda\/wp-json\/wp\/v2\/types\/post"}],"author":[{"embeddable":true,"href":"https:\/\/serveiseducatius.xtec.cat\/bergueda\/wp-json\/wp\/v2\/users\/1"}],"replies":[{"embeddable":true,"href":"https:\/\/serveiseducatius.xtec.cat\/bergueda\/wp-json\/wp\/v2\/comments?post=17468"}],"version-history":[{"count":1,"href":"https:\/\/serveiseducatius.xtec.cat\/bergueda\/wp-json\/wp\/v2\/posts\/17468\/revisions"}],"predecessor-version":[{"id":17471,"href":"https:\/\/serveiseducatius.xtec.cat\/bergueda\/wp-json\/wp\/v2\/posts\/17468\/revisions\/17471"}],"wp:featuredmedia":[{"embeddable":true,"href":"https:\/\/serveiseducatius.xtec.cat\/bergueda\/wp-json\/wp\/v2\/media\/17470"}],"wp:attachment":[{"href":"https:\/\/serveiseducatius.xtec.cat\/bergueda\/wp-json\/wp\/v2\/media?parent=17468"}],"wp:term":[{"taxonomy":"category","embeddable":true,"href":"https:\/\/serveiseducatius.xtec.cat\/bergueda\/wp-json\/wp\/v2\/categories?post=17468"},{"taxonomy":"post_tag","embeddable":true,"href":"https:\/\/serveiseducatius.xtec.cat\/bergueda\/wp-json\/wp\/v2\/tags?post=17468"}],"curies":[{"name":"wp","href":"https:\/\/api.w.org\/{rel}","templated":true}]}}