{"id":17433,"date":"2024-01-15T06:21:39","date_gmt":"2024-01-15T05:21:39","guid":{"rendered":"https:\/\/serveiseducatius.xtec.cat\/bergueda\/?p=17433"},"modified":"2024-01-16T08:15:14","modified_gmt":"2024-01-16T07:15:14","slug":"xi-jocs-florals-escolars-de-catalunya","status":"publish","type":"post","link":"https:\/\/serveiseducatius.xtec.cat\/bergueda\/portada\/xi-jocs-florals-escolars-de-catalunya\/","title":{"rendered":"XI Jocs Florals Escolars de Catalunya"},"content":{"rendered":"<p><a href=\"https:\/\/serveiseducatius.xtec.cat\/bergueda\/wp-content\/uploads\/usu878\/2015\/11\/jocsflorals.jpg\"><img loading=\"lazy\" decoding=\"async\" class=\"size-full wp-image-965 alignright\" src=\"https:\/\/serveiseducatius.xtec.cat\/bergueda\/wp-content\/uploads\/usu878\/2015\/11\/jocsflorals.jpg\" alt=\"\" width=\"471\" height=\"473\" srcset=\"https:\/\/serveiseducatius.xtec.cat\/bergueda\/wp-content\/uploads\/usu878\/2015\/11\/jocsflorals.jpg 471w, https:\/\/serveiseducatius.xtec.cat\/bergueda\/wp-content\/uploads\/usu878\/2015\/11\/jocsflorals-150x150.jpg 150w, https:\/\/serveiseducatius.xtec.cat\/bergueda\/wp-content\/uploads\/usu878\/2015\/11\/jocsflorals-300x300.jpg 300w\" sizes=\"auto, (max-width: 471px) 100vw, 471px\" \/><\/a>Ja tenim oberta la inscripci\u00f3 a la <b>XIa edici\u00f3 dels Jocs Florals Escolars de Catalunya. <\/b>Amb l\u2019objectiu d\u2019estimular la creaci\u00f3 liter\u00e0ria entre el vostre alumnat us animem a participar-hi.<br \/>\nCom en edicions anteriors, els treballs poden ser en prosa i poesia (aqu\u00ed trobareu les <a href=\"https:\/\/xtec.gencat.cat\/web\/.content\/centres\/alscentres\/premis\/jocsflorals\/2324\/Bases-dels-XI-Jocs-Florals-Escolars-de-Catalunya-2024.pdf\">bases de participaci\u00f3<\/a> dels treballs escrits) i una categoria per a l\u2019elaboraci\u00f3 d\u2019un conte audiovisual, en la qual hi pot participar tot el grup classe.\u00a0 En trobareu les bases\u00a0 <a href=\"https:\/\/xtec.gencat.cat\/web\/.content\/centres\/alscentres\/premis\/jocsflorals\/2324\/Bases-dels-contes-audiovisuals-2024.pdf\">aqu\u00ed<\/a><\/p>\n<p>Volem destacar:<\/p>\n<ul>\n<li>Totes les categories, llevat de la H (conte audiovisual), se subdivideixen en dues: <b>prosa i poesia<\/b>.<\/li>\n<\/ul>\n<ul>\n<li><b>Prim\u00e0ria:\u00a0<\/b>\n<ul>\n<li>Els treballs de <b>prosa <\/b>han de ser<b> col\u00b7lectius<\/b> (3-5 alumnes)<\/li>\n<li>Els treballs de <b>poesia<\/b> poden ser<b> individuals o col\u00b7lectius<\/b><\/li>\n<li>Els treballs dels alumnes amb NESE, tant prosa com poesia, han de ser <b>col\u00b7lectius <\/b>(3-5 alumnes)<\/li>\n<\/ul>\n<\/li>\n<\/ul>\n<ul>\n<li><b>Secund\u00e0ria:<\/b>\n<ul>\n<li>Els treballs de <b>prosa i poesia<\/b> s\u00f3n <b>individuals<\/b><\/li>\n<li>Els treballs d\u2019alumnes amb NESE han de ser <b>col\u00b7lectius<\/b> (3-5 alumnes)<\/li>\n<\/ul>\n<\/li>\n<\/ul>\n<ul>\n<li>El centre ha de garantir que els treballs presentats s\u00f3n <b>originals i elaborats a l\u2019aula.<\/b> Aquests treballs han de ser una mostra del proc\u00e9s d\u2019escriptura que que ja s\u2019est\u00e0 fent a l\u2019aula, i la participaci\u00f3 al certamen \u00e9s un est\u00edmul per la creaci\u00f3 m\u00e9s que un objectiu en si mateix.<\/li>\n<li>El centre nom\u00e9s pot presentar <b>un treball per categoria.<\/b><\/li>\n<li>El termini d\u2019<b>inscripci\u00f3 \u00e9s del 15 de gener a l\u20191 de mar\u00e7, <\/b>ambd\u00f3s inclosos.<\/li>\n<li><b>La presentaci\u00f3<\/b> d&#8217;originals es far\u00e0 a trav\u00e9s d\u2019un formulari que us farem arribar m\u00e9s endavant. S\u2019acceptaran les obres fins al<b> 24 d\u2019abril.<\/b><\/li>\n<li>L\u2019acte de lliurament d\u2019obsequis als guanyadors tindr\u00e0 un <b>format presencial. <\/b>M\u00e9s endavant us concretarem la data i lloc exactes, per\u00f2 ser\u00e0 pels voltants de maig.<\/li>\n<li>Els guanyadors de la fase territorial participaran a la fase nacional. L\u2019acte de proclamaci\u00f3 i lliurament dels guardons ser\u00e0 el <b>8 de juny<\/b> a Barcelona INEFC Catalunya).<\/li>\n<\/ul>\n<p>Per inscriure-us cal que ompliu el seg\u00fcent <a href=\"https:\/\/forms.gle\/x4oMuPZ3YV7dBhns6\"> formulari.<\/a><\/p>\n<p>Per qualsevol aclariment o dubte sobre la participaci\u00f3, us podeu posar en contacte amb nosaltres.<\/p>\n","protected":false},"excerpt":{"rendered":"<p>Ja tenim oberta la inscripci\u00f3 a la XIa edici\u00f3 dels Jocs Florals Escolars de Catalunya. Amb l\u2019objectiu d\u2019estimular la creaci\u00f3 liter\u00e0ria entre el vostre alumnat us animem a participar-hi.<br \/>\nCom en edicions anteriors, els treballs poden ser en prosa i poesia<\/p>\n","protected":false},"author":1,"featured_media":8782,"comment_status":"closed","ping_status":"closed","sticky":false,"template":"","format":"standard","meta":{"_bbp_topic_count":0,"_bbp_reply_count":0,"_bbp_total_topic_count":0,"_bbp_total_reply_count":0,"_bbp_voice_count":0,"_bbp_anonymous_reply_count":0,"_bbp_topic_count_hidden":0,"_bbp_reply_count_hidden":0,"_bbp_forum_subforum_count":0,"site-sidebar-layout":"default","site-content-layout":"","ast-site-content-layout":"","site-content-style":"default","site-sidebar-style":"default","ast-global-header-display":"","ast-banner-title-visibility":"","ast-main-header-display":"","ast-hfb-above-header-display":"","ast-hfb-below-header-display":"","ast-hfb-mobile-header-display":"","site-post-title":"","ast-breadcrumbs-content":"","ast-featured-img":"","footer-sml-layout":"","theme-transparent-header-meta":"","adv-header-id-meta":"","stick-header-meta":"","header-above-stick-meta":"","header-main-stick-meta":"","header-below-stick-meta":"","astra-migrate-meta-layouts":"default","ast-page-background-enabled":"default","ast-page-background-meta":{"desktop":{"background-color":"var(--ast-global-color-4)","background-image":"","background-repeat":"repeat","background-position":"center center","background-size":"auto","background-attachment":"scroll","background-type":"","background-media":"","overlay-type":"","overlay-color":"","overlay-opacity":"","overlay-gradient":""},"tablet":{"background-color":"","background-image":"","background-repeat":"repeat","background-position":"center center","background-size":"auto","background-attachment":"scroll","background-type":"","background-media":"","overlay-type":"","overlay-color":"","overlay-opacity":"","overlay-gradient":""},"mobile":{"background-color":"","background-image":"","background-repeat":"repeat","background-position":"center center","background-size":"auto","background-attachment":"scroll","background-type":"","background-media":"","overlay-type":"","overlay-color":"","overlay-opacity":"","overlay-gradient":""}},"ast-content-background-meta":{"desktop":{"background-color":"var(--ast-global-color-5)","background-image":"","background-repeat":"repeat","background-position":"center center","background-size":"auto","background-attachment":"scroll","background-type":"","background-media":"","overlay-type":"","overlay-color":"","overlay-opacity":"","overlay-gradient":""},"tablet":{"background-color":"var(--ast-global-color-5)","background-image":"","background-repeat":"repeat","background-position":"center center","background-size":"auto","background-attachment":"scroll","background-type":"","background-media":"","overlay-type":"","overlay-color":"","overlay-opacity":"","overlay-gradient":""},"mobile":{"background-color":"var(--ast-global-color-5)","background-image":"","background-repeat":"repeat","background-position":"center center","background-size":"auto","background-attachment":"scroll","background-type":"","background-media":"","overlay-type":"","overlay-color":"","overlay-opacity":"","overlay-gradient":""}},"footnotes":""},"categories":[423,71,29],"tags":[],"class_list":["post-17433","post","type-post","status-publish","format-standard","has-post-thumbnail","hentry","category-concursos-premis-alumnat","category-jocs-florals","category-portada"],"post_mailing_queue_ids":[],"_links":{"self":[{"href":"https:\/\/serveiseducatius.xtec.cat\/bergueda\/wp-json\/wp\/v2\/posts\/17433","targetHints":{"allow":["GET"]}}],"collection":[{"href":"https:\/\/serveiseducatius.xtec.cat\/bergueda\/wp-json\/wp\/v2\/posts"}],"about":[{"href":"https:\/\/serveiseducatius.xtec.cat\/bergueda\/wp-json\/wp\/v2\/types\/post"}],"author":[{"embeddable":true,"href":"https:\/\/serveiseducatius.xtec.cat\/bergueda\/wp-json\/wp\/v2\/users\/1"}],"replies":[{"embeddable":true,"href":"https:\/\/serveiseducatius.xtec.cat\/bergueda\/wp-json\/wp\/v2\/comments?post=17433"}],"version-history":[{"count":2,"href":"https:\/\/serveiseducatius.xtec.cat\/bergueda\/wp-json\/wp\/v2\/posts\/17433\/revisions"}],"predecessor-version":[{"id":17443,"href":"https:\/\/serveiseducatius.xtec.cat\/bergueda\/wp-json\/wp\/v2\/posts\/17433\/revisions\/17443"}],"wp:featuredmedia":[{"embeddable":true,"href":"https:\/\/serveiseducatius.xtec.cat\/bergueda\/wp-json\/wp\/v2\/media\/8782"}],"wp:attachment":[{"href":"https:\/\/serveiseducatius.xtec.cat\/bergueda\/wp-json\/wp\/v2\/media?parent=17433"}],"wp:term":[{"taxonomy":"category","embeddable":true,"href":"https:\/\/serveiseducatius.xtec.cat\/bergueda\/wp-json\/wp\/v2\/categories?post=17433"},{"taxonomy":"post_tag","embeddable":true,"href":"https:\/\/serveiseducatius.xtec.cat\/bergueda\/wp-json\/wp\/v2\/tags?post=17433"}],"curies":[{"name":"wp","href":"https:\/\/api.w.org\/{rel}","templated":true}]}}