{"id":17378,"date":"2023-12-19T13:20:13","date_gmt":"2023-12-19T12:20:13","guid":{"rendered":"https:\/\/serveiseducatius.xtec.cat\/bergueda\/?p=17378"},"modified":"2023-12-19T13:21:57","modified_gmt":"2023-12-19T12:21:57","slug":"formacio-2n-quadrimestre-cursos-de-situacions-daprenentatge-per-a-leso-i-el-batxillerat-competencials","status":"publish","type":"post","link":"https:\/\/serveiseducatius.xtec.cat\/bergueda\/portada\/formacio-2n-quadrimestre-cursos-de-situacions-daprenentatge-per-a-leso-i-el-batxillerat-competencials\/","title":{"rendered":"Formaci\u00f3 2n quadrimestre Cursos de Situacions d&#8217;aprenentatge per a l&#8217;ESO i el batxillerat competencials"},"content":{"rendered":"<p><a href=\"https:\/\/serveiseducatius.xtec.cat\/bergueda\/wp-content\/uploads\/usu878\/2022\/09\/curriculum-e1664528243281.jpg\"><img loading=\"lazy\" decoding=\"async\" class=\"size-full wp-image-15239 aligncenter\" src=\"https:\/\/serveiseducatius.xtec.cat\/bergueda\/wp-content\/uploads\/usu878\/2022\/09\/curriculum-e1664528243281.jpg\" alt=\"\" width=\"192\" height=\"185\" \/><\/a>Per\u00a0aquest\u00a0\u00a02n quadrimestre s&#8217;han tornat a programar diverses formacions\u00a0<em>Situacions d&#8217;aprenentatge per a l&#8217;ESO i el batxillerat competencials<\/em>\u00a0per\u00a0acompanyar als docents segons la seva especialitat.<\/p>\n<p>S\u00f3n cursos semipresencials de 30 hores,\u00a0<strong><u>quatre\u00a0<\/u><\/strong><strong><u>sessions presencials i\u00a0<\/u><\/strong><strong><u>tres\u00a0<\/u><\/strong><strong><u>telem\u00e0tiques s\u00edncrones<\/u><\/strong><strong>.<\/strong><\/p>\n<p><strong>Horari: de 16:00h. a 19:00h.<\/strong><\/p>\n<p><strong><u>Termini\u00a0d&#8217;inscripcions<\/u><\/strong><strong>\u00a0fins al\u00a0 15 de gener<\/strong><\/p>\n<p><strong><u>Les adjudicacions es podran consultar<\/u><\/strong><strong>\u00a0a partir del\u00a0<\/strong><strong>31 de gener\u00a0<\/strong><strong>a\u00a0\u00a0<a href=\"http:\/\/xtec.gencat.cat\/ca\/formacio\/la-meva-formacio\/les-meves-activitats\/\" data-saferedirecturl=\"https:\/\/www.google.com\/url?q=http:\/\/xtec.gencat.cat\/ca\/formacio\/la-meva-formacio\/les-meves-activitats\/&amp;source=gmail&amp;ust=1703073747760000&amp;usg=AOvVaw1xRA0cXP1eHyKxmepGTpjz\">\u201cles meves activitats\u201d<\/a><\/strong><\/p>\n<p><strong>Les seg\u00fcents formacions es fan en dijous.<\/strong><\/p>\n<p><strong>Les sessions presencials s\u00f3n:<\/strong><strong>\u00a0<\/strong>8 de febrer, 7 de mar\u00e7, 4 d&#8217;abril i 9 de maig i les\u00a0<strong>telem\u00e0tiques s\u00edncrones<\/strong> s\u00f3n: 22 de febrer, 14 de mar\u00e7 i 18 d&#8217;abril.<\/p>\n<p>&nbsp;<\/p>\n<table>\n<tbody>\n<tr>\n<td><\/td>\n<td>B003580557<\/td>\n<td><a href=\"https:\/\/aplicacions.gestioeducativa.gencat.cat\/pls\/soloas\/pk_for_mod_ins.p_for_pre_cons_activitats?p_any=2023-2024&amp;p_codi=B003580557\" data-saferedirecturl=\"https:\/\/www.google.com\/url?q=https:\/\/aplicacions.gestioeducativa.gencat.cat\/pls\/soloas\/pk_for_mod_ins.p_for_pre_cons_activitats?p_any%3D2023-2024%26p_codi%3DB003580557&amp;source=gmail&amp;ust=1703073747760000&amp;usg=AOvVaw3jIRMPV-TQutRNEooGaANo\">\u00a0\u00a0<strong>\u00a0<\/strong><br \/>\n<\/a><\/td>\n<td><a href=\"https:\/\/aplicacions.gestioeducativa.gencat.cat\/pls\/soloas\/pk_for_mod_ins.p_for_pre_cons_activitats?p_any=2023-2024&amp;p_codi=B003580557\" data-saferedirecturl=\"https:\/\/www.google.com\/url?q=https:\/\/aplicacions.gestioeducativa.gencat.cat\/pls\/soloas\/pk_for_mod_ins.p_for_pre_cons_activitats?p_any%3D2023-2024%26p_codi%3DB003580557&amp;source=gmail&amp;ust=1703073747760000&amp;usg=AOvVaw3jIRMPV-TQutRNEooGaANo\"><strong>Situacions d&#8217;aprenentatge per a l&#8217;ESO i el batxillerat competencials (Economia)<\/strong><\/a><\/td>\n<\/tr>\n<tr>\n<td><\/td>\n<td>2023-2024<\/td>\n<td><\/td>\n<td>Curs semipresencial. INS Quercus (Sant Joan de Vilatorrada). Del dijous 8\/2\/2024 al 9\/5\/2024 de 16:00h a 19:00h<br \/>\n<strong>Formadora\u00a0Carme\u00a0Pint\u00f3<\/strong><\/td>\n<\/tr>\n<tr>\n<td><\/td>\n<td>B003590557<\/td>\n<td>\u00a0<strong>\u00a0<\/strong><\/td>\n<td><a href=\"https:\/\/aplicacions.gestioeducativa.gencat.cat\/pls\/soloas\/pk_for_mod_ins.p_for_pre_cons_activitats?p_any=2023-2024&amp;p_codi=B003590557\" data-saferedirecturl=\"https:\/\/www.google.com\/url?q=https:\/\/aplicacions.gestioeducativa.gencat.cat\/pls\/soloas\/pk_for_mod_ins.p_for_pre_cons_activitats?p_any%3D2023-2024%26p_codi%3DB003590557&amp;source=gmail&amp;ust=1703073747760000&amp;usg=AOvVaw3-uZihB0t7YTQ2v_D-SAZr\"><strong>Situacions d&#8217;aprenentatge per a l&#8217;ESO i el batxillerat competencials (Filosofia)<\/strong><\/a><\/td>\n<\/tr>\n<tr>\n<td><\/td>\n<td>2023-2024<\/td>\n<td><\/td>\n<td>Curs semipresencial. INS Quercus (Sant Joan de Vilatorrada). Del dijous 8\/2\/2024 al 9\/5\/2024 de 16:00h a 19:00h<br \/>\n<strong>Formador Roger Fust\u00e9<\/strong><\/td>\n<\/tr>\n<\/tbody>\n<\/table>\n<table>\n<tbody>\n<tr>\n<td><\/td>\n<td>B003600557<\/td>\n<td><\/td>\n<td><strong><a href=\"https:\/\/aplicacions.gestioeducativa.gencat.cat\/pls\/soloas\/pk_for_mod_ins.p_for_pre_cons_activitats?p_any=2023-2024&amp;p_codi=B003600557\" data-saferedirecturl=\"https:\/\/www.google.com\/url?q=https:\/\/aplicacions.gestioeducativa.gencat.cat\/pls\/soloas\/pk_for_mod_ins.p_for_pre_cons_activitats?p_any%3D2023-2024%26p_codi%3DB003600557&amp;source=gmail&amp;ust=1703073747760000&amp;usg=AOvVaw0dq6qc8DFDypjSvTkIUyPs\">Situacions d&#8217;aprenentatge per a l&#8217;ESO i el batxillerat competencials (Geografia i Hist\u00f2ria)<\/a><\/strong><\/td>\n<\/tr>\n<tr>\n<td><\/td>\n<td>2023-2024<\/td>\n<td><\/td>\n<td>Curs semipresencial. INS Quercus (Sant Joan de Vilatorrada). Del dijous 8\/2\/2024 al 9\/5\/2024 de 16:00h a 19:00h<br \/>\n<strong>Formador Esteve Salamero<\/strong><\/td>\n<\/tr>\n<\/tbody>\n<\/table>\n<table style=\"font-weight: 400;\">\n<tbody>\n<tr>\n<td><\/td>\n<td>B003620557<\/td>\n<td><strong>\u00a0<\/strong><\/td>\n<td><a href=\"https:\/\/aplicacions.gestioeducativa.gencat.cat\/pls\/soloas\/pk_for_mod_ins.p_for_pre_cons_activitats?p_any=2023-2024&amp;p_codi=B003620557\" data-saferedirecturl=\"https:\/\/www.google.com\/url?q=https:\/\/aplicacions.gestioeducativa.gencat.cat\/pls\/soloas\/pk_for_mod_ins.p_for_pre_cons_activitats?p_any%3D2023-2024%26p_codi%3DB003620557&amp;source=gmail&amp;ust=1703073747761000&amp;usg=AOvVaw3k-mFj6bLqWZXf0BpVlCr2\"><strong>Situacions d&#8217;aprenentatge per a l&#8217;ESO i el batxillerat competencials (Educaci\u00f3 F\u00edsica)<\/strong><\/a><\/td>\n<\/tr>\n<tr>\n<td><\/td>\n<td>2023-2024<\/td>\n<td><\/td>\n<td>Curs semipresencial. INS Gurb (Gurb). Del dijous 8\/2\/2024 al 9\/5\/2024 de 16:00h a 19:00h<br \/>\n<strong>Formador Pere Vila<\/strong><\/td>\n<\/tr>\n<tr>\n<td><\/td>\n<td>B003630557<\/td>\n<td>\u00a0<strong>\u00a0<\/strong><\/td>\n<td><a href=\"https:\/\/aplicacions.gestioeducativa.gencat.cat\/pls\/soloas\/pk_for_mod_ins.p_for_pre_cons_activitats?p_any=2023-2024&amp;p_codi=B003630557\" data-saferedirecturl=\"https:\/\/www.google.com\/url?q=https:\/\/aplicacions.gestioeducativa.gencat.cat\/pls\/soloas\/pk_for_mod_ins.p_for_pre_cons_activitats?p_any%3D2023-2024%26p_codi%3DB003630557&amp;source=gmail&amp;ust=1703073747761000&amp;usg=AOvVaw0S6X7iQ0ah_x7__DtbD1s1\"><strong>Situacions d&#8217;aprenentatge per a l&#8217;ESO i el batxillerat competencials (F\u00edsica i Qu\u00edmica)<\/strong><\/a><\/td>\n<\/tr>\n<tr>\n<td><\/td>\n<td>2023-2024<\/td>\n<td><\/td>\n<td>Curs semipresencial. INS Gurb (Gurb). Del dijous 8\/2\/2024 al 9\/5\/2024 de 16:00h a 19:00h<br \/>\n<strong>Formador Xavier Urbon<\/strong><\/td>\n<\/tr>\n<tr>\n<td><\/td>\n<td>B003640557<\/td>\n<td>\u00a0\u00a0<strong>\u00a0<\/strong><\/td>\n<td><a href=\"https:\/\/aplicacions.gestioeducativa.gencat.cat\/pls\/soloas\/pk_for_mod_ins.p_for_pre_cons_activitats?p_any=2023-2024&amp;p_codi=B003640557\" data-saferedirecturl=\"https:\/\/www.google.com\/url?q=https:\/\/aplicacions.gestioeducativa.gencat.cat\/pls\/soloas\/pk_for_mod_ins.p_for_pre_cons_activitats?p_any%3D2023-2024%26p_codi%3DB003640557&amp;source=gmail&amp;ust=1703073747761000&amp;usg=AOvVaw2EkB0sobzTTDH7MPNcuVQc\"><strong>Situacions d&#8217;aprenentatge per a l&#8217;ESO i el batxillerat competencials (Lleng\u00fces estrangeres)<\/strong><\/a><\/td>\n<\/tr>\n<tr>\n<td><\/td>\n<td>2023-2024<\/td>\n<td><\/td>\n<td>Curs semipresencial. INS Gurb (Gurb). Del dijous 8\/2\/2024 al 9\/5\/2024 de 16:00h a 19:00h<br \/>\n<strong>Formadora Ester Bayon<\/strong><\/td>\n<\/tr>\n<tr>\n<td><\/td>\n<td>B003650557<\/td>\n<td><strong>\u00a0<\/strong><\/td>\n<td><a href=\"https:\/\/aplicacions.gestioeducativa.gencat.cat\/pls\/soloas\/pk_for_mod_ins.p_for_pre_cons_activitats?p_any=2023-2024&amp;p_codi=B003650557\" data-saferedirecturl=\"https:\/\/www.google.com\/url?q=https:\/\/aplicacions.gestioeducativa.gencat.cat\/pls\/soloas\/pk_for_mod_ins.p_for_pre_cons_activitats?p_any%3D2023-2024%26p_codi%3DB003650557&amp;source=gmail&amp;ust=1703073747761000&amp;usg=AOvVaw3IJBCRN86TF5E6sGSrY0nt\"><strong>Situacions d&#8217;aprenentatge per a l&#8217;ESO i el batxillerat competencials (Matem\u00e0tiques)<\/strong><\/a><\/td>\n<\/tr>\n<tr>\n<td><\/td>\n<td>2023-2024<\/td>\n<td><\/td>\n<td>Curs semipresencial. INS Gurb (Gurb). Del dijous 8\/2\/2024 al 9\/5\/2024 de 16:00h a 19:00h<br \/>\n<strong>Formadores: Immaculada Casas i S\u00edlvia Salvador<\/strong><\/td>\n<\/tr>\n<\/tbody>\n<\/table>\n<p>&nbsp;<\/p>\n<p>&nbsp;<\/p>\n<p><strong>Aquesta formaci\u00f3 es fa en dimarts<\/strong><\/p>\n<p><strong>Les sessions presencials s\u00f3n: <\/strong><strong>\u00a0<\/strong>6 de febrer, 5 de mar\u00e7, 2 d&#8217;abril i 7 de maig i les <strong>telem\u00e0tiques s\u00edncrones<\/strong> s\u00f3n 20 de febrer, 12 de mar\u00e7 i 16 d&#8217;abril<\/p>\n<table>\n<tbody>\n<tr>\n<td><\/td>\n<td>B003610557<\/td>\n<td><\/td>\n<td><a href=\"https:\/\/aplicacions.gestioeducativa.gencat.cat\/pls\/soloas\/pk_for_mod_ins.p_for_pre_cons_activitats?p_any=2023-2024&amp;p_codi=B003610557\" data-saferedirecturl=\"https:\/\/www.google.com\/url?q=https:\/\/aplicacions.gestioeducativa.gencat.cat\/pls\/soloas\/pk_for_mod_ins.p_for_pre_cons_activitats?p_any%3D2023-2024%26p_codi%3DB003610557&amp;source=gmail&amp;ust=1703073747761000&amp;usg=AOvVaw1bToqYxEv3wZXGpp-qndiI\"><strong>Situacions d&#8217;aprenentatge per a l&#8217;ESO i el batxillerat competencials (Cultura cl\u00e0ssica)<\/strong><\/a><\/td>\n<\/tr>\n<tr>\n<td><\/td>\n<td>2023-2024<\/td>\n<td><\/td>\n<td>Curs semipresencial. INS Pius Font i Quer (Manresa). Del dimarts 6\/2\/2024 al 7\/5\/2024 de 16:00h a 19:00h<br \/>\n<strong>Formador Guillem Cintas<\/strong><\/td>\n<\/tr>\n<\/tbody>\n<\/table>\n<p>En aquest\u00a0<a href=\"https:\/\/xtec.gencat.cat\/ca\/formacio\/formaciogeneralprofessorat\/curriculum\/eso-i-batxillerat-competencials-amb-situacions-daprenentatge\/\" data-saferedirecturl=\"https:\/\/www.google.com\/url?q=https:\/\/xtec.gencat.cat\/ca\/formacio\/formaciogeneralprofessorat\/curriculum\/eso-i-batxillerat-competencials-amb-situacions-daprenentatge\/&amp;source=gmail&amp;ust=1703073747761000&amp;usg=AOvVaw0ABkUTrX3XVv1qEaOWzDih\"><strong>enlla\u00e7<\/strong><\/a><strong>\u00a0<\/strong>es pot consultar l&#8217;oferta de totes les activitats (Situacions d&#8217;aprenentatge per a l&#8217;ESO i el batxillerat competencials) que es fan a la resta de territoris.<\/p>\n<p><a href=\"https:\/\/xtec.gencat.cat\/ca\/curriculum\/batxillerat\/curriculum-171-2022\/\">M\u00e9s informaci\u00f3 del nou curr\u00edculum<\/a><\/p>\n<p>&nbsp;<\/p>\n","protected":false},"excerpt":{"rendered":"<p>Per\u00a0aquest\u00a0\u00a02n quadrimestre s&#8217;han tornat a programar diverses formacions\u00a0Situacions d&#8217;aprenentatge per a l&#8217;ESO i el batxillerat competencials\u00a0per\u00a0acompanyar als docents segons la [&hellip;]<\/p>\n","protected":false},"author":1,"featured_media":15239,"comment_status":"closed","ping_status":"closed","sticky":false,"template":"","format":"standard","meta":{"_bbp_topic_count":0,"_bbp_reply_count":0,"_bbp_total_topic_count":0,"_bbp_total_reply_count":0,"_bbp_voice_count":0,"_bbp_anonymous_reply_count":0,"_bbp_topic_count_hidden":0,"_bbp_reply_count_hidden":0,"_bbp_forum_subforum_count":0,"site-sidebar-layout":"default","site-content-layout":"","ast-site-content-layout":"","site-content-style":"default","site-sidebar-style":"default","ast-global-header-display":"","ast-banner-title-visibility":"","ast-main-header-display":"","ast-hfb-above-header-display":"","ast-hfb-below-header-display":"","ast-hfb-mobile-header-display":"","site-post-title":"","ast-breadcrumbs-content":"","ast-featured-img":"","footer-sml-layout":"","theme-transparent-header-meta":"","adv-header-id-meta":"","stick-header-meta":"","header-above-stick-meta":"","header-main-stick-meta":"","header-below-stick-meta":"","astra-migrate-meta-layouts":"default","ast-page-background-enabled":"default","ast-page-background-meta":{"desktop":{"background-color":"var(--ast-global-color-4)","background-image":"","background-repeat":"repeat","background-position":"center center","background-size":"auto","background-attachment":"scroll","background-type":"","background-media":"","overlay-type":"","overlay-color":"","overlay-opacity":"","overlay-gradient":""},"tablet":{"background-color":"","background-image":"","background-repeat":"repeat","background-position":"center center","background-size":"auto","background-attachment":"scroll","background-type":"","background-media":"","overlay-type":"","overlay-color":"","overlay-opacity":"","overlay-gradient":""},"mobile":{"background-color":"","background-image":"","background-repeat":"repeat","background-position":"center center","background-size":"auto","background-attachment":"scroll","background-type":"","background-media":"","overlay-type":"","overlay-color":"","overlay-opacity":"","overlay-gradient":""}},"ast-content-background-meta":{"desktop":{"background-color":"var(--ast-global-color-5)","background-image":"","background-repeat":"repeat","background-position":"center center","background-size":"auto","background-attachment":"scroll","background-type":"","background-media":"","overlay-type":"","overlay-color":"","overlay-opacity":"","overlay-gradient":""},"tablet":{"background-color":"var(--ast-global-color-5)","background-image":"","background-repeat":"repeat","background-position":"center center","background-size":"auto","background-attachment":"scroll","background-type":"","background-media":"","overlay-type":"","overlay-color":"","overlay-opacity":"","overlay-gradient":""},"mobile":{"background-color":"var(--ast-global-color-5)","background-image":"","background-repeat":"repeat","background-position":"center center","background-size":"auto","background-attachment":"scroll","background-type":"","background-media":"","overlay-type":"","overlay-color":"","overlay-opacity":"","overlay-gradient":""}},"footnotes":""},"categories":[29],"tags":[],"class_list":["post-17378","post","type-post","status-publish","format-standard","has-post-thumbnail","hentry","category-portada"],"post_mailing_queue_ids":[],"_links":{"self":[{"href":"https:\/\/serveiseducatius.xtec.cat\/bergueda\/wp-json\/wp\/v2\/posts\/17378","targetHints":{"allow":["GET"]}}],"collection":[{"href":"https:\/\/serveiseducatius.xtec.cat\/bergueda\/wp-json\/wp\/v2\/posts"}],"about":[{"href":"https:\/\/serveiseducatius.xtec.cat\/bergueda\/wp-json\/wp\/v2\/types\/post"}],"author":[{"embeddable":true,"href":"https:\/\/serveiseducatius.xtec.cat\/bergueda\/wp-json\/wp\/v2\/users\/1"}],"replies":[{"embeddable":true,"href":"https:\/\/serveiseducatius.xtec.cat\/bergueda\/wp-json\/wp\/v2\/comments?post=17378"}],"version-history":[{"count":2,"href":"https:\/\/serveiseducatius.xtec.cat\/bergueda\/wp-json\/wp\/v2\/posts\/17378\/revisions"}],"predecessor-version":[{"id":17380,"href":"https:\/\/serveiseducatius.xtec.cat\/bergueda\/wp-json\/wp\/v2\/posts\/17378\/revisions\/17380"}],"wp:featuredmedia":[{"embeddable":true,"href":"https:\/\/serveiseducatius.xtec.cat\/bergueda\/wp-json\/wp\/v2\/media\/15239"}],"wp:attachment":[{"href":"https:\/\/serveiseducatius.xtec.cat\/bergueda\/wp-json\/wp\/v2\/media?parent=17378"}],"wp:term":[{"taxonomy":"category","embeddable":true,"href":"https:\/\/serveiseducatius.xtec.cat\/bergueda\/wp-json\/wp\/v2\/categories?post=17378"},{"taxonomy":"post_tag","embeddable":true,"href":"https:\/\/serveiseducatius.xtec.cat\/bergueda\/wp-json\/wp\/v2\/tags?post=17378"}],"curies":[{"name":"wp","href":"https:\/\/api.w.org\/{rel}","templated":true}]}}