{"id":17309,"date":"2023-12-10T11:53:37","date_gmt":"2023-12-10T10:53:37","guid":{"rendered":"https:\/\/serveiseducatius.xtec.cat\/bergueda\/?p=17309"},"modified":"2024-01-15T15:49:42","modified_gmt":"2024-01-15T14:49:42","slug":"pfz-2n-torn","status":"publish","type":"post","link":"https:\/\/serveiseducatius.xtec.cat\/bergueda\/portada\/pfz-2n-torn\/","title":{"rendered":"PFZ 2n torn"},"content":{"rendered":"<p><a href=\"https:\/\/serveiseducatius.xtec.cat\/bergueda\/wp-content\/uploads\/usu878\/2018\/10\/pfzpng.png\"><img loading=\"lazy\" decoding=\"async\" class=\"size-full wp-image-10141 aligncenter\" src=\"https:\/\/serveiseducatius.xtec.cat\/bergueda\/wp-content\/uploads\/usu878\/2018\/10\/pfzpng.png\" alt=\"\" width=\"200\" height=\"150\" \/><\/a><\/p>\n<p>Del<strong> 7 al 15 de gener<\/strong> s&#8217;obren les inscripcions al 2n torn del PFZ.<\/p>\n<p>Volem destacar les formacions per a docents d&#8217;Educaci\u00f3 Infantil i Prim\u00e0ria:<\/p>\n<ul>\n<li><a style=\"font-weight: bold;\" href=\"https:\/\/aplicacions.gestioeducativa.gencat.cat\/pls\/soloas\/pk_for_mod_ins.p_for_detall_activitat?p_header=Llista%20d%27activitats^pk_for_mod_ins.p_for_cons_activitats?p_crp=B03%26p_any=2023-2024%26p_totes=S%26p_inici=1%26p_excloure_crp_rec=T&amp;p_codi=B031020509&amp;p_curs=2023-2024&amp;p_excloure_crp_rec=T\">Taller situacions d&#8217;aprenentatge prim\u00e0ria.<\/a> Els dimecres 7 i 28 de febrer, 13 de mar\u00e7, 3, 17 i 24 d&#8217;abril de 17.30 a 19.30, a l&#8217;escola Santa Eul\u00e0lia. Formadora: Rosa Pag\u00e8s. <strong>Inscripcions obertes fins al 2 de febrer<\/strong><\/li>\n<li><a href=\"https:\/\/aplicacions.gestioeducativa.gencat.cat\/pls\/soloas\/pk_for_mod_ins.p_for_detall_activitat?p_header=Llista%20d%27activitats^pk_for_mod_ins.p_for_cons_activitats?p_crp=B03%26p_any=2023-2024%26p_totes=S%26p_inici=1%26p_excloure_crp_rec=T&amp;p_codi=B031220509&amp;p_curs=2023-2024&amp;p_excloure_crp_rec=T\"><b>Aprendre a l\u2019educaci\u00f3 infantil (0-6 anys).\u00a0<\/b><\/a>Els dimarts 20 de febrer, 5 i 19 de mar\u00e7, 9 i 30 d&#8217;abril i 21 de maig, de 17.30 a 19.30, a l&#8217;escola Santa Eul\u00e0lia. Formadora: Montse Vilella. <strong>Inscripcions obertes fins al 2 de febrer<\/strong>\n<div><\/div>\n<\/li>\n<\/ul>\n<p><a href=\"https:\/\/serveiseducatius.xtec.cat\/bergueda\/wp-content\/uploads\/usu878\/2023\/12\/infografia-AEI_def.jpg\"><img loading=\"lazy\" decoding=\"async\" class=\"wp-image-17318 aligncenter\" src=\"https:\/\/serveiseducatius.xtec.cat\/bergueda\/wp-content\/uploads\/usu878\/2023\/12\/infografia-AEI_def.jpg\" alt=\"\" width=\"571\" height=\"808\" srcset=\"https:\/\/serveiseducatius.xtec.cat\/bergueda\/wp-content\/uploads\/usu878\/2023\/12\/infografia-AEI_def.jpg 700w, https:\/\/serveiseducatius.xtec.cat\/bergueda\/wp-content\/uploads\/usu878\/2023\/12\/infografia-AEI_def-212x300.jpg 212w\" sizes=\"auto, (max-width: 571px) 100vw, 571px\" \/><\/a><\/p>\n<ul>\n<li>Formacions en pr\u00e0ctiques restauratives en diferents centres:\n<ul>\n<li><b><a href=\"https:\/\/aplicacions.gestioeducativa.gencat.cat\/pls\/soloas\/pk_for_mod_ins.p_for_detall_activitat?p_header=Llista%20d%27activitats^pk_for_mod_ins.p_for_cons_activitats?p_crp=B03%26p_any=2023-2024%26p_totes=S%26p_inici=1%26p_excloure_crp_rec=T&amp;p_codi=B032121B03&amp;p_curs=2023-2024&amp;p_excloure_crp_rec=T\">Les pr\u00e0ctiques restauratives per millorar la conviv\u00e8ncia als centres educatius<\/a><\/b>. Esc Galceran de Pin\u00f3s<\/li>\n<li><b><a href=\"https:\/\/aplicacions.gestioeducativa.gencat.cat\/pls\/soloas\/pk_for_mod_ins.p_for_detall_activitat?p_header=Llista%20d%27activitats^pk_for_mod_ins.p_for_cons_activitats?p_crp=B03%26p_any=2023-2024%26p_totes=S%26p_inici=1%26p_excloure_crp_rec=T&amp;p_codi=B032131B03&amp;p_curs=2023-2024&amp;p_excloure_crp_rec=T\">Les pr\u00e0ctiques restauratives per millorar la conviv\u00e8ncia als centres educatius<\/a><\/b>. Ins Guillem de Bergued\u00e0<\/li>\n<li><b><a href=\"https:\/\/aplicacions.gestioeducativa.gencat.cat\/pls\/soloas\/pk_for_mod_ins.p_for_detall_activitat?p_header=Llista%20d%27activitats^pk_for_mod_ins.p_for_cons_activitats?p_crp=B03%26p_any=2023-2024%26p_totes=S%26p_inici=1%26p_excloure_crp_rec=T&amp;p_codi=B032141B03&amp;p_curs=2023-2024&amp;p_excloure_crp_rec=T\">Les pr\u00e0ctiques restauratives per millorar la conviv\u00e8ncia als centres educatius<\/a><\/b>. Ins L&#8217;Alt Bergued\u00e0<\/li>\n<li><b><a href=\"https:\/\/aplicacions.gestioeducativa.gencat.cat\/pls\/soloas\/pk_for_mod_ins.p_for_detall_activitat?p_header=Llista%20d%27activitats^pk_for_mod_ins.p_for_cons_activitats?p_crp=B03%26p_any=2023-2024%26p_totes=S%26p_inici=1%26p_excloure_crp_rec=T&amp;p_codi=B032151B03&amp;p_curs=2023-2024&amp;p_excloure_crp_rec=T\">Les pr\u00e0ctiques restauratives per millorar la conviv\u00e8ncia als centres educatius<\/a><\/b>. ZER Alt Bergued\u00e0<\/li>\n<\/ul>\n<p>&nbsp;<\/li>\n<\/ul>\n<p>Podreu trobar tota la informaci\u00f3 a:<\/p>\n<ul>\n<li style=\"list-style-type: none;\">\n<ul>\n<li><a href=\"https:\/\/serveiseducatius.xtec.cat\/bergueda\/formacio\/activitats\/\"><strong>Oferta d&#8217;activitats de Zona<\/strong><\/a><\/li>\n<li><a href=\"https:\/\/serveiseducatius.xtec.cat\/bergueda\/formacio\/oferta-dactivitats-al-serveis-territorials-a-la-catalunya-central\/\"><strong>Oferta d&#8217;activitats als Serveis Territorials a la Catalunya Central<\/strong><\/a>. Destaquem <a href=\"https:\/\/serveiseducatius.xtec.cat\/bergueda\/portada\/formacio-2n-quadrimestre-cursos-de-situacions-daprenentatge-per-a-leso-i-el-batxillerat-competencials\/\" rel=\"bookmark\">Cursos de Situacions d\u2019aprenentatge per a l\u2019ESO i el batxillerat competencials<\/a><\/li>\n<\/ul>\n<\/li>\n<\/ul>\n<p>&nbsp;<\/p>\n","protected":false},"excerpt":{"rendered":"<p>Del 7 al 15 de gener s&#8217;obren les inscripcions al 2n torn del PFZ.<br \/>\nVolem destacar les formacions per a docents d&#8217;Educaci\u00f3 Infantil i Prim\u00e0ria:<br \/>\n\u00b7 Taller situacions d&#8217;aprenentatge prim\u00e0ria.<br \/>\n\u00b7 Aprendre a l\u2019educaci\u00f3 infantil (0-6 anys)<br \/>\n\u00b7 Formacions en pr\u00e0ctiques restauratives en diferents centres<\/p>\n","protected":false},"author":1,"featured_media":8558,"comment_status":"closed","ping_status":"closed","sticky":false,"template":"","format":"standard","meta":{"_bbp_topic_count":0,"_bbp_reply_count":0,"_bbp_total_topic_count":0,"_bbp_total_reply_count":0,"_bbp_voice_count":0,"_bbp_anonymous_reply_count":0,"_bbp_topic_count_hidden":0,"_bbp_reply_count_hidden":0,"_bbp_forum_subforum_count":0,"site-sidebar-layout":"default","site-content-layout":"","ast-site-content-layout":"","site-content-style":"default","site-sidebar-style":"default","ast-global-header-display":"","ast-banner-title-visibility":"","ast-main-header-display":"","ast-hfb-above-header-display":"","ast-hfb-below-header-display":"","ast-hfb-mobile-header-display":"","site-post-title":"","ast-breadcrumbs-content":"","ast-featured-img":"","footer-sml-layout":"","theme-transparent-header-meta":"","adv-header-id-meta":"","stick-header-meta":"","header-above-stick-meta":"","header-main-stick-meta":"","header-below-stick-meta":"","astra-migrate-meta-layouts":"default","ast-page-background-enabled":"default","ast-page-background-meta":{"desktop":{"background-color":"var(--ast-global-color-4)","background-image":"","background-repeat":"repeat","background-position":"center center","background-size":"auto","background-attachment":"scroll","background-type":"","background-media":"","overlay-type":"","overlay-color":"","overlay-opacity":"","overlay-gradient":""},"tablet":{"background-color":"","background-image":"","background-repeat":"repeat","background-position":"center center","background-size":"auto","background-attachment":"scroll","background-type":"","background-media":"","overlay-type":"","overlay-color":"","overlay-opacity":"","overlay-gradient":""},"mobile":{"background-color":"","background-image":"","background-repeat":"repeat","background-position":"center center","background-size":"auto","background-attachment":"scroll","background-type":"","background-media":"","overlay-type":"","overlay-color":"","overlay-opacity":"","overlay-gradient":""}},"ast-content-background-meta":{"desktop":{"background-color":"var(--ast-global-color-5)","background-image":"","background-repeat":"repeat","background-position":"center center","background-size":"auto","background-attachment":"scroll","background-type":"","background-media":"","overlay-type":"","overlay-color":"","overlay-opacity":"","overlay-gradient":""},"tablet":{"background-color":"var(--ast-global-color-5)","background-image":"","background-repeat":"repeat","background-position":"center center","background-size":"auto","background-attachment":"scroll","background-type":"","background-media":"","overlay-type":"","overlay-color":"","overlay-opacity":"","overlay-gradient":""},"mobile":{"background-color":"var(--ast-global-color-5)","background-image":"","background-repeat":"repeat","background-position":"center center","background-size":"auto","background-attachment":"scroll","background-type":"","background-media":"","overlay-type":"","overlay-color":"","overlay-opacity":"","overlay-gradient":""}},"footnotes":""},"categories":[29],"tags":[],"class_list":["post-17309","post","type-post","status-publish","format-standard","has-post-thumbnail","hentry","category-portada"],"post_mailing_queue_ids":[],"_links":{"self":[{"href":"https:\/\/serveiseducatius.xtec.cat\/bergueda\/wp-json\/wp\/v2\/posts\/17309","targetHints":{"allow":["GET"]}}],"collection":[{"href":"https:\/\/serveiseducatius.xtec.cat\/bergueda\/wp-json\/wp\/v2\/posts"}],"about":[{"href":"https:\/\/serveiseducatius.xtec.cat\/bergueda\/wp-json\/wp\/v2\/types\/post"}],"author":[{"embeddable":true,"href":"https:\/\/serveiseducatius.xtec.cat\/bergueda\/wp-json\/wp\/v2\/users\/1"}],"replies":[{"embeddable":true,"href":"https:\/\/serveiseducatius.xtec.cat\/bergueda\/wp-json\/wp\/v2\/comments?post=17309"}],"version-history":[{"count":6,"href":"https:\/\/serveiseducatius.xtec.cat\/bergueda\/wp-json\/wp\/v2\/posts\/17309\/revisions"}],"predecessor-version":[{"id":17442,"href":"https:\/\/serveiseducatius.xtec.cat\/bergueda\/wp-json\/wp\/v2\/posts\/17309\/revisions\/17442"}],"wp:featuredmedia":[{"embeddable":true,"href":"https:\/\/serveiseducatius.xtec.cat\/bergueda\/wp-json\/wp\/v2\/media\/8558"}],"wp:attachment":[{"href":"https:\/\/serveiseducatius.xtec.cat\/bergueda\/wp-json\/wp\/v2\/media?parent=17309"}],"wp:term":[{"taxonomy":"category","embeddable":true,"href":"https:\/\/serveiseducatius.xtec.cat\/bergueda\/wp-json\/wp\/v2\/categories?post=17309"},{"taxonomy":"post_tag","embeddable":true,"href":"https:\/\/serveiseducatius.xtec.cat\/bergueda\/wp-json\/wp\/v2\/tags?post=17309"}],"curies":[{"name":"wp","href":"https:\/\/api.w.org\/{rel}","templated":true}]}}