{"id":17220,"date":"2023-11-17T13:11:22","date_gmt":"2023-11-17T12:11:22","guid":{"rendered":"https:\/\/serveiseducatius.xtec.cat\/bergueda\/?p=17220"},"modified":"2023-11-17T13:11:22","modified_gmt":"2023-11-17T12:11:22","slug":"voleu-fer-un-projecte-de-recerca-sobre-astronomia-amb-el-vostre-alumnat-de-primaria","status":"publish","type":"post","link":"https:\/\/serveiseducatius.xtec.cat\/bergueda\/portada\/voleu-fer-un-projecte-de-recerca-sobre-astronomia-amb-el-vostre-alumnat-de-primaria\/","title":{"rendered":"Voleu fer un projecte de recerca sobre astronomia amb el vostre alumnat de prim\u00e0ria?"},"content":{"rendered":"<p><a href=\"https:\/\/serveiseducatius.xtec.cat\/bergueda\/wp-content\/uploads\/usu878\/2023\/11\/recerkids2.png\"><img loading=\"lazy\" decoding=\"async\" class=\"size-full wp-image-17222 aligncenter\" src=\"https:\/\/serveiseducatius.xtec.cat\/bergueda\/wp-content\/uploads\/usu878\/2023\/11\/recerkids2.png\" alt=\"\" width=\"555\" height=\"430\" srcset=\"https:\/\/serveiseducatius.xtec.cat\/bergueda\/wp-content\/uploads\/usu878\/2023\/11\/recerkids2.png 555w, https:\/\/serveiseducatius.xtec.cat\/bergueda\/wp-content\/uploads\/usu878\/2023\/11\/recerkids2-300x232.png 300w\" sizes=\"auto, (max-width: 555px) 100vw, 555px\" \/><\/a>Engeguem la<strong>\u00a0VIII edici\u00f3 de Recerkids!<\/strong><\/p>\n<p>Enguany, amb motiu del centenari del bioqu\u00edmic, catedr\u00e0tic i col\u00b7laborador de la NASA,<strong>\u00a0Joan Or\u00f3<\/strong>, Recerkids girar\u00e0 entorn de\u00a0<strong>l&#8217;origen de la vida i l&#8217;astronomia<\/strong>, commemorant aix\u00ed les importants contribucions del catal\u00e0 en aquest \u00e0mbit!<\/p>\n<p>Si teniu ganes de treballar el m\u00e8tode cient\u00edfic amb\u00a0<strong>material did\u00e0ctic ben pautat i acompanyament durant tot el proc\u00e9s<\/strong>\u00a0i, a m\u00e9s, voleu compartir els resultats de la vostra recerca amb altres escoles, aquest \u00e9s el vostre programa!<\/p>\n<p><strong>Inscripcions:\u00a0<\/strong>del 8\u00a0de novembre al 5 de desembre de 2023<br \/>\n<strong>Projecte de recerca:<\/strong><strong>\u00a0<\/strong>del 8 de gener al 12 d\u2019abril de 2024<br \/>\n<strong>Congressos:\u00a0<\/strong>maig de 2024 (dates i\u00a0llocs per concretar)<\/p>\n<p><a href=\"https:\/\/recercaiuniversitats.gencat.cat\/ca\/03_ambits_dactuacio\/ciencia_i_societat\/la_ciencia_a_les_escoles\/Recerkids\/edicio-2023-2024-com-hi-quan-participar\/\">M\u00e9s informaci\u00f3<\/a><\/p>\n","protected":false},"excerpt":{"rendered":"<p>Engeguem la\u00a0VIII edici\u00f3 de Recerkids! Enguany, amb motiu del centenari del bioqu\u00edmic, catedr\u00e0tic i col\u00b7laborador de la NASA,\u00a0Joan Or\u00f3, Recerkids [&hellip;]<\/p>\n","protected":false},"author":1,"featured_media":17221,"comment_status":"closed","ping_status":"closed","sticky":false,"template":"","format":"standard","meta":{"_bbp_topic_count":0,"_bbp_reply_count":0,"_bbp_total_topic_count":0,"_bbp_total_reply_count":0,"_bbp_voice_count":0,"_bbp_anonymous_reply_count":0,"_bbp_topic_count_hidden":0,"_bbp_reply_count_hidden":0,"_bbp_forum_subforum_count":0,"site-sidebar-layout":"default","site-content-layout":"","ast-site-content-layout":"","site-content-style":"default","site-sidebar-style":"default","ast-global-header-display":"","ast-banner-title-visibility":"","ast-main-header-display":"","ast-hfb-above-header-display":"","ast-hfb-below-header-display":"","ast-hfb-mobile-header-display":"","site-post-title":"","ast-breadcrumbs-content":"","ast-featured-img":"","footer-sml-layout":"","theme-transparent-header-meta":"","adv-header-id-meta":"","stick-header-meta":"","header-above-stick-meta":"","header-main-stick-meta":"","header-below-stick-meta":"","astra-migrate-meta-layouts":"default","ast-page-background-enabled":"default","ast-page-background-meta":{"desktop":{"background-color":"var(--ast-global-color-4)","background-image":"","background-repeat":"repeat","background-position":"center center","background-size":"auto","background-attachment":"scroll","background-type":"","background-media":"","overlay-type":"","overlay-color":"","overlay-opacity":"","overlay-gradient":""},"tablet":{"background-color":"","background-image":"","background-repeat":"repeat","background-position":"center center","background-size":"auto","background-attachment":"scroll","background-type":"","background-media":"","overlay-type":"","overlay-color":"","overlay-opacity":"","overlay-gradient":""},"mobile":{"background-color":"","background-image":"","background-repeat":"repeat","background-position":"center center","background-size":"auto","background-attachment":"scroll","background-type":"","background-media":"","overlay-type":"","overlay-color":"","overlay-opacity":"","overlay-gradient":""}},"ast-content-background-meta":{"desktop":{"background-color":"var(--ast-global-color-5)","background-image":"","background-repeat":"repeat","background-position":"center center","background-size":"auto","background-attachment":"scroll","background-type":"","background-media":"","overlay-type":"","overlay-color":"","overlay-opacity":"","overlay-gradient":""},"tablet":{"background-color":"var(--ast-global-color-5)","background-image":"","background-repeat":"repeat","background-position":"center center","background-size":"auto","background-attachment":"scroll","background-type":"","background-media":"","overlay-type":"","overlay-color":"","overlay-opacity":"","overlay-gradient":""},"mobile":{"background-color":"var(--ast-global-color-5)","background-image":"","background-repeat":"repeat","background-position":"center center","background-size":"auto","background-attachment":"scroll","background-type":"","background-media":"","overlay-type":"","overlay-color":"","overlay-opacity":"","overlay-gradient":""}},"footnotes":""},"categories":[29],"tags":[],"class_list":["post-17220","post","type-post","status-publish","format-standard","has-post-thumbnail","hentry","category-portada"],"post_mailing_queue_ids":[],"_links":{"self":[{"href":"https:\/\/serveiseducatius.xtec.cat\/bergueda\/wp-json\/wp\/v2\/posts\/17220","targetHints":{"allow":["GET"]}}],"collection":[{"href":"https:\/\/serveiseducatius.xtec.cat\/bergueda\/wp-json\/wp\/v2\/posts"}],"about":[{"href":"https:\/\/serveiseducatius.xtec.cat\/bergueda\/wp-json\/wp\/v2\/types\/post"}],"author":[{"embeddable":true,"href":"https:\/\/serveiseducatius.xtec.cat\/bergueda\/wp-json\/wp\/v2\/users\/1"}],"replies":[{"embeddable":true,"href":"https:\/\/serveiseducatius.xtec.cat\/bergueda\/wp-json\/wp\/v2\/comments?post=17220"}],"version-history":[{"count":1,"href":"https:\/\/serveiseducatius.xtec.cat\/bergueda\/wp-json\/wp\/v2\/posts\/17220\/revisions"}],"predecessor-version":[{"id":17223,"href":"https:\/\/serveiseducatius.xtec.cat\/bergueda\/wp-json\/wp\/v2\/posts\/17220\/revisions\/17223"}],"wp:featuredmedia":[{"embeddable":true,"href":"https:\/\/serveiseducatius.xtec.cat\/bergueda\/wp-json\/wp\/v2\/media\/17221"}],"wp:attachment":[{"href":"https:\/\/serveiseducatius.xtec.cat\/bergueda\/wp-json\/wp\/v2\/media?parent=17220"}],"wp:term":[{"taxonomy":"category","embeddable":true,"href":"https:\/\/serveiseducatius.xtec.cat\/bergueda\/wp-json\/wp\/v2\/categories?post=17220"},{"taxonomy":"post_tag","embeddable":true,"href":"https:\/\/serveiseducatius.xtec.cat\/bergueda\/wp-json\/wp\/v2\/tags?post=17220"}],"curies":[{"name":"wp","href":"https:\/\/api.w.org\/{rel}","templated":true}]}}