{"id":16660,"date":"2023-05-25T12:22:52","date_gmt":"2023-05-25T10:22:52","guid":{"rendered":"https:\/\/serveiseducatius.xtec.cat\/bergueda\/?p=16660"},"modified":"2023-05-25T12:28:44","modified_gmt":"2023-05-25T10:28:44","slug":"premis-clubs-de-lectura-escolars-convocatoria-oberta","status":"publish","type":"post","link":"https:\/\/serveiseducatius.xtec.cat\/bergueda\/portada\/premis-clubs-de-lectura-escolars-convocatoria-oberta\/","title":{"rendered":"Premis clubs de lectura escolars \u2013 convocat\u00f2ria oberta"},"content":{"rendered":"<p><a href=\"https:\/\/serveiseducatius.xtec.cat\/bergueda\/wp-content\/uploads\/usu878\/2023\/05\/ministerio2.jpg\"><img loading=\"lazy\" decoding=\"async\" class=\"alignnone size-full wp-image-16663\" src=\"https:\/\/serveiseducatius.xtec.cat\/bergueda\/wp-content\/uploads\/usu878\/2023\/05\/ministerio2.jpg\" alt=\"\" width=\"318\" height=\"107\" srcset=\"https:\/\/serveiseducatius.xtec.cat\/bergueda\/wp-content\/uploads\/usu878\/2023\/05\/ministerio2.jpg 318w, https:\/\/serveiseducatius.xtec.cat\/bergueda\/wp-content\/uploads\/usu878\/2023\/05\/ministerio2-300x101.jpg 300w\" sizes=\"auto, (max-width: 318px) 100vw, 318px\" \/><\/a><\/p>\n<p>El Ministeri d\u2019Educaci\u00f3 i Formaci\u00f3 Professional ha convocat els\u00a0<a href=\"https:\/\/www.educacionyfp.gob.es\/ca\/servicios-al-ciudadano\/catalogo\/general\/29\/2928143\/ficha\/2928143-2023.html\" target=\"_blank\" rel=\"noopener noreferrer\" data-saferedirecturl=\"https:\/\/www.google.com\/url?q=https:\/\/www.educacionyfp.gob.es\/ca\/servicios-al-ciudadano\/catalogo\/general\/29\/2928143\/ficha\/2928143-2023.html&amp;source=gmail&amp;ust=1685095431317000&amp;usg=AOvVaw2PCPUpPD2JVC_9EGrHXI5x\">Premis Clubs de lectura escolars<\/a> del curs 2022-2023 dirigits als centres educatius finan\u00e7ats amb fons p\u00fablics.<br \/>\nEs destinaran un total de\u00a0<strong>75.000\u20ac<\/strong>\u00a0a repartir en diferents premis.<\/p>\n<p>La convocat\u00f2ria t\u00e9 l\u2019objectiu de recon\u00e8ixer la feina i la contribuci\u00f3 dels centres en la millora de la qualitat de l\u2019educaci\u00f3.<br \/>\n<strong>La data l\u00edmit per participar \u00e9s el 16 de juny de 2023 a les 14:00h.<\/strong><\/p>\n<p>Entre els centres participants\u00a0<strong>es valoraran les mesures d\u2019atenci\u00f3 a la diversitat, <\/strong><strong>on s\u2019inclouen els clubs de Lectura F\u00e0cil, <\/strong>com tamb\u00e9 l\u2019exist\u00e8ncia de mesures de difusi\u00f3 dels clubs accessibles a persones amb discapacitat (subtitulats, transcripci\u00f3, etc.)&#8230;<\/p>\n<p>Entre la documentaci\u00f3 a presentar es demana el nom i finalitat del club de lectura, les activitats realitzades, les mesures d&#8217;atenci\u00f3 a la diversitat, el procediment d&#8217;avaluaci\u00f3&#8230;<\/p>\n<p><a href=\"https:\/\/www.educacionyfp.gob.es\/ca\/servicios-al-ciudadano\/catalogo\/general\/29\/2928143\/ficha\/2928143-2023.html\" target=\"_blank\" rel=\"noopener noreferrer\" data-saferedirecturl=\"https:\/\/www.google.com\/url?q=https:\/\/www.educacionyfp.gob.es\/ca\/servicios-al-ciudadano\/catalogo\/general\/29\/2928143\/ficha\/2928143-2023.html&amp;source=gmail&amp;ust=1685095431317000&amp;usg=AOvVaw2PCPUpPD2JVC_9EGrHXI5x\">Aqu\u00ed<\/a>\u00a0podeu accedir a tota la informaci\u00f3 sobre la convocat\u00f2ria.<\/p>\n<p><strong><img decoding=\"async\" class=\"an1\" src=\"https:\/\/fonts.gstatic.com\/s\/e\/notoemoji\/15.0\/1f4da\/32.png\" alt=\"\ud83d\udcda\" data-emoji=\"\ud83d\udcda\" aria-label=\"\ud83d\udcda\" \/>\u00a0De cara a futures convocat\u00f2ries\u2026 \u00bfQu\u00e8 \u00e9s un club de Lectura F\u00e0cil?<\/strong><br \/>\n<a href=\"https:\/\/www.lecturafacil.net\/service\/foment-lector\/\"><img loading=\"lazy\" decoding=\"async\" class=\"alignnone size-full wp-image-15380\" src=\"https:\/\/serveiseducatius.xtec.cat\/bergueda\/wp-content\/uploads\/usu878\/2022\/10\/associacio-lectura-facilm.jpg\" alt=\"\" width=\"91\" height=\"72\" \/><\/a><br \/>\nEn un club LF es treballa amb\u00a0<strong>llibres de Lectura F\u00e0cil<\/strong>, llibres adaptats i dirigits a persones amb dificultats lectores transit\u00f2ries (immigraci\u00f3, incorporaci\u00f3 tardana a la lectura, escolaritzaci\u00f3 deficient\u2026) o permanents (trastorns de l\u2019aprenentatge, diversitat funcional\u2026).<\/p>\n<p><a href=\"https:\/\/www.lecturafacil.net\/service\/foment-lector\/\" target=\"_blank\" rel=\"noopener noreferrer\" data-saferedirecturl=\"https:\/\/www.google.com\/url?q=https:\/\/www.lecturafacil.net\/service\/foment-lector\/&amp;source=gmail&amp;ust=1685095431317000&amp;usg=AOvVaw1tBISUWt3a4-xYwq2ROJ_S\">Aqu\u00ed<\/a> trobareu tota la informaci\u00f3 que necessiteu per crear un club LF:\u00a0 guies per crear i dinamitzar un club LF, recursos i activitats per treballar els llibres, exemples en v\u00eddeo d\u2019altres clubs per inspirar-vos, etc.<\/p>\n","protected":false},"excerpt":{"rendered":"<p>El Ministeri d\u2019Educaci\u00f3 i Formaci\u00f3 Professional ha convocat els\u00a0Premis Clubs de lectura escolars del curs 2022-2023 dirigits als centres educatius finan\u00e7ats amb fons p\u00fablics.<br \/>\nEs destinaran un total de\u00a075.000\u20ac\u00a0a repartir en diferents premis.<br \/>\nLa data l\u00edmit per participar \u00e9s el 16 de juny de 2023 a les 14:00h.<\/p>\n","protected":false},"author":1,"featured_media":16663,"comment_status":"closed","ping_status":"closed","sticky":false,"template":"","format":"standard","meta":{"_bbp_topic_count":0,"_bbp_reply_count":0,"_bbp_total_topic_count":0,"_bbp_total_reply_count":0,"_bbp_voice_count":0,"_bbp_anonymous_reply_count":0,"_bbp_topic_count_hidden":0,"_bbp_reply_count_hidden":0,"_bbp_forum_subforum_count":0,"site-sidebar-layout":"default","site-content-layout":"","ast-site-content-layout":"","site-content-style":"default","site-sidebar-style":"default","ast-global-header-display":"","ast-banner-title-visibility":"","ast-main-header-display":"","ast-hfb-above-header-display":"","ast-hfb-below-header-display":"","ast-hfb-mobile-header-display":"","site-post-title":"","ast-breadcrumbs-content":"","ast-featured-img":"","footer-sml-layout":"","theme-transparent-header-meta":"","adv-header-id-meta":"","stick-header-meta":"","header-above-stick-meta":"","header-main-stick-meta":"","header-below-stick-meta":"","astra-migrate-meta-layouts":"default","ast-page-background-enabled":"default","ast-page-background-meta":{"desktop":{"background-color":"var(--ast-global-color-4)","background-image":"","background-repeat":"repeat","background-position":"center center","background-size":"auto","background-attachment":"scroll","background-type":"","background-media":"","overlay-type":"","overlay-color":"","overlay-opacity":"","overlay-gradient":""},"tablet":{"background-color":"","background-image":"","background-repeat":"repeat","background-position":"center center","background-size":"auto","background-attachment":"scroll","background-type":"","background-media":"","overlay-type":"","overlay-color":"","overlay-opacity":"","overlay-gradient":""},"mobile":{"background-color":"","background-image":"","background-repeat":"repeat","background-position":"center center","background-size":"auto","background-attachment":"scroll","background-type":"","background-media":"","overlay-type":"","overlay-color":"","overlay-opacity":"","overlay-gradient":""}},"ast-content-background-meta":{"desktop":{"background-color":"var(--ast-global-color-5)","background-image":"","background-repeat":"repeat","background-position":"center center","background-size":"auto","background-attachment":"scroll","background-type":"","background-media":"","overlay-type":"","overlay-color":"","overlay-opacity":"","overlay-gradient":""},"tablet":{"background-color":"var(--ast-global-color-5)","background-image":"","background-repeat":"repeat","background-position":"center center","background-size":"auto","background-attachment":"scroll","background-type":"","background-media":"","overlay-type":"","overlay-color":"","overlay-opacity":"","overlay-gradient":""},"mobile":{"background-color":"var(--ast-global-color-5)","background-image":"","background-repeat":"repeat","background-position":"center center","background-size":"auto","background-attachment":"scroll","background-type":"","background-media":"","overlay-type":"","overlay-color":"","overlay-opacity":"","overlay-gradient":""}},"footnotes":""},"categories":[29],"tags":[],"class_list":["post-16660","post","type-post","status-publish","format-standard","has-post-thumbnail","hentry","category-portada"],"post_mailing_queue_ids":[],"_links":{"self":[{"href":"https:\/\/serveiseducatius.xtec.cat\/bergueda\/wp-json\/wp\/v2\/posts\/16660","targetHints":{"allow":["GET"]}}],"collection":[{"href":"https:\/\/serveiseducatius.xtec.cat\/bergueda\/wp-json\/wp\/v2\/posts"}],"about":[{"href":"https:\/\/serveiseducatius.xtec.cat\/bergueda\/wp-json\/wp\/v2\/types\/post"}],"author":[{"embeddable":true,"href":"https:\/\/serveiseducatius.xtec.cat\/bergueda\/wp-json\/wp\/v2\/users\/1"}],"replies":[{"embeddable":true,"href":"https:\/\/serveiseducatius.xtec.cat\/bergueda\/wp-json\/wp\/v2\/comments?post=16660"}],"version-history":[{"count":3,"href":"https:\/\/serveiseducatius.xtec.cat\/bergueda\/wp-json\/wp\/v2\/posts\/16660\/revisions"}],"predecessor-version":[{"id":16665,"href":"https:\/\/serveiseducatius.xtec.cat\/bergueda\/wp-json\/wp\/v2\/posts\/16660\/revisions\/16665"}],"wp:featuredmedia":[{"embeddable":true,"href":"https:\/\/serveiseducatius.xtec.cat\/bergueda\/wp-json\/wp\/v2\/media\/16663"}],"wp:attachment":[{"href":"https:\/\/serveiseducatius.xtec.cat\/bergueda\/wp-json\/wp\/v2\/media?parent=16660"}],"wp:term":[{"taxonomy":"category","embeddable":true,"href":"https:\/\/serveiseducatius.xtec.cat\/bergueda\/wp-json\/wp\/v2\/categories?post=16660"},{"taxonomy":"post_tag","embeddable":true,"href":"https:\/\/serveiseducatius.xtec.cat\/bergueda\/wp-json\/wp\/v2\/tags?post=16660"}],"curies":[{"name":"wp","href":"https:\/\/api.w.org\/{rel}","templated":true}]}}