{"id":16287,"date":"2023-03-17T12:26:41","date_gmt":"2023-03-17T11:26:41","guid":{"rendered":"https:\/\/serveiseducatius.xtec.cat\/bergueda\/?p=16287"},"modified":"2023-03-17T12:27:57","modified_gmt":"2023-03-17T11:27:57","slug":"actualitzat-lapartat-orientacio","status":"publish","type":"post","link":"https:\/\/serveiseducatius.xtec.cat\/bergueda\/portada\/actualitzat-lapartat-orientacio\/","title":{"rendered":"Actualitzat l&#8217;apartat ORIENTACI\u00d3"},"content":{"rendered":"<p><a href=\"https:\/\/serveiseducatius.xtec.cat\/bergueda\/wp-content\/uploads\/usu878\/2023\/03\/Orientacio.jpg\"><img loading=\"lazy\" decoding=\"async\" class=\"alignnone size-full wp-image-16288\" src=\"https:\/\/serveiseducatius.xtec.cat\/bergueda\/wp-content\/uploads\/usu878\/2023\/03\/Orientacio.jpg\" alt=\"\" width=\"1903\" height=\"649\" srcset=\"https:\/\/serveiseducatius.xtec.cat\/bergueda\/wp-content\/uploads\/usu878\/2023\/03\/Orientacio.jpg 1903w, https:\/\/serveiseducatius.xtec.cat\/bergueda\/wp-content\/uploads\/usu878\/2023\/03\/Orientacio-300x102.jpg 300w, https:\/\/serveiseducatius.xtec.cat\/bergueda\/wp-content\/uploads\/usu878\/2023\/03\/Orientacio-1024x349.jpg 1024w, https:\/\/serveiseducatius.xtec.cat\/bergueda\/wp-content\/uploads\/usu878\/2023\/03\/Orientacio-768x262.jpg 768w, https:\/\/serveiseducatius.xtec.cat\/bergueda\/wp-content\/uploads\/usu878\/2023\/03\/Orientacio-1536x524.jpg 1536w\" sizes=\"auto, (max-width: 1903px) 100vw, 1903px\" \/><\/a><\/p>\n<p>Hem actualitzat l&#8217;apartat ORIENTACI\u00d3<\/p>\n<ul>\n<li>Mapa Formatiu del Bergued\u00e0, una infografia interactiva amb informaci\u00f3 dels estudis al Bergued\u00e0.<\/li>\n<li>Tria educativa gencat. Enlla\u00e7 a l&#8217;espai web Tria Educativa del Departament d&#8217;Educaci\u00f3<\/li>\n<li>Estudiar a Catalunya. P\u00e0gina amb enlla\u00e7os a diferents eines i d&#8217;orientaci\u00f3 educativa<\/li>\n<li>Beques. Espai del Consell Comarcal on informen de beques<\/li>\n<li>Fira de l&#8217;Estudiant. enlla\u00e7 a l&#8217;espai web de la Fira de l&#8217;Estudiant del Bages, Bergued\u00e0, Moian\u00e8s i Solson\u00e8s<\/li>\n<li>Llibret Fira Estudiant 2023. Us podeu descarregar el llibret amb <span class=\"markedContent\"><span dir=\"ltr\" role=\"presentation\">els <\/span><\/span><span id=\"page3830R_mcid0\" class=\"markedContent\"><span class=\"markedContent\"><span dir=\"ltr\" role=\"presentation\">Itineraris Formatius <\/span><span dir=\"ltr\" role=\"presentation\">de les comarques Bages, Bergued\u00e0,<\/span> <span dir=\"ltr\" role=\"presentation\">Moian\u00e8s i Solson\u00e8s \/ 2023 &#8211; 2024<\/span><\/span><\/span><\/li>\n<li>Preinscripci\u00f3 2023-2024. Enlla\u00e7 a la p\u00e0gina de preinscripci\u00f3 del Departament d&#8217;Educaci\u00f3 per a tota l&#8217;oferta educativa de Catalunya.<\/li>\n<\/ul>\n<p>&nbsp;<\/p>\n","protected":false},"excerpt":{"rendered":"<p>Hem actualitzat l&#8217;apartat Orientaci\u00f3 amb les novetats del curs 2023-2024<\/p>\n","protected":false},"author":1,"featured_media":16289,"comment_status":"closed","ping_status":"closed","sticky":false,"template":"","format":"standard","meta":{"_bbp_topic_count":0,"_bbp_reply_count":0,"_bbp_total_topic_count":0,"_bbp_total_reply_count":0,"_bbp_voice_count":0,"_bbp_anonymous_reply_count":0,"_bbp_topic_count_hidden":0,"_bbp_reply_count_hidden":0,"_bbp_forum_subforum_count":0,"site-sidebar-layout":"default","site-content-layout":"","ast-site-content-layout":"","site-content-style":"default","site-sidebar-style":"default","ast-global-header-display":"","ast-banner-title-visibility":"","ast-main-header-display":"","ast-hfb-above-header-display":"","ast-hfb-below-header-display":"","ast-hfb-mobile-header-display":"","site-post-title":"","ast-breadcrumbs-content":"","ast-featured-img":"","footer-sml-layout":"","theme-transparent-header-meta":"","adv-header-id-meta":"","stick-header-meta":"","header-above-stick-meta":"","header-main-stick-meta":"","header-below-stick-meta":"","astra-migrate-meta-layouts":"default","ast-page-background-enabled":"default","ast-page-background-meta":{"desktop":{"background-color":"var(--ast-global-color-4)","background-image":"","background-repeat":"repeat","background-position":"center center","background-size":"auto","background-attachment":"scroll","background-type":"","background-media":"","overlay-type":"","overlay-color":"","overlay-opacity":"","overlay-gradient":""},"tablet":{"background-color":"","background-image":"","background-repeat":"repeat","background-position":"center center","background-size":"auto","background-attachment":"scroll","background-type":"","background-media":"","overlay-type":"","overlay-color":"","overlay-opacity":"","overlay-gradient":""},"mobile":{"background-color":"","background-image":"","background-repeat":"repeat","background-position":"center center","background-size":"auto","background-attachment":"scroll","background-type":"","background-media":"","overlay-type":"","overlay-color":"","overlay-opacity":"","overlay-gradient":""}},"ast-content-background-meta":{"desktop":{"background-color":"var(--ast-global-color-5)","background-image":"","background-repeat":"repeat","background-position":"center center","background-size":"auto","background-attachment":"scroll","background-type":"","background-media":"","overlay-type":"","overlay-color":"","overlay-opacity":"","overlay-gradient":""},"tablet":{"background-color":"var(--ast-global-color-5)","background-image":"","background-repeat":"repeat","background-position":"center center","background-size":"auto","background-attachment":"scroll","background-type":"","background-media":"","overlay-type":"","overlay-color":"","overlay-opacity":"","overlay-gradient":""},"mobile":{"background-color":"var(--ast-global-color-5)","background-image":"","background-repeat":"repeat","background-position":"center center","background-size":"auto","background-attachment":"scroll","background-type":"","background-media":"","overlay-type":"","overlay-color":"","overlay-opacity":"","overlay-gradient":""}},"footnotes":""},"categories":[29],"tags":[],"class_list":["post-16287","post","type-post","status-publish","format-standard","has-post-thumbnail","hentry","category-portada"],"post_mailing_queue_ids":[],"_links":{"self":[{"href":"https:\/\/serveiseducatius.xtec.cat\/bergueda\/wp-json\/wp\/v2\/posts\/16287","targetHints":{"allow":["GET"]}}],"collection":[{"href":"https:\/\/serveiseducatius.xtec.cat\/bergueda\/wp-json\/wp\/v2\/posts"}],"about":[{"href":"https:\/\/serveiseducatius.xtec.cat\/bergueda\/wp-json\/wp\/v2\/types\/post"}],"author":[{"embeddable":true,"href":"https:\/\/serveiseducatius.xtec.cat\/bergueda\/wp-json\/wp\/v2\/users\/1"}],"replies":[{"embeddable":true,"href":"https:\/\/serveiseducatius.xtec.cat\/bergueda\/wp-json\/wp\/v2\/comments?post=16287"}],"version-history":[{"count":1,"href":"https:\/\/serveiseducatius.xtec.cat\/bergueda\/wp-json\/wp\/v2\/posts\/16287\/revisions"}],"predecessor-version":[{"id":16291,"href":"https:\/\/serveiseducatius.xtec.cat\/bergueda\/wp-json\/wp\/v2\/posts\/16287\/revisions\/16291"}],"wp:featuredmedia":[{"embeddable":true,"href":"https:\/\/serveiseducatius.xtec.cat\/bergueda\/wp-json\/wp\/v2\/media\/16289"}],"wp:attachment":[{"href":"https:\/\/serveiseducatius.xtec.cat\/bergueda\/wp-json\/wp\/v2\/media?parent=16287"}],"wp:term":[{"taxonomy":"category","embeddable":true,"href":"https:\/\/serveiseducatius.xtec.cat\/bergueda\/wp-json\/wp\/v2\/categories?post=16287"},{"taxonomy":"post_tag","embeddable":true,"href":"https:\/\/serveiseducatius.xtec.cat\/bergueda\/wp-json\/wp\/v2\/tags?post=16287"}],"curies":[{"name":"wp","href":"https:\/\/api.w.org\/{rel}","templated":true}]}}