{"id":16158,"date":"2023-03-02T19:57:40","date_gmt":"2023-03-02T18:57:40","guid":{"rendered":"https:\/\/serveiseducatius.xtec.cat\/bergueda\/?p=16158"},"modified":"2023-03-10T13:24:11","modified_gmt":"2023-03-10T12:24:11","slug":"formacio-en-lambit-de-les-violencies-masclistes","status":"publish","type":"post","link":"https:\/\/serveiseducatius.xtec.cat\/bergueda\/portada\/formacio-en-lambit-de-les-violencies-masclistes\/","title":{"rendered":"Formaci\u00f3 en l\u2019\u00e0mbit de les viol\u00e8ncies masclistes"},"content":{"rendered":"<p><a href=\"https:\/\/serveiseducatius.xtec.cat\/bergueda\/wp-content\/uploads\/usu878\/2023\/03\/usav.png\"><img loading=\"lazy\" decoding=\"async\" class=\"size-full wp-image-16159 aligncenter\" src=\"https:\/\/serveiseducatius.xtec.cat\/bergueda\/wp-content\/uploads\/usu878\/2023\/03\/usav.png\" alt=\"\" width=\"150\" height=\"153\" \/><\/a>Des de la Unitat de Suport a l\u2019Alumnat en Situaci\u00f3 de Viol\u00e8ncia (<strong>USAV<\/strong>) han preparat una s\u00e8rie de\u00a0<strong>sessions formatives<\/strong>\u00a0sobre<strong>\u00a0eines pedag\u00f2giques per fer front a les viol\u00e8ncies masclistes,<\/strong> diferenciades per etapa educativa.<\/p>\n<p><strong>Inscripcions obertes<\/strong><\/p>\n<p><strong>Objectius:<\/strong><\/p>\n<ul>\n<li>Identificar les diferents mostres de la viol\u00e8ncia masclista que es puguin donar entre infants i joves.<\/li>\n<li>Donar eines i recursos per a combatre aquestes situacions de viol\u00e8ncia masclista.<\/li>\n<\/ul>\n<p><strong>Continguts:\u00a0<\/strong><\/p>\n<ul>\n<li>Marc conceptual de les viol\u00e8ncies masclistes<\/li>\n<li>Manifestacions de la viol\u00e8ncia masclista a les aules<\/li>\n<li>Eines pedag\u00f2giques per a poder fer-ne front<\/li>\n<\/ul>\n<div class=\"addtoany_share_save_container addtoany_content addtoany_content_bottom\">\n<div class=\"a2a_kit a2a_kit_size_25 addtoany_list\" data-a2a-url=\"https:\/\/serveiseducatius.xtec.cat\/catalunyacentral\/general\/formacio-en-lambit-de-les-violencies-masclistes\/\" data-a2a-title=\"Formaci\u00f3 en l\u2019\u00e0mbit de les viol\u00e8ncies masclistes\"><\/div>\n<\/div>\n<p><strong>9001770517\u00a0<em><a href=\"https:\/\/aplicacions.gestioeducativa.gencat.cat\/pls\/soloas\/pk_for_mod_ins.p_for_detall_activitat?p_header=Llista%20d%27activitats%5epk_for_mod_ins.p_for_cons_activitats?p_tipus_act=ASSP,ASSS,EPVP,EPVS,AVMC,VM01,VM02,VM03,VM04,VM05,AS04,MF05,VM01,VM02,VM03,VM04,VM05,AS04,MF05%26p_totes=S%26p_inici=1%26p_excloure_crp_rec=F&amp;p_codi=9001770517&amp;p_curs=2022-2023&amp;p_es_inscr=S\" data-saferedirecturl=\"https:\/\/www.google.com\/url?q=https:\/\/aplicacions.gestioeducativa.gencat.cat\/pls\/soloas\/pk_for_mod_ins.p_for_detall_activitat?p_header%3DLlista%2520d%2527activitats%255epk_for_mod_ins.p_for_cons_activitats?p_tipus_act%3DASSP,ASSS,EPVP,EPVS,AVMC,VM01,VM02,VM03,VM04,VM05,AS04,MF05,VM01,VM02,VM03,VM04,VM05,AS04,MF05%2526p_totes%3DS%2526p_inici%3D1%2526p_excloure_crp_rec%3DF%26p_codi%3D9001770517%26p_curs%3D2022-2023%26p_es_inscr%3DS&amp;source=gmail&amp;ust=1677856636833000&amp;usg=AOvVaw0Tw6eHG6knuavdlDjBfxGz\">Eines pedag\u00f2giques per fer front a les viol\u00e8ncies masclistes per l\u2019etapa de SECUND\u00c0RIA<\/a><\/em><\/strong> 5h lectives repartides en dos sessions de 2,5h cadascuna.<br \/>\nPersones destinat\u00e0ries: docents de\u00a0secund\u00e0ria\u00a0\u00a0i professionals de l\u2019EAP.<br \/>\nEl 15 i el 22 de mar\u00e7 de 17:00h a 19:30h<\/p>\n<p><strong>9001950517\u00a0<em><a href=\"https:\/\/aplicacions.gestioeducativa.gencat.cat\/pls\/soloas\/pk_for_mod_ins.p_for_detall_activitat?p_header=Selecci%F3%5epk_for_mod_ins.p_for_form_cons_act?p_excloure_crp_rec=T&amp;p_codi=9001950517&amp;p_curs=2022-2023&amp;p_es_inscr=S\" data-saferedirecturl=\"https:\/\/www.google.com\/url?q=https:\/\/aplicacions.gestioeducativa.gencat.cat\/pls\/soloas\/pk_for_mod_ins.p_for_detall_activitat?p_header%3DSelecci%25F3%255epk_for_mod_ins.p_for_form_cons_act?p_excloure_crp_rec%3DT%26p_codi%3D9001950517%26p_curs%3D2022-2023%26p_es_inscr%3DS&amp;source=gmail&amp;ust=1677856636834000&amp;usg=AOvVaw2OEoOmy9i9iAJUQxi2aHEe\">Eines pedag\u00f2giques per fer front a les viol\u00e8ncies masclistes per l\u2019etapa de PRIM\u00c0RIA<\/a><\/em><\/strong>\u00a05h lectives repartides en dos sessions de 2,5h cadascuna.<br \/>\nPersones destinat\u00e0ries: docents de prim\u00e0ria \u00a0i professionals de l\u2019EAP.<br \/>\nEl 15 i\u00a0 el 22 de mar\u00e7 de 17:00h a 19:30h<\/p>\n<p><strong>9001810517<\/strong>\u00a0<strong><em><a href=\"https:\/\/aplicacions.gestioeducativa.gencat.cat\/pls\/soloas\/pk_for_mod_ins.p_for_detall_activitat?p_header=Llista%20d%27activitats%5epk_for_mod_ins.p_for_cons_activitats?p_tipus_act=ASSP,ASSS,EPVP,EPVS,AVMC,VM01,VM02,VM03,VM04,VM05,AS04,MF05,VM01,VM02,VM03,VM04,VM05,AS04,MF05%26p_totes=S%26p_inici=11%26p_excloure_crp_rec=F&amp;p_codi=9001810517&amp;p_curs=2022-2023&amp;p_es_inscr=S\" data-saferedirecturl=\"https:\/\/www.google.com\/url?q=https:\/\/aplicacions.gestioeducativa.gencat.cat\/pls\/soloas\/pk_for_mod_ins.p_for_detall_activitat?p_header%3DLlista%2520d%2527activitats%255epk_for_mod_ins.p_for_cons_activitats?p_tipus_act%3DASSP,ASSS,EPVP,EPVS,AVMC,VM01,VM02,VM03,VM04,VM05,AS04,MF05,VM01,VM02,VM03,VM04,VM05,AS04,MF05%2526p_totes%3DS%2526p_inici%3D11%2526p_excloure_crp_rec%3DF%26p_codi%3D9001810517%26p_curs%3D2022-2023%26p_es_inscr%3DS&amp;source=gmail&amp;ust=1677856636833000&amp;usg=AOvVaw1AQ-sVj7bqLuIhrpz3R57A\">Eines pedag\u00f2giques per fer front a les viol\u00e8ncies masclistes per l\u2019etapa de SECUND\u00c0RIA<\/a><\/em><\/strong>\u00a05h lectives repartides en dos sessions de 2,5h cadascuna.<br \/>\nPersones destinat\u00e0ries: docents de\u00a0secund\u00e0ria\u00a0i professionals de l\u2019EAP.<br \/>\nEl 22 i 29 de mar\u00e7 de 2023 de 17:00h a 19:30h<\/p>\n<p><strong>9001610517<\/strong>\u00a0<strong><em><a href=\"https:\/\/aplicacions.gestioeducativa.gencat.cat\/pls\/soloas\/pk_for_mod_ins.p_for_detall_activitat?p_header=Llista%20d%27activitats%5epk_for_mod_ins.p_for_cons_activitats?p_tipus_act=ASSP,ASSS,EPVP,EPVS,AVMC,VM01,VM02,VM03,VM04,VM05,AS04,MF05,VM01,VM02,VM03,VM04,VM05,AS04,MF05%26p_totes=S%26p_inici=1%26p_excloure_crp_rec=F&amp;p_codi=9001610517&amp;p_curs=2022-2023&amp;p_es_inscr=S\" data-saferedirecturl=\"https:\/\/www.google.com\/url?q=https:\/\/aplicacions.gestioeducativa.gencat.cat\/pls\/soloas\/pk_for_mod_ins.p_for_detall_activitat?p_header%3DLlista%2520d%2527activitats%255epk_for_mod_ins.p_for_cons_activitats?p_tipus_act%3DASSP,ASSS,EPVP,EPVS,AVMC,VM01,VM02,VM03,VM04,VM05,AS04,MF05,VM01,VM02,VM03,VM04,VM05,AS04,MF05%2526p_totes%3DS%2526p_inici%3D1%2526p_excloure_crp_rec%3DF%26p_codi%3D9001610517%26p_curs%3D2022-2023%26p_es_inscr%3DS&amp;source=gmail&amp;ust=1677856636833000&amp;usg=AOvVaw3g3cBuihUvnpXiSSnGfQgI\">Eines pedag\u00f2giques per fer front a les viol\u00e8ncies masclistes per l\u2019etapa de PRIM\u00c0RIA<\/a><\/em><\/strong>\u00a05h lectives repartides en dos sessions de 2,5h cadascuna.<br \/>\nPersones destinat\u00e0ries: docents de prim\u00e0ria\u00a0i professionals de l\u2019EAP.<br \/>\nEl 13 i 20 d\u2019abril de 2023 de 17:00h a 19:30h<\/p>\n<p><strong>9001840517\u00a0<em><a href=\"https:\/\/aplicacions.gestioeducativa.gencat.cat\/pls\/soloas\/pk_for_mod_ins.p_for_detall_activitat?p_header=Llista%20d%27activitats%5epk_for_mod_ins.p_for_cons_activitats?p_tipus_act=ASSP,ASSS,EPVP,EPVS,AVMC,VM01,VM02,VM03,VM04,VM05,AS04,MF05,VM01,VM02,VM03,VM04,VM05,AS04,MF05%26p_totes=S%26p_inici=11%26p_excloure_crp_rec=F&amp;p_codi=9001840517&amp;p_curs=2022-2023&amp;p_es_inscr=S\" data-saferedirecturl=\"https:\/\/www.google.com\/url?q=https:\/\/aplicacions.gestioeducativa.gencat.cat\/pls\/soloas\/pk_for_mod_ins.p_for_detall_activitat?p_header%3DLlista%2520d%2527activitats%255epk_for_mod_ins.p_for_cons_activitats?p_tipus_act%3DASSP,ASSS,EPVP,EPVS,AVMC,VM01,VM02,VM03,VM04,VM05,AS04,MF05,VM01,VM02,VM03,VM04,VM05,AS04,MF05%2526p_totes%3DS%2526p_inici%3D11%2526p_excloure_crp_rec%3DF%26p_codi%3D9001840517%26p_curs%3D2022-2023%26p_es_inscr%3DS&amp;source=gmail&amp;ust=1677856636834000&amp;usg=AOvVaw2DXNwk4eT1YTe3hvaauAnB\">Eines pedag\u00f2giques per fer front a les viol\u00e8ncies masclistes per l\u2019etapa de SECUND\u00c0RIA<\/a><\/em><\/strong>\u00a05h lectives repartides en dos sessions de 2,5h cadascuna.<br \/>\nPersones destinat\u00e0ries: docents de\u00a0secund\u00e0ria\u00a0i professionals de l\u2019EAP.<br \/>\nEl 12 i 19 d\u2019abril de 2023 de 17:00h a 19:30h<\/p>\n<p><strong>9001860517\u00a0<em><a href=\"https:\/\/aplicacions.gestioeducativa.gencat.cat\/pls\/soloas\/pk_for_mod_ins.p_for_detall_activitat?p_header=Llista%20d%27activitats%5epk_for_mod_ins.p_for_cons_activitats?p_tipus_act=ASSP,ASSS,EPVP,EPVS,AVMC,VM01,VM02,VM03,VM04,VM05,AS04,MF05,VM01,VM02,VM03,VM04,VM05,AS04,MF05%26p_totes=S%26p_inici=11%26p_excloure_crp_rec=F&amp;p_codi=9001860517&amp;p_curs=2022-2023&amp;p_es_inscr=S\" data-saferedirecturl=\"https:\/\/www.google.com\/url?q=https:\/\/aplicacions.gestioeducativa.gencat.cat\/pls\/soloas\/pk_for_mod_ins.p_for_detall_activitat?p_header%3DLlista%2520d%2527activitats%255epk_for_mod_ins.p_for_cons_activitats?p_tipus_act%3DASSP,ASSS,EPVP,EPVS,AVMC,VM01,VM02,VM03,VM04,VM05,AS04,MF05,VM01,VM02,VM03,VM04,VM05,AS04,MF05%2526p_totes%3DS%2526p_inici%3D11%2526p_excloure_crp_rec%3DF%26p_codi%3D9001860517%26p_curs%3D2022-2023%26p_es_inscr%3DS&amp;source=gmail&amp;ust=1677856636834000&amp;usg=AOvVaw0Kb7I6cCYJesebpZt3EwT2\">Eines pedag\u00f2giques per fer front a les viol\u00e8ncies masclistes per l\u2019etapa de SECUND\u00c0RIA<\/a><\/em><\/strong>\u00a05h lectives repartides en dos sessions de 2,5h cadascuna.<br \/>\nPersones destinat\u00e0ries: docents de\u00a0secund\u00e0ria\u00a0i professionals de l\u2019EAP.<br \/>\nEl 17 i 24 d\u2019abril de 2023 de 17:00h a 19:30h<\/p>\n<p><strong>9001630517<\/strong>\u00a0<strong><em><a href=\"https:\/\/aplicacions.gestioeducativa.gencat.cat\/pls\/soloas\/pk_for_mod_ins.p_for_detall_activitat?p_header=Llista%20d%27activitats%5epk_for_mod_ins.p_for_cons_activitats?p_tipus_act=ASSP,ASSS,EPVP,EPVS,AVMC,VM01,VM02,VM03,VM04,VM05,AS04,MF05,VM01,VM02,VM03,VM04,VM05,AS04,MF05%26p_totes=S%26p_inici=1%26p_excloure_crp_rec=F&amp;p_codi=9001630517&amp;p_curs=2022-2023&amp;p_es_inscr=S\" data-saferedirecturl=\"https:\/\/www.google.com\/url?q=https:\/\/aplicacions.gestioeducativa.gencat.cat\/pls\/soloas\/pk_for_mod_ins.p_for_detall_activitat?p_header%3DLlista%2520d%2527activitats%255epk_for_mod_ins.p_for_cons_activitats?p_tipus_act%3DASSP,ASSS,EPVP,EPVS,AVMC,VM01,VM02,VM03,VM04,VM05,AS04,MF05,VM01,VM02,VM03,VM04,VM05,AS04,MF05%2526p_totes%3DS%2526p_inici%3D1%2526p_excloure_crp_rec%3DF%26p_codi%3D9001630517%26p_curs%3D2022-2023%26p_es_inscr%3DS&amp;source=gmail&amp;ust=1677856636834000&amp;usg=AOvVaw2DAGf6xNM6sA9Lr_kEm9Hz\">Eines pedag\u00f2giques per fer front a les viol\u00e8ncies masclistes per l\u2019etapa de PRIM\u00c0RIA<\/a><\/em><\/strong>\u00a05h lectives repartides en dos sessions de 2,5h cadascuna.<br \/>\nPersones destinat\u00e0ries: docents de prim\u00e0ria\u00a0i professionals de l\u2019EAP.<br \/>\nEl 25 d\u2019abril i el 2 de maig de 17:00h a 19:30h<\/p>\n<p><strong>9001880517\u00a0<em><a href=\"https:\/\/aplicacions.gestioeducativa.gencat.cat\/pls\/soloas\/pk_for_mod_ins.p_for_exhaustiu_activitat?p_header=Llista%20d%27activitats%5epk_for_mod_ins.p_for_cons_activitats?p_tipus_act=ASSP,ASSS,EPVP,EPVS,AVMC,VM01,VM02,VM03,VM04,VM05,AS04,MF05,VM01,VM02,VM03,VM04,VM05,AS04,MF05%26p_totes=S%26p_inici=11%26p_excloure_crp_rec=F*Detall%20d%27activitat%5epk_for_mod_ins.p_for_detall_activitat?p_codi=9001880517%26p_curs=2022-2023%26p_es_inscr=S&amp;p_codi=9001880517&amp;p_curs=2022-2023&amp;p_es_inscr=S\" data-saferedirecturl=\"https:\/\/www.google.com\/url?q=https:\/\/aplicacions.gestioeducativa.gencat.cat\/pls\/soloas\/pk_for_mod_ins.p_for_exhaustiu_activitat?p_header%3DLlista%2520d%2527activitats%255epk_for_mod_ins.p_for_cons_activitats?p_tipus_act%3DASSP,ASSS,EPVP,EPVS,AVMC,VM01,VM02,VM03,VM04,VM05,AS04,MF05,VM01,VM02,VM03,VM04,VM05,AS04,MF05%2526p_totes%3DS%2526p_inici%3D11%2526p_excloure_crp_rec%3DF*Detall%2520d%2527activitat%255epk_for_mod_ins.p_for_detall_activitat?p_codi%3D9001880517%2526p_curs%3D2022-2023%2526p_es_inscr%3DS%26p_codi%3D9001880517%26p_curs%3D2022-2023%26p_es_inscr%3DS&amp;source=gmail&amp;ust=1677856636834000&amp;usg=AOvVaw2NKKJht-4DIaml3PaOoBQu\">Eines pedag\u00f2giques per fer front a les viol\u00e8ncies masclistes per l\u2019etapa de SECUND\u00c0RIA<\/a><\/em><\/strong>\u00a05h lectives repartides en dos sessions de 2,5h cadascuna.<br \/>\nPersones destinat\u00e0ries: docents de\u00a0secund\u00e0ria\u00a0i professionals de l\u2019EAP.<br \/>\nEl 26 d\u2019abril i el 3 de maig de 2023 de 17:00h a 19:30h<\/p>\n<p><strong>9001650517\u00a0<em><a href=\"https:\/\/aplicacions.gestioeducativa.gencat.cat\/pls\/soloas\/pk_for_mod_ins.p_for_detall_activitat?p_header=Llista%20d%27activitats%5epk_for_mod_ins.p_for_cons_activitats?p_tipus_act=ASSP,ASSS,EPVP,EPVS,AVMC,VM01,VM02,VM03,VM04,VM05,AS04,MF05,VM01,VM02,VM03,VM04,VM05,AS04,MF05%26p_totes=S%26p_inici=1%26p_excloure_crp_rec=F&amp;p_codi=9001650517&amp;p_curs=2022-2023&amp;p_es_inscr=S\" data-saferedirecturl=\"https:\/\/www.google.com\/url?q=https:\/\/aplicacions.gestioeducativa.gencat.cat\/pls\/soloas\/pk_for_mod_ins.p_for_detall_activitat?p_header%3DLlista%2520d%2527activitats%255epk_for_mod_ins.p_for_cons_activitats?p_tipus_act%3DASSP,ASSS,EPVP,EPVS,AVMC,VM01,VM02,VM03,VM04,VM05,AS04,MF05,VM01,VM02,VM03,VM04,VM05,AS04,MF05%2526p_totes%3DS%2526p_inici%3D1%2526p_excloure_crp_rec%3DF%26p_codi%3D9001650517%26p_curs%3D2022-2023%26p_es_inscr%3DS&amp;source=gmail&amp;ust=1677856636834000&amp;usg=AOvVaw1Gtwp8wrJUOFvqE2GrbmsW\">Eines pedag\u00f2giques per fer front a les viol\u00e8ncies masclistes per l\u2019etapa de PRIM\u00c0RIA<\/a><\/em><\/strong>\u00a05h lectives repartides en dos sessions de 2,5h cadascuna.<br \/>\nPersones destinat\u00e0ries: docents de prim\u00e0ria\u00a0i professionals de l\u2019EAP.<br \/>\nEl 27 d\u2019abril i el 4 de maig de 17:00h a 19:30h<\/p>\n<p><strong>9001900517\u00a0<em><a href=\"https:\/\/aplicacions.gestioeducativa.gencat.cat\/pls\/soloas\/pk_for_mod_ins.p_for_detall_activitat?p_header=Llista%20d%27activitats%5epk_for_mod_ins.p_for_cons_activitats?p_tipus_act=ASSP,ASSS,EPVP,EPVS,AVMC,VM01,VM02,VM03,VM04,VM05,AS04,MF05,VM01,VM02,VM03,VM04,VM05,AS04,MF05%26p_totes=S%26p_inici=11%26p_excloure_crp_rec=F&amp;p_codi=9001900517&amp;p_curs=2022-2023&amp;p_es_inscr=S\" data-saferedirecturl=\"https:\/\/www.google.com\/url?q=https:\/\/aplicacions.gestioeducativa.gencat.cat\/pls\/soloas\/pk_for_mod_ins.p_for_detall_activitat?p_header%3DLlista%2520d%2527activitats%255epk_for_mod_ins.p_for_cons_activitats?p_tipus_act%3DASSP,ASSS,EPVP,EPVS,AVMC,VM01,VM02,VM03,VM04,VM05,AS04,MF05,VM01,VM02,VM03,VM04,VM05,AS04,MF05%2526p_totes%3DS%2526p_inici%3D11%2526p_excloure_crp_rec%3DF%26p_codi%3D9001900517%26p_curs%3D2022-2023%26p_es_inscr%3DS&amp;source=gmail&amp;ust=1677856636834000&amp;usg=AOvVaw1t4RVLLrKbecigEygV32_5\">Eines pedag\u00f2giques per fer front a les viol\u00e8ncies masclistes per l\u2019etapa de SECUND\u00c0RIA<\/a><\/em><\/strong>\u00a0lectives repartides en dos sessions de 2,5h cadascuna.<br \/>\nPersones destinat\u00e0ries: docents de\u00a0secund\u00e0ria\u00a0i professionals de l\u2019EAP.<br \/>\nEl 8 i el 15 de maig de 2023 de 17:00h a 19:30h<\/p>\n<p><strong>9001670517\u00a0<em><a href=\"https:\/\/aplicacions.gestioeducativa.gencat.cat\/pls\/soloas\/pk_for_mod_ins.p_for_detall_activitat?p_header=Selecci%F3%5epk_for_mod_ins.p_for_form_cons_act?p_excloure_crp_rec=T&amp;p_codi=9001670517&amp;p_curs=2022-2023&amp;p_es_inscr=S\" data-saferedirecturl=\"https:\/\/www.google.com\/url?q=https:\/\/aplicacions.gestioeducativa.gencat.cat\/pls\/soloas\/pk_for_mod_ins.p_for_detall_activitat?p_header%3DSelecci%25F3%255epk_for_mod_ins.p_for_form_cons_act?p_excloure_crp_rec%3DT%26p_codi%3D9001670517%26p_curs%3D2022-2023%26p_es_inscr%3DS&amp;source=gmail&amp;ust=1677856636834000&amp;usg=AOvVaw2XT1Fsgg-8bwuuKwiIqBE-\">Eines pedag\u00f2giques per fer front a les viol\u00e8ncies masclistes per l\u2019etapa de PRIM\u00c0RIA<\/a><\/em><\/strong>\u00a05h lectives repartides en dos sessions de 2,5h cadascuna.<br \/>\nPersones destinat\u00e0ries: docents de prim\u00e0ria i professionals de l\u2019EAP.<br \/>\nEl 9 i el 16 de maig de 17:00h a 19:30h<\/p>\n<p><strong>9001920517\u00a0<em><a href=\"https:\/\/aplicacions.gestioeducativa.gencat.cat\/pls\/soloas\/pk_for_mod_ins.p_for_detall_activitat?p_header=Selecci%F3%5epk_for_mod_ins.p_for_form_cons_act?p_excloure_crp_rec=T&amp;p_codi=9001920517&amp;p_curs=2022-2023&amp;p_es_inscr=S\" data-saferedirecturl=\"https:\/\/www.google.com\/url?q=https:\/\/aplicacions.gestioeducativa.gencat.cat\/pls\/soloas\/pk_for_mod_ins.p_for_detall_activitat?p_header%3DSelecci%25F3%255epk_for_mod_ins.p_for_form_cons_act?p_excloure_crp_rec%3DT%26p_codi%3D9001920517%26p_curs%3D2022-2023%26p_es_inscr%3DS&amp;source=gmail&amp;ust=1677856636834000&amp;usg=AOvVaw1Oceg8tBmk_SF-LWkBZIDL\">Eines pedag\u00f2giques per fer front a les viol\u00e8ncies masclistes per l\u2019etapa de SECUND\u00c0RIA<\/a><\/em><\/strong>\u00a05h lectives repartides en dos sessions de 2,5h cadascuna.<br \/>\nPersones destinat\u00e0ries: docents de\u00a0secund\u00e0ria\u00a0i professionals de l\u2019EAP.<br \/>\nEl 10 i el 17 de maig de 2023 de 17:00h a 19:30h<\/p>\n<p><strong>9001690517\u00a0<em><a href=\"https:\/\/aplicacions.gestioeducativa.gencat.cat\/pls\/soloas\/pk_for_mod_ins.p_for_detall_activitat?p_header=Selecci%F3%5epk_for_mod_ins.p_for_form_cons_act?p_excloure_crp_rec=T&amp;p_codi=9001690517&amp;p_curs=2022-2023&amp;p_es_inscr=S\" data-saferedirecturl=\"https:\/\/www.google.com\/url?q=https:\/\/aplicacions.gestioeducativa.gencat.cat\/pls\/soloas\/pk_for_mod_ins.p_for_detall_activitat?p_header%3DSelecci%25F3%255epk_for_mod_ins.p_for_form_cons_act?p_excloure_crp_rec%3DT%26p_codi%3D9001690517%26p_curs%3D2022-2023%26p_es_inscr%3DS&amp;source=gmail&amp;ust=1677856636834000&amp;usg=AOvVaw3gQYVQNm-uYd2-pFhDmYdl\">Eines pedag\u00f2giques per fer front a les viol\u00e8ncies masclistes per l\u2019etapa de PRIM\u00c0RIA<\/a><\/em><\/strong>\u00a05h lectives repartides en dos sessions de 2,5h cadascuna.<br \/>\nPersones destinat\u00e0ries: docents de prim\u00e0ria \u00a0i professionals de l\u2019EAP.<br \/>\nL\u2019 11 i \u00a0el 18 de maig de 17:00h a 19:30h<\/p>\n<p>&nbsp;<\/p>\n","protected":false},"excerpt":{"rendered":"<p>Des de l\u2019Unitat de Suport a l\u2019Alumnat en Situaci\u00f3 de Viol\u00e8ncia (USAV) han preparat una s\u00e8rie de\u00a0sessions formatives\u00a0sobre\u00a0eines pedag\u00f2giques per fer front a les viol\u00e8ncies masclistes, diferenciades per etapa educativa.<\/p>\n","protected":false},"author":1,"featured_media":16159,"comment_status":"closed","ping_status":"closed","sticky":false,"template":"","format":"standard","meta":{"_bbp_topic_count":0,"_bbp_reply_count":0,"_bbp_total_topic_count":0,"_bbp_total_reply_count":0,"_bbp_voice_count":0,"_bbp_anonymous_reply_count":0,"_bbp_topic_count_hidden":0,"_bbp_reply_count_hidden":0,"_bbp_forum_subforum_count":0,"site-sidebar-layout":"default","site-content-layout":"","ast-site-content-layout":"","site-content-style":"default","site-sidebar-style":"default","ast-global-header-display":"","ast-banner-title-visibility":"","ast-main-header-display":"","ast-hfb-above-header-display":"","ast-hfb-below-header-display":"","ast-hfb-mobile-header-display":"","site-post-title":"","ast-breadcrumbs-content":"","ast-featured-img":"","footer-sml-layout":"","theme-transparent-header-meta":"","adv-header-id-meta":"","stick-header-meta":"","header-above-stick-meta":"","header-main-stick-meta":"","header-below-stick-meta":"","astra-migrate-meta-layouts":"default","ast-page-background-enabled":"default","ast-page-background-meta":{"desktop":{"background-color":"var(--ast-global-color-4)","background-image":"","background-repeat":"repeat","background-position":"center center","background-size":"auto","background-attachment":"scroll","background-type":"","background-media":"","overlay-type":"","overlay-color":"","overlay-opacity":"","overlay-gradient":""},"tablet":{"background-color":"","background-image":"","background-repeat":"repeat","background-position":"center center","background-size":"auto","background-attachment":"scroll","background-type":"","background-media":"","overlay-type":"","overlay-color":"","overlay-opacity":"","overlay-gradient":""},"mobile":{"background-color":"","background-image":"","background-repeat":"repeat","background-position":"center center","background-size":"auto","background-attachment":"scroll","background-type":"","background-media":"","overlay-type":"","overlay-color":"","overlay-opacity":"","overlay-gradient":""}},"ast-content-background-meta":{"desktop":{"background-color":"var(--ast-global-color-5)","background-image":"","background-repeat":"repeat","background-position":"center center","background-size":"auto","background-attachment":"scroll","background-type":"","background-media":"","overlay-type":"","overlay-color":"","overlay-opacity":"","overlay-gradient":""},"tablet":{"background-color":"var(--ast-global-color-5)","background-image":"","background-repeat":"repeat","background-position":"center center","background-size":"auto","background-attachment":"scroll","background-type":"","background-media":"","overlay-type":"","overlay-color":"","overlay-opacity":"","overlay-gradient":""},"mobile":{"background-color":"var(--ast-global-color-5)","background-image":"","background-repeat":"repeat","background-position":"center center","background-size":"auto","background-attachment":"scroll","background-type":"","background-media":"","overlay-type":"","overlay-color":"","overlay-opacity":"","overlay-gradient":""}},"footnotes":""},"categories":[29],"tags":[],"class_list":["post-16158","post","type-post","status-publish","format-standard","has-post-thumbnail","hentry","category-portada"],"post_mailing_queue_ids":[],"_links":{"self":[{"href":"https:\/\/serveiseducatius.xtec.cat\/bergueda\/wp-json\/wp\/v2\/posts\/16158","targetHints":{"allow":["GET"]}}],"collection":[{"href":"https:\/\/serveiseducatius.xtec.cat\/bergueda\/wp-json\/wp\/v2\/posts"}],"about":[{"href":"https:\/\/serveiseducatius.xtec.cat\/bergueda\/wp-json\/wp\/v2\/types\/post"}],"author":[{"embeddable":true,"href":"https:\/\/serveiseducatius.xtec.cat\/bergueda\/wp-json\/wp\/v2\/users\/1"}],"replies":[{"embeddable":true,"href":"https:\/\/serveiseducatius.xtec.cat\/bergueda\/wp-json\/wp\/v2\/comments?post=16158"}],"version-history":[{"count":3,"href":"https:\/\/serveiseducatius.xtec.cat\/bergueda\/wp-json\/wp\/v2\/posts\/16158\/revisions"}],"predecessor-version":[{"id":16204,"href":"https:\/\/serveiseducatius.xtec.cat\/bergueda\/wp-json\/wp\/v2\/posts\/16158\/revisions\/16204"}],"wp:featuredmedia":[{"embeddable":true,"href":"https:\/\/serveiseducatius.xtec.cat\/bergueda\/wp-json\/wp\/v2\/media\/16159"}],"wp:attachment":[{"href":"https:\/\/serveiseducatius.xtec.cat\/bergueda\/wp-json\/wp\/v2\/media?parent=16158"}],"wp:term":[{"taxonomy":"category","embeddable":true,"href":"https:\/\/serveiseducatius.xtec.cat\/bergueda\/wp-json\/wp\/v2\/categories?post=16158"},{"taxonomy":"post_tag","embeddable":true,"href":"https:\/\/serveiseducatius.xtec.cat\/bergueda\/wp-json\/wp\/v2\/tags?post=16158"}],"curies":[{"name":"wp","href":"https:\/\/api.w.org\/{rel}","templated":true}]}}