{"id":16108,"date":"2023-02-23T09:59:28","date_gmt":"2023-02-23T08:59:28","guid":{"rendered":"https:\/\/serveiseducatius.xtec.cat\/bergueda\/?p=16108"},"modified":"2023-02-23T09:59:28","modified_gmt":"2023-02-23T08:59:28","slug":"jornada-sobre-lensenyament-de-les-ciencies-a-leducacio-infantil-i-primaria-ciencies-365","status":"publish","type":"post","link":"https:\/\/serveiseducatius.xtec.cat\/bergueda\/portada\/jornada-sobre-lensenyament-de-les-ciencies-a-leducacio-infantil-i-primaria-ciencies-365\/","title":{"rendered":"Jornada sobre l\u2019ensenyament de les ci\u00e8ncies a l\u2019educaci\u00f3 infantil i prim\u00e0ria: Ci\u00e8ncies 365"},"content":{"rendered":"<p><a href=\"https:\/\/serveiseducatius.xtec.cat\/bergueda\/wp-content\/uploads\/usu878\/2023\/02\/jornada-ciencia-365.jpg\"><img loading=\"lazy\" decoding=\"async\" class=\"size-full wp-image-16109 alignleft\" src=\"https:\/\/serveiseducatius.xtec.cat\/bergueda\/wp-content\/uploads\/usu878\/2023\/02\/jornada-ciencia-365.jpg\" alt=\"\" width=\"361\" height=\"384\" srcset=\"https:\/\/serveiseducatius.xtec.cat\/bergueda\/wp-content\/uploads\/usu878\/2023\/02\/jornada-ciencia-365.jpg 361w, https:\/\/serveiseducatius.xtec.cat\/bergueda\/wp-content\/uploads\/usu878\/2023\/02\/jornada-ciencia-365-282x300.jpg 282w\" sizes=\"auto, (max-width: 361px) 100vw, 361px\" \/><\/a>El dissabte\u00a0<strong>18 de mar\u00e7, <\/strong>UManresa, ofereix la <strong>\u201cJornada sobre l\u2019ensenyament de les ci\u00e8ncies a l\u2019educaci\u00f3 infantil i prim\u00e0ria: Ci\u00e8ncies 365\u201d<\/strong>.\u00a0\u00a0Mitjan\u00e7ant les pon\u00e8ncies i els tallers oferiran un ampli ventall d&#8217;idees i recursos did\u00e0ctics que poden ajudar a reorientar l&#8217;ensenyament de les ci\u00e8ncies a infantil i prim\u00e0ria.<\/p>\n<p style=\"font-weight: 400;\">Per a m\u00e9s informaci\u00f3 entreu a\u00a0<strong><a href=\"https:\/\/blocs.umanresa.cat\/educaciofub\/2023\/02\/22\/jornada-de-ciencia-ciencia-365\/\" data-saferedirecturl=\"https:\/\/www.google.com\/url?q=https:\/\/blocs.umanresa.cat\/educaciofub\/2023\/02\/22\/jornada-de-ciencia-ciencia-365\/&amp;source=gmail&amp;ust=1677227720270000&amp;usg=AOvVaw3Wg4rnsfzm1Q0ElfNhFOWa\">Jornada de ci\u00e8ncia: Ci\u00e8ncia 365<\/a><\/strong><\/p>\n","protected":false},"excerpt":{"rendered":"<p>El dissabte\u00a018 de mar\u00e7, UManresa, ofereix la \u201cJornada sobre l\u2019ensenyament de les ci\u00e8ncies a l\u2019educaci\u00f3 infantil i prim\u00e0ria: Ci\u00e8ncies 365\u201d.\u00a0\u00a0Mitjan\u00e7ant [&hellip;]<\/p>\n","protected":false},"author":1,"featured_media":16110,"comment_status":"closed","ping_status":"closed","sticky":false,"template":"","format":"standard","meta":{"_bbp_topic_count":0,"_bbp_reply_count":0,"_bbp_total_topic_count":0,"_bbp_total_reply_count":0,"_bbp_voice_count":0,"_bbp_anonymous_reply_count":0,"_bbp_topic_count_hidden":0,"_bbp_reply_count_hidden":0,"_bbp_forum_subforum_count":0,"site-sidebar-layout":"default","site-content-layout":"","ast-site-content-layout":"","site-content-style":"default","site-sidebar-style":"default","ast-global-header-display":"","ast-banner-title-visibility":"","ast-main-header-display":"","ast-hfb-above-header-display":"","ast-hfb-below-header-display":"","ast-hfb-mobile-header-display":"","site-post-title":"","ast-breadcrumbs-content":"","ast-featured-img":"","footer-sml-layout":"","theme-transparent-header-meta":"","adv-header-id-meta":"","stick-header-meta":"","header-above-stick-meta":"","header-main-stick-meta":"","header-below-stick-meta":"","astra-migrate-meta-layouts":"default","ast-page-background-enabled":"default","ast-page-background-meta":{"desktop":{"background-color":"var(--ast-global-color-4)","background-image":"","background-repeat":"repeat","background-position":"center center","background-size":"auto","background-attachment":"scroll","background-type":"","background-media":"","overlay-type":"","overlay-color":"","overlay-opacity":"","overlay-gradient":""},"tablet":{"background-color":"","background-image":"","background-repeat":"repeat","background-position":"center center","background-size":"auto","background-attachment":"scroll","background-type":"","background-media":"","overlay-type":"","overlay-color":"","overlay-opacity":"","overlay-gradient":""},"mobile":{"background-color":"","background-image":"","background-repeat":"repeat","background-position":"center center","background-size":"auto","background-attachment":"scroll","background-type":"","background-media":"","overlay-type":"","overlay-color":"","overlay-opacity":"","overlay-gradient":""}},"ast-content-background-meta":{"desktop":{"background-color":"var(--ast-global-color-5)","background-image":"","background-repeat":"repeat","background-position":"center center","background-size":"auto","background-attachment":"scroll","background-type":"","background-media":"","overlay-type":"","overlay-color":"","overlay-opacity":"","overlay-gradient":""},"tablet":{"background-color":"var(--ast-global-color-5)","background-image":"","background-repeat":"repeat","background-position":"center center","background-size":"auto","background-attachment":"scroll","background-type":"","background-media":"","overlay-type":"","overlay-color":"","overlay-opacity":"","overlay-gradient":""},"mobile":{"background-color":"var(--ast-global-color-5)","background-image":"","background-repeat":"repeat","background-position":"center center","background-size":"auto","background-attachment":"scroll","background-type":"","background-media":"","overlay-type":"","overlay-color":"","overlay-opacity":"","overlay-gradient":""}},"footnotes":""},"categories":[29],"tags":[],"class_list":["post-16108","post","type-post","status-publish","format-standard","has-post-thumbnail","hentry","category-portada"],"post_mailing_queue_ids":[],"_links":{"self":[{"href":"https:\/\/serveiseducatius.xtec.cat\/bergueda\/wp-json\/wp\/v2\/posts\/16108","targetHints":{"allow":["GET"]}}],"collection":[{"href":"https:\/\/serveiseducatius.xtec.cat\/bergueda\/wp-json\/wp\/v2\/posts"}],"about":[{"href":"https:\/\/serveiseducatius.xtec.cat\/bergueda\/wp-json\/wp\/v2\/types\/post"}],"author":[{"embeddable":true,"href":"https:\/\/serveiseducatius.xtec.cat\/bergueda\/wp-json\/wp\/v2\/users\/1"}],"replies":[{"embeddable":true,"href":"https:\/\/serveiseducatius.xtec.cat\/bergueda\/wp-json\/wp\/v2\/comments?post=16108"}],"version-history":[{"count":1,"href":"https:\/\/serveiseducatius.xtec.cat\/bergueda\/wp-json\/wp\/v2\/posts\/16108\/revisions"}],"predecessor-version":[{"id":16111,"href":"https:\/\/serveiseducatius.xtec.cat\/bergueda\/wp-json\/wp\/v2\/posts\/16108\/revisions\/16111"}],"wp:featuredmedia":[{"embeddable":true,"href":"https:\/\/serveiseducatius.xtec.cat\/bergueda\/wp-json\/wp\/v2\/media\/16110"}],"wp:attachment":[{"href":"https:\/\/serveiseducatius.xtec.cat\/bergueda\/wp-json\/wp\/v2\/media?parent=16108"}],"wp:term":[{"taxonomy":"category","embeddable":true,"href":"https:\/\/serveiseducatius.xtec.cat\/bergueda\/wp-json\/wp\/v2\/categories?post=16108"},{"taxonomy":"post_tag","embeddable":true,"href":"https:\/\/serveiseducatius.xtec.cat\/bergueda\/wp-json\/wp\/v2\/tags?post=16108"}],"curies":[{"name":"wp","href":"https:\/\/api.w.org\/{rel}","templated":true}]}}