{"id":16103,"date":"2023-02-27T06:16:13","date_gmt":"2023-02-27T05:16:13","guid":{"rendered":"https:\/\/serveiseducatius.xtec.cat\/bergueda\/?p=16103"},"modified":"2023-02-23T11:40:39","modified_gmt":"2023-02-23T10:40:39","slug":"recerca-creacio-i-servei-a-lins-serra-de-noet","status":"publish","type":"post","link":"https:\/\/serveiseducatius.xtec.cat\/bergueda\/portada\/recerca-creacio-i-servei-a-lins-serra-de-noet\/","title":{"rendered":"Recerca, Creaci\u00f3 i Servei a l&#8217;Ins Serra de Noet"},"content":{"rendered":"<p><a href=\"https:\/\/serveiseducatius.xtec.cat\/bergueda\/wp-content\/uploads\/usu878\/2023\/02\/Ins-Serra-de-Noet2-e1677148792243.jpg\"><img loading=\"lazy\" decoding=\"async\" class=\"size-full wp-image-16120 alignleft\" src=\"https:\/\/serveiseducatius.xtec.cat\/bergueda\/wp-content\/uploads\/usu878\/2023\/02\/Ins-Serra-de-Noet2-e1677148792243.jpg\" alt=\"\" width=\"500\" height=\"700\" \/><\/a>El Programa d&#8217;Innovaci\u00f3 de Recerca, Creaci\u00f3 i Servei (RCS) que estem portant a terme al nostre centre a 4t d&#8217;ESO, fomenta els aprenentatges competencials a partir de reptes que ens proposen entitats de l&#8217;entorn. Durant els primers anys, estem comptant amb una s\u00e8rie d\u2019experts que col\u00b7laboren en la formaci\u00f3, la coordinaci\u00f3 i l&#8217;acompanyament del nostre professorat.<br \/>\nAquest programa ens permet d\u2019oferir projectes globalitzadors planificats de tal manera que generen accions que repercuteixin\u00a0 en forma de servei en les persones, en una intervenci\u00f3 sobre l&#8217;entorn o en una concreci\u00f3 de les idees amb produccions culturals.<br \/>\nAl llarg del curs, els projectes es programen en tres torns i, a cada torn, se n\u2019ofereixen tres\u00a0 entre els quals l\u2019alumne n\u2019ha d&#8217;escollir un. Els projectes pertanyen a tres \u00e0mbits: social-art\u00edstic, cientificotecnol\u00f2gic i ling\u00fc\u00edstic. Aix\u00f2 permet que cada alumne pugui desenvolupar un itinerari curricular personal.<br \/>\nDediquem quatre hores setmanals al llarg d&#8217;un trimestre. Cada projecte s&#8217;estructura a partir d&#8217;una presentaci\u00f3, dels assessoraments dels experts, de les trobades amb l&#8217;entitat i d&#8217;una cloenda. D&#8217;aquesta manera, l&#8217;alumnat podr\u00e0 valorar la seva activitat i prendr\u00e0 consci\u00e8ncia de les necessitats de l&#8217;entitat i, alhora, participar\u00e0 en la difusi\u00f3 del seu projecte.<br \/>\nA m\u00e9s, \u00e9s una magn\u00edfica oportunitat per realitzar treball en xarxa i donar-nos a con\u00e8ixer amb les entitats amb les quals col\u00b7laborem. En definitiva, creiem que es tracta d&#8217;una experi\u00e8ncia molt enriquidora i totalment vinculada amb l&#8217;entorn.<br \/>\nDurant aquest primer trimestre, hem col\u00b7laborat amb les entitats seg\u00fcents: <a href=\"https:\/\/agora.xtec.cat\/insserradenoet\/general\/rcs-una-ma-de-contes\/\">TV3 (Una m\u00e0 de contes)<\/a>, IBEC (La qualitat de l&#8217;aire, estudi del CO\u2082 a les aules) i <a href=\"https:\/\/agora.xtec.cat\/insserradenoet\/general\/sortida-a-la-sala-beckett\/\">Sala Beckett<\/a>.<br \/>\nAl segon trimestre, hem comen\u00e7at a col\u00b7laborar amb El museu de la immigraci\u00f3 de Sant Adri\u00e0 de Bes\u00f2s, amb el<a href=\"https:\/\/www.instagram.com\/p\/Co72ggsoqmT\/\"> Computer Vision Center (CVC)<\/a> i Catalunya R\u00e0dio.<br \/>\nUs convidem a visitar la <a href=\"https:\/\/agora.xtec.cat\/insserradenoet\/\">nostra p\u00e0gina web<\/a> on podreu trobar m\u00e9s informaci\u00f3 de tots els <a href=\"https:\/\/agora.xtec.cat\/insserradenoet\/projectes-dinnovacio\/\">nostres projectes<\/a> i especialment les not\u00edcies relacionades amb el <a href=\"https:\/\/agora.xtec.cat\/insserradenoet\/page\/2\/?s=RCS\">projecte projecte RCS<\/a><\/p>\n","protected":false},"excerpt":{"rendered":"<p>El Programa d&#8217;Innovaci\u00f3 de Recerca, Creaci\u00f3 i Servei (RCS) que estem portant a terme al nostre centre a 4t d&#8217;ESO, fomenta els aprenentatges competencials a partir de reptes que ens proposen entitats de l&#8217;entorn. Durant els primers anys, estem comptant amb una s\u00e8rie d\u2019experts que col\u00b7laboren en la formaci\u00f3, la coordinaci\u00f3 i l&#8217;acompanyament del nostre professorat.<\/p>\n","protected":false},"author":1,"featured_media":16122,"comment_status":"closed","ping_status":"closed","sticky":false,"template":"","format":"standard","meta":{"_bbp_topic_count":0,"_bbp_reply_count":0,"_bbp_total_topic_count":0,"_bbp_total_reply_count":0,"_bbp_voice_count":0,"_bbp_anonymous_reply_count":0,"_bbp_topic_count_hidden":0,"_bbp_reply_count_hidden":0,"_bbp_forum_subforum_count":0,"site-sidebar-layout":"default","site-content-layout":"","ast-site-content-layout":"","site-content-style":"default","site-sidebar-style":"default","ast-global-header-display":"","ast-banner-title-visibility":"","ast-main-header-display":"","ast-hfb-above-header-display":"","ast-hfb-below-header-display":"","ast-hfb-mobile-header-display":"","site-post-title":"","ast-breadcrumbs-content":"","ast-featured-img":"","footer-sml-layout":"","theme-transparent-header-meta":"","adv-header-id-meta":"","stick-header-meta":"","header-above-stick-meta":"","header-main-stick-meta":"","header-below-stick-meta":"","astra-migrate-meta-layouts":"default","ast-page-background-enabled":"default","ast-page-background-meta":{"desktop":{"background-color":"var(--ast-global-color-4)","background-image":"","background-repeat":"repeat","background-position":"center center","background-size":"auto","background-attachment":"scroll","background-type":"","background-media":"","overlay-type":"","overlay-color":"","overlay-opacity":"","overlay-gradient":""},"tablet":{"background-color":"","background-image":"","background-repeat":"repeat","background-position":"center center","background-size":"auto","background-attachment":"scroll","background-type":"","background-media":"","overlay-type":"","overlay-color":"","overlay-opacity":"","overlay-gradient":""},"mobile":{"background-color":"","background-image":"","background-repeat":"repeat","background-position":"center center","background-size":"auto","background-attachment":"scroll","background-type":"","background-media":"","overlay-type":"","overlay-color":"","overlay-opacity":"","overlay-gradient":""}},"ast-content-background-meta":{"desktop":{"background-color":"var(--ast-global-color-5)","background-image":"","background-repeat":"repeat","background-position":"center center","background-size":"auto","background-attachment":"scroll","background-type":"","background-media":"","overlay-type":"","overlay-color":"","overlay-opacity":"","overlay-gradient":""},"tablet":{"background-color":"var(--ast-global-color-5)","background-image":"","background-repeat":"repeat","background-position":"center center","background-size":"auto","background-attachment":"scroll","background-type":"","background-media":"","overlay-type":"","overlay-color":"","overlay-opacity":"","overlay-gradient":""},"mobile":{"background-color":"var(--ast-global-color-5)","background-image":"","background-repeat":"repeat","background-position":"center center","background-size":"auto","background-attachment":"scroll","background-type":"","background-media":"","overlay-type":"","overlay-color":"","overlay-opacity":"","overlay-gradient":""}},"footnotes":""},"categories":[29,520],"tags":[],"class_list":["post-16103","post","type-post","status-publish","format-standard","has-post-thumbnail","hentry","category-portada","category-teixim-comarca"],"post_mailing_queue_ids":[],"_links":{"self":[{"href":"https:\/\/serveiseducatius.xtec.cat\/bergueda\/wp-json\/wp\/v2\/posts\/16103","targetHints":{"allow":["GET"]}}],"collection":[{"href":"https:\/\/serveiseducatius.xtec.cat\/bergueda\/wp-json\/wp\/v2\/posts"}],"about":[{"href":"https:\/\/serveiseducatius.xtec.cat\/bergueda\/wp-json\/wp\/v2\/types\/post"}],"author":[{"embeddable":true,"href":"https:\/\/serveiseducatius.xtec.cat\/bergueda\/wp-json\/wp\/v2\/users\/1"}],"replies":[{"embeddable":true,"href":"https:\/\/serveiseducatius.xtec.cat\/bergueda\/wp-json\/wp\/v2\/comments?post=16103"}],"version-history":[{"count":3,"href":"https:\/\/serveiseducatius.xtec.cat\/bergueda\/wp-json\/wp\/v2\/posts\/16103\/revisions"}],"predecessor-version":[{"id":16107,"href":"https:\/\/serveiseducatius.xtec.cat\/bergueda\/wp-json\/wp\/v2\/posts\/16103\/revisions\/16107"}],"wp:featuredmedia":[{"embeddable":true,"href":"https:\/\/serveiseducatius.xtec.cat\/bergueda\/wp-json\/wp\/v2\/media\/16122"}],"wp:attachment":[{"href":"https:\/\/serveiseducatius.xtec.cat\/bergueda\/wp-json\/wp\/v2\/media?parent=16103"}],"wp:term":[{"taxonomy":"category","embeddable":true,"href":"https:\/\/serveiseducatius.xtec.cat\/bergueda\/wp-json\/wp\/v2\/categories?post=16103"},{"taxonomy":"post_tag","embeddable":true,"href":"https:\/\/serveiseducatius.xtec.cat\/bergueda\/wp-json\/wp\/v2\/tags?post=16103"}],"curies":[{"name":"wp","href":"https:\/\/api.w.org\/{rel}","templated":true}]}}