{"id":15851,"date":"2023-01-24T10:43:44","date_gmt":"2023-01-24T09:43:44","guid":{"rendered":"https:\/\/serveiseducatius.xtec.cat\/bergueda\/?p=15851"},"modified":"2023-01-24T10:43:44","modified_gmt":"2023-01-24T09:43:44","slug":"formacions-situacions-daprenentatge-per-al-batxillerat-competencial","status":"publish","type":"post","link":"https:\/\/serveiseducatius.xtec.cat\/bergueda\/portada\/formacions-situacions-daprenentatge-per-al-batxillerat-competencial\/","title":{"rendered":"Formacions: situacions d&#8217;aprenentatge per al batxillerat competencial"},"content":{"rendered":"<p style=\"text-align: center;\"><a href=\"https:\/\/serveiseducatius.xtec.cat\/bergueda\/wp-content\/uploads\/usu878\/2022\/06\/nou-curriculum.png\"><img loading=\"lazy\" decoding=\"async\" class=\"alignnone size-full wp-image-15000\" src=\"https:\/\/serveiseducatius.xtec.cat\/bergueda\/wp-content\/uploads\/usu878\/2022\/06\/nou-curriculum.png\" alt=\"\" width=\"679\" height=\"259\" srcset=\"https:\/\/serveiseducatius.xtec.cat\/bergueda\/wp-content\/uploads\/usu878\/2022\/06\/nou-curriculum.png 679w, https:\/\/serveiseducatius.xtec.cat\/bergueda\/wp-content\/uploads\/usu878\/2022\/06\/nou-curriculum-300x114.png 300w\" sizes=\"auto, (max-width: 679px) 100vw, 679px\" \/><\/a><\/p>\n<p>Al nostre territori, la Catalunya Central, s&#8217;ofereixen els seg\u00fcents cursos:<\/p>\n<p><strong>Atenci\u00f3: La inscripci\u00f3 s&#8217;acaba el 30 de gener<\/strong><\/p>\n<p><a href=\"https:\/\/aplicacions.gestioeducativa.gencat.cat\/pls\/soloas\/pk_for_mod_ins.p_for_pre_cons_activitats?p_any=2022-2023&amp;p_codi=B002500557\" data-saferedirecturl=\"https:\/\/www.google.com\/url?q=https:\/\/aplicacions.gestioeducativa.gencat.cat\/pls\/soloas\/pk_for_mod_ins.p_for_pre_cons_activitats?p_any%3D2022-2023%26p_codi%3DB002500557&amp;source=gmail&amp;ust=1674634230343000&amp;usg=AOvVaw0iAjJru_x1s49BLmBCp3RR\">B002500557\u00a0\u00a0<strong>Situacions d&#8217;aprenentatge per al batxillerat competencial (Educaci\u00f3 F\u00edsica)<\/strong><\/a><\/p>\n<p>Del dijous 16\/2\/2023 a l&#8217;11\/5\/2023 (30 hores) de 16:00h a 19:00h<\/p>\n<p>LLOC: INS Quercus<br \/>\nav. Montserrat, 95\u00a0(\u00a0Sant Joan de Vilatorrada\u00a0)<br \/>\nLes sessions del 16 de febrer, 13 d&#8217;abril i 11 de maig s\u00f3n les presencials<\/p>\n<p><a href=\"https:\/\/aplicacions.gestioeducativa.gencat.cat\/pls\/soloas\/pk_for_mod_ins.p_for_pre_cons_activitats?p_any=2022-2023&amp;p_codi=B002510557\" data-saferedirecturl=\"https:\/\/www.google.com\/url?q=https:\/\/aplicacions.gestioeducativa.gencat.cat\/pls\/soloas\/pk_for_mod_ins.p_for_pre_cons_activitats?p_any%3D2022-2023%26p_codi%3DB002510557&amp;source=gmail&amp;ust=1674634230343000&amp;usg=AOvVaw1_CjlLPL2Z6SIZ63hnjSVL\">B002510557\u00a0\u00a0<strong>Situacions d&#8217;aprenentatge per al batxillerat competencial (Cultura cl\u00e0ssica)<\/strong><\/a><\/p>\n<p>Del dimarts 14\/2\/2023 al 9\/5\/2023 (30 hores) de 16:00h a 19:00h<br \/>\nLLOC: INS Pius Font i Quer<br \/>\nc. Amadeu Vives, s\/n\u00a0(\u00a0Manresa\u00a0)<br \/>\nLes sessions del 14 i 28 de febrer i la del 9 de maig s\u00f3n les presencials<\/p>\n<p><a href=\"https:\/\/aplicacions.gestioeducativa.gencat.cat\/pls\/soloas\/pk_for_mod_ins.p_for_pre_cons_activitats?p_any=2022-2023&amp;p_codi=B002520557\" data-saferedirecturl=\"https:\/\/www.google.com\/url?q=https:\/\/aplicacions.gestioeducativa.gencat.cat\/pls\/soloas\/pk_for_mod_ins.p_for_pre_cons_activitats?p_any%3D2022-2023%26p_codi%3DB002520557&amp;source=gmail&amp;ust=1674634230343000&amp;usg=AOvVaw1ZYMp7cHxSUyMIIDUadzRj\">B002520557\u00a0\u00a0<strong>Situacions d&#8217;aprenentatge per al batxillerat competencial (F\u00edsica i Qu\u00edmica)<\/strong><\/a><\/p>\n<p>Del dijous 16\/2\/2023 a l&#8217;11\/5\/2023 (30 hores) de 16:00h a 19:00h<\/p>\n<p>LLOC: INS La Plana<br \/>\nc. Rector de Vallfogona, 65\u00a0(\u00a0Vic\u00a0)<br \/>\nLes sessions del 16 de febrer, 13 d&#8217;abril i 11 de maig s\u00f3n les presencials<\/p>\n<p><a href=\"https:\/\/aplicacions.gestioeducativa.gencat.cat\/pls\/soloas\/pk_for_mod_ins.p_for_pre_cons_activitats?p_any=2022-2023&amp;p_codi=B002530557\" data-saferedirecturl=\"https:\/\/www.google.com\/url?q=https:\/\/aplicacions.gestioeducativa.gencat.cat\/pls\/soloas\/pk_for_mod_ins.p_for_pre_cons_activitats?p_any%3D2022-2023%26p_codi%3DB002530557&amp;source=gmail&amp;ust=1674634230343000&amp;usg=AOvVaw0D9KxpS3CsnkSVfhUXvIrc\">B002530557\u00a0\u00a0<strong>Situacions d&#8217;aprenentatge per al batxillerat competencial (Geografia i Hist\u00f2ria)<\/strong><\/a><\/p>\n<p>Del dijous 16\/2\/2023 a l&#8217;11\/5\/2023 (30 hores) de 16:00h a 19:00h<br \/>\nLLOC: INS Llu\u00eds de Peguera<br \/>\npl. Espanya, 2\u00a0(\u00a0Manresa\u00a0)<br \/>\nLes sessions del 16 de febrer, 16 de mar\u00e7 i 11 de maig s\u00f3n les presencials<\/p>\n<p><a href=\"https:\/\/aplicacions.gestioeducativa.gencat.cat\/pls\/soloas\/pk_for_mod_ins.p_for_pre_cons_activitats?p_any=2022-2023&amp;p_codi=B002540557\" data-saferedirecturl=\"https:\/\/www.google.com\/url?q=https:\/\/aplicacions.gestioeducativa.gencat.cat\/pls\/soloas\/pk_for_mod_ins.p_for_pre_cons_activitats?p_any%3D2022-2023%26p_codi%3DB002540557&amp;source=gmail&amp;ust=1674634230343000&amp;usg=AOvVaw0DLBopdx0CHiNrfhKAKn4y\">B002540557\u00a0\u00a0<strong>Situacions d&#8217;aprenentatge per al batxillerat competencial (Lleng\u00fces estrangeres)<\/strong><\/a><\/p>\n<p>Del dijous 16\/2\/2023 a l&#8217;11\/5\/2023 (30 hores) de 16:00h a 19:00h<br \/>\nLLOC: SI Gurbc. de l&#8217;Olivera, s\/n\u00a0(\u00a0Gurb\u00a0)<br \/>\nLes sessions del 16 de febrer, 13 d&#8217;abril i 11 de maig s\u00f3n les presencials<\/p>\n<p><a href=\"https:\/\/aplicacions.gestioeducativa.gencat.cat\/pls\/soloas\/pk_for_mod_ins.p_for_pre_cons_activitats?p_any=2022-2023&amp;p_codi=B002550557\" data-saferedirecturl=\"https:\/\/www.google.com\/url?q=https:\/\/aplicacions.gestioeducativa.gencat.cat\/pls\/soloas\/pk_for_mod_ins.p_for_pre_cons_activitats?p_any%3D2022-2023%26p_codi%3DB002550557&amp;source=gmail&amp;ust=1674634230343000&amp;usg=AOvVaw0yaahHYnvjdbpJ4olLwy4_\">B002550557\u00a0\u00a0<strong>Situacions d&#8217;aprenentatge per al batxillerat competencial (Matem\u00e0tiques)<\/strong><\/a><\/p>\n<p>Del dimarts 14\/2\/2023 al 9\/5\/2023 (30 hores) de 16:00h a 19:00h<br \/>\nLLOC: INS Jaume Call\u00eds<br \/>\nav. Ol\u00edmpia, 2\u00a0(\u00a0Vic\u00a0)<br \/>\nLes sessions del 14 de febrer, 11 d&#8217;abril i 9 de maig s\u00f3n les presencials<\/p>\n<p><a href=\"https:\/\/aplicacions.gestioeducativa.gencat.cat\/pls\/soloas\/pk_for_mod_ins.p_for_pre_cons_activitats?p_any=2022-2023&amp;p_codi=B002560557\" data-saferedirecturl=\"https:\/\/www.google.com\/url?q=https:\/\/aplicacions.gestioeducativa.gencat.cat\/pls\/soloas\/pk_for_mod_ins.p_for_pre_cons_activitats?p_any%3D2022-2023%26p_codi%3DB002560557&amp;source=gmail&amp;ust=1674634230343000&amp;usg=AOvVaw00jfDDTlO8MVjQqUf8MX76\">B002560557\u00a0\u00a0<strong>Situacions d&#8217;aprenentatge per al batxillerat competencial (Tecnologia)<\/strong><\/a><\/p>\n<p>Del\u00a0dijous\u00a016\/2\/2023 a\u00a0l&#8217;11\/5\/2023 (30 hores) de 16:00h a 19:00h<br \/>\nLLOC:\u00a0INS Llu\u00eds de Peguera<br \/>\npl. Espanya, 2\u00a0(\u00a0Manresa\u00a0)<br \/>\nLes sessions del 16 de febrer, 16 de mar\u00e7 i 11 de maig s\u00f3n les presencials<\/p>\n","protected":false},"excerpt":{"rendered":"<p>Per aquest 2n Quadrimestre s&#8217;han programat diverses formacions del nou curr\u00edculum de batxillerat per acompanyar als docents segons la seva especialitat.<br \/>\nS\u00f3n cursos semipresencials de 30 hores, tres sessions presencials i quatre telem\u00e0tiques s\u00edncrones.<br \/>\nHorari: de 16:00h. a 19:00h.<\/p>\n","protected":false},"author":1,"featured_media":15239,"comment_status":"closed","ping_status":"closed","sticky":false,"template":"","format":"standard","meta":{"_bbp_topic_count":0,"_bbp_reply_count":0,"_bbp_total_topic_count":0,"_bbp_total_reply_count":0,"_bbp_voice_count":0,"_bbp_anonymous_reply_count":0,"_bbp_topic_count_hidden":0,"_bbp_reply_count_hidden":0,"_bbp_forum_subforum_count":0,"site-sidebar-layout":"default","site-content-layout":"","ast-site-content-layout":"","site-content-style":"default","site-sidebar-style":"default","ast-global-header-display":"","ast-banner-title-visibility":"","ast-main-header-display":"","ast-hfb-above-header-display":"","ast-hfb-below-header-display":"","ast-hfb-mobile-header-display":"","site-post-title":"","ast-breadcrumbs-content":"","ast-featured-img":"","footer-sml-layout":"","theme-transparent-header-meta":"","adv-header-id-meta":"","stick-header-meta":"","header-above-stick-meta":"","header-main-stick-meta":"","header-below-stick-meta":"","astra-migrate-meta-layouts":"default","ast-page-background-enabled":"default","ast-page-background-meta":{"desktop":{"background-color":"var(--ast-global-color-4)","background-image":"","background-repeat":"repeat","background-position":"center center","background-size":"auto","background-attachment":"scroll","background-type":"","background-media":"","overlay-type":"","overlay-color":"","overlay-opacity":"","overlay-gradient":""},"tablet":{"background-color":"","background-image":"","background-repeat":"repeat","background-position":"center center","background-size":"auto","background-attachment":"scroll","background-type":"","background-media":"","overlay-type":"","overlay-color":"","overlay-opacity":"","overlay-gradient":""},"mobile":{"background-color":"","background-image":"","background-repeat":"repeat","background-position":"center center","background-size":"auto","background-attachment":"scroll","background-type":"","background-media":"","overlay-type":"","overlay-color":"","overlay-opacity":"","overlay-gradient":""}},"ast-content-background-meta":{"desktop":{"background-color":"var(--ast-global-color-5)","background-image":"","background-repeat":"repeat","background-position":"center center","background-size":"auto","background-attachment":"scroll","background-type":"","background-media":"","overlay-type":"","overlay-color":"","overlay-opacity":"","overlay-gradient":""},"tablet":{"background-color":"var(--ast-global-color-5)","background-image":"","background-repeat":"repeat","background-position":"center center","background-size":"auto","background-attachment":"scroll","background-type":"","background-media":"","overlay-type":"","overlay-color":"","overlay-opacity":"","overlay-gradient":""},"mobile":{"background-color":"var(--ast-global-color-5)","background-image":"","background-repeat":"repeat","background-position":"center center","background-size":"auto","background-attachment":"scroll","background-type":"","background-media":"","overlay-type":"","overlay-color":"","overlay-opacity":"","overlay-gradient":""}},"footnotes":""},"categories":[29],"tags":[],"class_list":["post-15851","post","type-post","status-publish","format-standard","has-post-thumbnail","hentry","category-portada"],"post_mailing_queue_ids":[],"_links":{"self":[{"href":"https:\/\/serveiseducatius.xtec.cat\/bergueda\/wp-json\/wp\/v2\/posts\/15851","targetHints":{"allow":["GET"]}}],"collection":[{"href":"https:\/\/serveiseducatius.xtec.cat\/bergueda\/wp-json\/wp\/v2\/posts"}],"about":[{"href":"https:\/\/serveiseducatius.xtec.cat\/bergueda\/wp-json\/wp\/v2\/types\/post"}],"author":[{"embeddable":true,"href":"https:\/\/serveiseducatius.xtec.cat\/bergueda\/wp-json\/wp\/v2\/users\/1"}],"replies":[{"embeddable":true,"href":"https:\/\/serveiseducatius.xtec.cat\/bergueda\/wp-json\/wp\/v2\/comments?post=15851"}],"version-history":[{"count":1,"href":"https:\/\/serveiseducatius.xtec.cat\/bergueda\/wp-json\/wp\/v2\/posts\/15851\/revisions"}],"predecessor-version":[{"id":15852,"href":"https:\/\/serveiseducatius.xtec.cat\/bergueda\/wp-json\/wp\/v2\/posts\/15851\/revisions\/15852"}],"wp:featuredmedia":[{"embeddable":true,"href":"https:\/\/serveiseducatius.xtec.cat\/bergueda\/wp-json\/wp\/v2\/media\/15239"}],"wp:attachment":[{"href":"https:\/\/serveiseducatius.xtec.cat\/bergueda\/wp-json\/wp\/v2\/media?parent=15851"}],"wp:term":[{"taxonomy":"category","embeddable":true,"href":"https:\/\/serveiseducatius.xtec.cat\/bergueda\/wp-json\/wp\/v2\/categories?post=15851"},{"taxonomy":"post_tag","embeddable":true,"href":"https:\/\/serveiseducatius.xtec.cat\/bergueda\/wp-json\/wp\/v2\/tags?post=15851"}],"curies":[{"name":"wp","href":"https:\/\/api.w.org\/{rel}","templated":true}]}}