{"id":15735,"date":"2022-12-20T13:11:45","date_gmt":"2022-12-20T12:11:45","guid":{"rendered":"https:\/\/serveiseducatius.xtec.cat\/bergueda\/?p=15735"},"modified":"2023-01-09T13:17:14","modified_gmt":"2023-01-09T12:17:14","slug":"premis-baldiri-reixac-2022-2023","status":"publish","type":"post","link":"https:\/\/serveiseducatius.xtec.cat\/bergueda\/portada\/premis-baldiri-reixac-2022-2023\/","title":{"rendered":"Premis Baldiri Reixac 2022-2023"},"content":{"rendered":"<p><a href=\"https:\/\/fundaciocarulla.cat\/wp-content\/uploads\/2022\/11\/Bases-Premis-Baldiri-22-23.pdf\"><img loading=\"lazy\" decoding=\"async\" class=\" wp-image-15736 alignleft\" src=\"https:\/\/serveiseducatius.xtec.cat\/bergueda\/wp-content\/uploads\/usu878\/2022\/12\/baldiri-reixac.jpg\" alt=\"\" width=\"472\" height=\"671\" srcset=\"https:\/\/serveiseducatius.xtec.cat\/bergueda\/wp-content\/uploads\/usu878\/2022\/12\/baldiri-reixac.jpg 608w, https:\/\/serveiseducatius.xtec.cat\/bergueda\/wp-content\/uploads\/usu878\/2022\/12\/baldiri-reixac-211x300.jpg 211w\" sizes=\"auto, (max-width: 472px) 100vw, 472px\" \/><\/a>Els premis Baldiri Reixac s\u00f3n\u00a0<strong>guardons anuals\u00a0<\/strong>que, des de fa 45 anys,<strong>\u00a0impulsen i reconeixen projectes que transformin l\u2019educaci\u00f3<\/strong>\u00a0i donin resposta als nous reptes socials i educatius\u00a0<strong>des de la cultura i les arts<\/strong>. Ara m\u00e9s que mai, davant els desafiaments globals que estem vivint,\u00a0<strong>busquem escoles i mestres amb projectes innovadors<\/strong>\u00a0per imaginar futurs m\u00e9s sostenibles i millors per a tothom.<\/p>\n<p><strong>Emerg\u00e8ncia clim\u00e0tica<\/strong>, foment de la\u00a0<strong>llengua catalana<\/strong>, esperit cr\u00edtic, gesti\u00f3 emocional i cohesi\u00f3 social i diversitat s\u00f3n els principals reptes d\u2019aquesta edici\u00f3 dels Baldiri. I com a novetat, aquest any donarem un premi a l\u2019<strong>escola catalana m\u00e9s transformadora<\/strong>.<\/p>\n<p>Es poden presentar candidatures <strong>fins al 26 de gener.<\/strong><\/p>\n<p>S&#8217;hi poden presentar escoles, zones escolars rurals (ZER), instituts, instituts escola, llars d&#8217;infants, centres de formaci\u00f3 d\u2019adults, i escoles d\u2019educaci\u00f3 especial d\u2019arreu dels territoris de parla catalana.<\/p>\n<p>\u2022\u00a0<b>Premi Baldiri a l&#8217;escola transformadora<\/b><br \/>\n\u2022\u00a0<b>Premi Baldiri a projectes art\u00edstics<\/b><br \/>\n\u2022\u00a0<b>Premi Baldiri a experi\u00e8ncies innovadores<\/b><\/p>\n<p><a href=\"https:\/\/fundaciocarulla.cat\/premis-baldiri-reixac\/\" target=\"_blank\" rel=\"noopener\">M\u00e9s informaci\u00f3 i inscripcions<\/a><\/p>\n","protected":false},"excerpt":{"rendered":"<p>Els premis Baldiri Reixac s\u00f3n\u00a0guardons anuals\u00a0que, des de fa 45 anys,\u00a0impulsen i reconeixen projectes que transformin l\u2019educaci\u00f3\u00a0i donin resposta als [&hellip;]<\/p>\n","protected":false},"author":1,"featured_media":15737,"comment_status":"closed","ping_status":"closed","sticky":false,"template":"","format":"standard","meta":{"_bbp_topic_count":0,"_bbp_reply_count":0,"_bbp_total_topic_count":0,"_bbp_total_reply_count":0,"_bbp_voice_count":0,"_bbp_anonymous_reply_count":0,"_bbp_topic_count_hidden":0,"_bbp_reply_count_hidden":0,"_bbp_forum_subforum_count":0,"site-sidebar-layout":"default","site-content-layout":"","ast-site-content-layout":"","site-content-style":"default","site-sidebar-style":"default","ast-global-header-display":"","ast-banner-title-visibility":"","ast-main-header-display":"","ast-hfb-above-header-display":"","ast-hfb-below-header-display":"","ast-hfb-mobile-header-display":"","site-post-title":"","ast-breadcrumbs-content":"","ast-featured-img":"","footer-sml-layout":"","theme-transparent-header-meta":"","adv-header-id-meta":"","stick-header-meta":"","header-above-stick-meta":"","header-main-stick-meta":"","header-below-stick-meta":"","astra-migrate-meta-layouts":"default","ast-page-background-enabled":"default","ast-page-background-meta":{"desktop":{"background-color":"var(--ast-global-color-4)","background-image":"","background-repeat":"repeat","background-position":"center center","background-size":"auto","background-attachment":"scroll","background-type":"","background-media":"","overlay-type":"","overlay-color":"","overlay-opacity":"","overlay-gradient":""},"tablet":{"background-color":"","background-image":"","background-repeat":"repeat","background-position":"center center","background-size":"auto","background-attachment":"scroll","background-type":"","background-media":"","overlay-type":"","overlay-color":"","overlay-opacity":"","overlay-gradient":""},"mobile":{"background-color":"","background-image":"","background-repeat":"repeat","background-position":"center center","background-size":"auto","background-attachment":"scroll","background-type":"","background-media":"","overlay-type":"","overlay-color":"","overlay-opacity":"","overlay-gradient":""}},"ast-content-background-meta":{"desktop":{"background-color":"var(--ast-global-color-5)","background-image":"","background-repeat":"repeat","background-position":"center center","background-size":"auto","background-attachment":"scroll","background-type":"","background-media":"","overlay-type":"","overlay-color":"","overlay-opacity":"","overlay-gradient":""},"tablet":{"background-color":"var(--ast-global-color-5)","background-image":"","background-repeat":"repeat","background-position":"center center","background-size":"auto","background-attachment":"scroll","background-type":"","background-media":"","overlay-type":"","overlay-color":"","overlay-opacity":"","overlay-gradient":""},"mobile":{"background-color":"var(--ast-global-color-5)","background-image":"","background-repeat":"repeat","background-position":"center center","background-size":"auto","background-attachment":"scroll","background-type":"","background-media":"","overlay-type":"","overlay-color":"","overlay-opacity":"","overlay-gradient":""}},"footnotes":""},"categories":[423,29],"tags":[],"class_list":["post-15735","post","type-post","status-publish","format-standard","has-post-thumbnail","hentry","category-concursos-premis-alumnat","category-portada"],"post_mailing_queue_ids":[],"_links":{"self":[{"href":"https:\/\/serveiseducatius.xtec.cat\/bergueda\/wp-json\/wp\/v2\/posts\/15735","targetHints":{"allow":["GET"]}}],"collection":[{"href":"https:\/\/serveiseducatius.xtec.cat\/bergueda\/wp-json\/wp\/v2\/posts"}],"about":[{"href":"https:\/\/serveiseducatius.xtec.cat\/bergueda\/wp-json\/wp\/v2\/types\/post"}],"author":[{"embeddable":true,"href":"https:\/\/serveiseducatius.xtec.cat\/bergueda\/wp-json\/wp\/v2\/users\/1"}],"replies":[{"embeddable":true,"href":"https:\/\/serveiseducatius.xtec.cat\/bergueda\/wp-json\/wp\/v2\/comments?post=15735"}],"version-history":[{"count":2,"href":"https:\/\/serveiseducatius.xtec.cat\/bergueda\/wp-json\/wp\/v2\/posts\/15735\/revisions"}],"predecessor-version":[{"id":15745,"href":"https:\/\/serveiseducatius.xtec.cat\/bergueda\/wp-json\/wp\/v2\/posts\/15735\/revisions\/15745"}],"wp:featuredmedia":[{"embeddable":true,"href":"https:\/\/serveiseducatius.xtec.cat\/bergueda\/wp-json\/wp\/v2\/media\/15737"}],"wp:attachment":[{"href":"https:\/\/serveiseducatius.xtec.cat\/bergueda\/wp-json\/wp\/v2\/media?parent=15735"}],"wp:term":[{"taxonomy":"category","embeddable":true,"href":"https:\/\/serveiseducatius.xtec.cat\/bergueda\/wp-json\/wp\/v2\/categories?post=15735"},{"taxonomy":"post_tag","embeddable":true,"href":"https:\/\/serveiseducatius.xtec.cat\/bergueda\/wp-json\/wp\/v2\/tags?post=15735"}],"curies":[{"name":"wp","href":"https:\/\/api.w.org\/{rel}","templated":true}]}}