{"id":15727,"date":"2022-12-19T16:13:55","date_gmt":"2022-12-19T15:13:55","guid":{"rendered":"https:\/\/serveiseducatius.xtec.cat\/bergueda\/?p=15727"},"modified":"2022-12-20T15:46:09","modified_gmt":"2022-12-20T14:46:09","slug":"xix-jornades-internacionals-de-recerca-en-didactica-de-les-ciencies-socials","status":"publish","type":"post","link":"https:\/\/serveiseducatius.xtec.cat\/bergueda\/portada\/xix-jornades-internacionals-de-recerca-en-didactica-de-les-ciencies-socials\/","title":{"rendered":"XIX Jornades Internacionals de Recerca en Did\u00e0ctica de les Ci\u00e8ncies Socials"},"content":{"rendered":"<p><a href=\"https:\/\/serveiseducatius.xtec.cat\/bergueda\/wp-content\/uploads\/usu878\/2022\/12\/jornada-ciencies-socials-e1671462706806.png\"><img loading=\"lazy\" decoding=\"async\" class=\"size-full wp-image-15728 alignleft\" src=\"https:\/\/serveiseducatius.xtec.cat\/bergueda\/wp-content\/uploads\/usu878\/2022\/12\/jornada-ciencies-socials-e1671462706806.png\" alt=\"\" width=\"500\" height=\"500\" \/><\/a>Jornades organitzades pel Grup GREDICS i la Unitat de Did\u00e0ctica de les Ci\u00e8ncies Socials del Departament de Did\u00e0ctica de la Llengua i la Literatura i de les Ci\u00e8ncies Socials, el M\u00e0ster de Recerca en Educaci\u00f3 i el Programa de Doctorat en Educaci\u00f3, i la Facultat de Ci\u00e8ncies de l\u2019Educaci\u00f3 de la Universitat Aut\u00f2noma de Barcelona. Es duran a terme els dies<strong> 9, 10 i 11 de febrer de 2023<\/strong>.<\/p>\n<p>Les d\u2019enguany es plantegen sobre quatre eixos b\u00e0sics:<\/p>\n<ol type=\"1\">\n<li>El conflicte com a concepte positiu. Els canvis generen conflictes, per\u00f2 la vida \u00e9s canvi i les societats guanyen drets, avancen i milloren amb els canvis socials, culturals, pol\u00edtics, econ\u00f2mics\u2026<\/li>\n<li>El conflicte com a disrupci\u00f3 del que es considera com\u00fa. La ruptura d\u2019estereotips i de prejudicis, la perspectiva de g\u00e8nere, la diversitat cultural, des de la just\u00edcia social, des del pensament decolonial.<\/li>\n<li>El conflicte com a causa o conseq\u00fc\u00e8ncia de la viol\u00e8ncia, el terrorisme, els conflictes b\u00e8l\u00b7lics, els conflictes territorials o fronterers. Les guerres actuals al nostre m\u00f3n.<\/li>\n<li>La resoluci\u00f3 de conflictes, l\u2019empatia, el pensament creatiu en l\u2019educaci\u00f3 per a la pau, la reflexi\u00f3 sobre la imatge de l\u2019enemic, l\u2019alteritat i els contrarelats alternatius davant del discurs de l\u2019odi.<\/li>\n<\/ol>\n<p>Volen obrir un espai ampli de reflexi\u00f3 i de debat entre docents de totes les etapes educatives, de l\u2019educaci\u00f3 formal i no formal, i investigadors i investigadores que aportin evid\u00e8ncies per a la millora de la pr\u00e0ctica educativa.<\/p>\n<p>El per\u00edode d&#8217;inscripci\u00f3 finalitzar\u00e0 el 31 de gener de 2023.<\/p>\n<p><a href=\"https:\/\/webs.uab.cat\/jornadesdcs\/\" target=\"_blank\" rel=\"noopener\">M\u00e9s informaci\u00f3 i inscripcions.<\/a><\/p>\n","protected":false},"excerpt":{"rendered":"<p>Es duran a terme els dies 9, 10 i 11 de febrer de 2023. Inscripcions fins al 31 de gener.<br \/>\nTema: CONFLICTES. L&#8217;ensenyament de les ci\u00e8ncies socials per a una educaci\u00f3 en cultura democr\u00e0tica i just\u00edcia social<\/p>\n","protected":false},"author":1,"featured_media":15729,"comment_status":"closed","ping_status":"closed","sticky":false,"template":"","format":"standard","meta":{"_bbp_topic_count":0,"_bbp_reply_count":0,"_bbp_total_topic_count":0,"_bbp_total_reply_count":0,"_bbp_voice_count":0,"_bbp_anonymous_reply_count":0,"_bbp_topic_count_hidden":0,"_bbp_reply_count_hidden":0,"_bbp_forum_subforum_count":0,"site-sidebar-layout":"default","site-content-layout":"","ast-site-content-layout":"","site-content-style":"default","site-sidebar-style":"default","ast-global-header-display":"","ast-banner-title-visibility":"","ast-main-header-display":"","ast-hfb-above-header-display":"","ast-hfb-below-header-display":"","ast-hfb-mobile-header-display":"","site-post-title":"","ast-breadcrumbs-content":"","ast-featured-img":"","footer-sml-layout":"","theme-transparent-header-meta":"","adv-header-id-meta":"","stick-header-meta":"","header-above-stick-meta":"","header-main-stick-meta":"","header-below-stick-meta":"","astra-migrate-meta-layouts":"default","ast-page-background-enabled":"default","ast-page-background-meta":{"desktop":{"background-color":"var(--ast-global-color-4)","background-image":"","background-repeat":"repeat","background-position":"center center","background-size":"auto","background-attachment":"scroll","background-type":"","background-media":"","overlay-type":"","overlay-color":"","overlay-opacity":"","overlay-gradient":""},"tablet":{"background-color":"","background-image":"","background-repeat":"repeat","background-position":"center center","background-size":"auto","background-attachment":"scroll","background-type":"","background-media":"","overlay-type":"","overlay-color":"","overlay-opacity":"","overlay-gradient":""},"mobile":{"background-color":"","background-image":"","background-repeat":"repeat","background-position":"center center","background-size":"auto","background-attachment":"scroll","background-type":"","background-media":"","overlay-type":"","overlay-color":"","overlay-opacity":"","overlay-gradient":""}},"ast-content-background-meta":{"desktop":{"background-color":"var(--ast-global-color-5)","background-image":"","background-repeat":"repeat","background-position":"center center","background-size":"auto","background-attachment":"scroll","background-type":"","background-media":"","overlay-type":"","overlay-color":"","overlay-opacity":"","overlay-gradient":""},"tablet":{"background-color":"var(--ast-global-color-5)","background-image":"","background-repeat":"repeat","background-position":"center center","background-size":"auto","background-attachment":"scroll","background-type":"","background-media":"","overlay-type":"","overlay-color":"","overlay-opacity":"","overlay-gradient":""},"mobile":{"background-color":"var(--ast-global-color-5)","background-image":"","background-repeat":"repeat","background-position":"center center","background-size":"auto","background-attachment":"scroll","background-type":"","background-media":"","overlay-type":"","overlay-color":"","overlay-opacity":"","overlay-gradient":""}},"footnotes":""},"categories":[29],"tags":[],"class_list":["post-15727","post","type-post","status-publish","format-standard","has-post-thumbnail","hentry","category-portada"],"post_mailing_queue_ids":[],"_links":{"self":[{"href":"https:\/\/serveiseducatius.xtec.cat\/bergueda\/wp-json\/wp\/v2\/posts\/15727","targetHints":{"allow":["GET"]}}],"collection":[{"href":"https:\/\/serveiseducatius.xtec.cat\/bergueda\/wp-json\/wp\/v2\/posts"}],"about":[{"href":"https:\/\/serveiseducatius.xtec.cat\/bergueda\/wp-json\/wp\/v2\/types\/post"}],"author":[{"embeddable":true,"href":"https:\/\/serveiseducatius.xtec.cat\/bergueda\/wp-json\/wp\/v2\/users\/1"}],"replies":[{"embeddable":true,"href":"https:\/\/serveiseducatius.xtec.cat\/bergueda\/wp-json\/wp\/v2\/comments?post=15727"}],"version-history":[{"count":3,"href":"https:\/\/serveiseducatius.xtec.cat\/bergueda\/wp-json\/wp\/v2\/posts\/15727\/revisions"}],"predecessor-version":[{"id":15741,"href":"https:\/\/serveiseducatius.xtec.cat\/bergueda\/wp-json\/wp\/v2\/posts\/15727\/revisions\/15741"}],"wp:featuredmedia":[{"embeddable":true,"href":"https:\/\/serveiseducatius.xtec.cat\/bergueda\/wp-json\/wp\/v2\/media\/15729"}],"wp:attachment":[{"href":"https:\/\/serveiseducatius.xtec.cat\/bergueda\/wp-json\/wp\/v2\/media?parent=15727"}],"wp:term":[{"taxonomy":"category","embeddable":true,"href":"https:\/\/serveiseducatius.xtec.cat\/bergueda\/wp-json\/wp\/v2\/categories?post=15727"},{"taxonomy":"post_tag","embeddable":true,"href":"https:\/\/serveiseducatius.xtec.cat\/bergueda\/wp-json\/wp\/v2\/tags?post=15727"}],"curies":[{"name":"wp","href":"https:\/\/api.w.org\/{rel}","templated":true}]}}