{"id":15520,"date":"2022-11-09T18:05:39","date_gmt":"2022-11-09T17:05:39","guid":{"rendered":"https:\/\/serveiseducatius.xtec.cat\/bergueda\/?p=15520"},"modified":"2022-11-09T18:05:39","modified_gmt":"2022-11-09T17:05:39","slug":"convocatoria-reconeixement-de-projectes-dinnovacio-pedagogica","status":"publish","type":"post","link":"https:\/\/serveiseducatius.xtec.cat\/bergueda\/portada\/convocatoria-reconeixement-de-projectes-dinnovacio-pedagogica\/","title":{"rendered":"Convocat\u00f2ria reconeixement de projectes d&#8217;innovaci\u00f3 pedag\u00f2gica"},"content":{"rendered":"<p class=\"descripcio grayDescription\"><strong>Fins al\u00a013 de gener de 2023 \u00a0<\/strong><\/p>\n<p><a href=\"https:\/\/serveiseducatius.xtec.cat\/bergueda\/wp-content\/uploads\/usu878\/2022\/11\/reconeixement-projectes-innovacio.jpg\"><img loading=\"lazy\" decoding=\"async\" class=\"alignnone size-full wp-image-15521\" src=\"https:\/\/serveiseducatius.xtec.cat\/bergueda\/wp-content\/uploads\/usu878\/2022\/11\/reconeixement-projectes-innovacio.jpg\" alt=\"\" width=\"738\" height=\"403\" srcset=\"https:\/\/serveiseducatius.xtec.cat\/bergueda\/wp-content\/uploads\/usu878\/2022\/11\/reconeixement-projectes-innovacio.jpg 738w, https:\/\/serveiseducatius.xtec.cat\/bergueda\/wp-content\/uploads\/usu878\/2022\/11\/reconeixement-projectes-innovacio-300x164.jpg 300w\" sizes=\"auto, (max-width: 738px) 100vw, 738px\" \/><\/a><\/p>\n<p>Els projectes d\u2019innovaci\u00f3 pedag\u00f2gica consisteixen en iniciatives d\u2019un centre educatiu, o d\u2019un grup de centres, que formen part de manera expl\u00edcita del projecte educatiu de centre, que responen a objectius de millora educativa pr\u00e8viament fixats en un pla d\u2019acci\u00f3 i que aporten evid\u00e8ncies del canvi que ha significat per al centre o centres pel que fa a les compet\u00e8ncies dels alumnes o a l\u2019organitzaci\u00f3 i gesti\u00f3. (Article 2 Ordre Ens\/303\/2015)<\/p>\n<p>El Departament d\u2019Educaci\u00f3 vol promoure, recon\u00e8ixer i certificar els projectes d&#8217;innovaci\u00f3 pedag\u00f2gica impulsats des dels centres educatius per millorar la qualitat dels serveis que ofereixen contribuint a la millora del sistema educatiu.<\/p>\n<p>Els destinataris de la convocat\u00f2ria s\u00f3n els centres del Servei d\u2019Educaci\u00f3\u00a0de Catalunya, p\u00fablics i privats sostinguts amb fons p\u00fablics, que\u00a0imparteixen ensenyaments d\u2019educaci\u00f3 infantil i prim\u00e0ria, i\/o d\u2019educaci\u00f3\u00a0secund\u00e0ria obligat\u00f2ria i\/o de batxillerat i\/o de formaci\u00f3 professional\u00a0inicial i\/o ensenyaments de r\u00e8gim especial i\/o educaci\u00f3 d\u2019adults.<\/p>\n<p>Els requisits s\u00f3n:<\/p>\n<ul>\n<li>El projecte d\u2019innovaci\u00f3 ha d\u2019estar emmarcat en un o m\u00e9s dels\u00a0\u00e0mbits seg\u00fcents:\n<ul>\n<li>\u00c0mbit 1: Metodologies i recursos per a la millora d\u2019ensenyament i\u00a0aprenentatge.<\/li>\n<li>\u00c0mbit 2: Organitzaci\u00f3 i gesti\u00f3 educativa.<\/li>\n<li>\u00c0mbit 3: Relaci\u00f3 i cooperaci\u00f3 amb la comunitat educativa i l\u2019entorn.<\/li>\n<\/ul>\n<\/li>\n<li>Presentar la mem\u00f2ria d\u2019un projecte de centre amb evid\u00e8ncies concretes de la transformaci\u00f3 educativa generada en el centre educatiu on s\u2019ha implementat el projecte d\u2019innovaci\u00f3 pedag\u00f2gica.<\/li>\n<li>Que el projecte no hagi estat certificat com a innovaci\u00f3 amb anterioritat.<\/li>\n<li>Que el projecte estigui explicitat en el projecte educatiu\u00a0de centre.<\/li>\n<li>Haver desenvolupat el projecte segons les fases de la innovaci\u00f3\u00a0pedag\u00f2gica (diagnosi inicial, disseny, implementaci\u00f3 i consolidaci\u00f3) en un m\u00ednim de 3 cursos en els darrers 5 cursos acad\u00e8mics.<\/li>\n<li>En cas que el centre tingui un projecte d\u2019innovaci\u00f3 pedag\u00f2gica propi que la inspecci\u00f3 d\u2019educaci\u00f3 hagi avaluat favorablement previ a aquesta convocat\u00f2ria, es podr\u00e0 substituir la mem\u00f2ria per l\u2019informe d\u2019avaluaci\u00f3 de la Inspecci\u00f3.<\/li>\n<li>En el cas d\u2019un projecte de centre relacionat amb ERASMUS+, caldr\u00e0 adjuntar tant la mem\u00f2ria del projecte d\u2019innovaci\u00f3 pedag\u00f2gica del centre com la mem\u00f2ria d\u2019avaluaci\u00f3 de qualitat emesa per l\u2019Ag\u00e8ncia Nacional responsable de programa Erasmus+ (SEPIE).<\/li>\n<\/ul>\n<p><a href=\"https:\/\/xtec.gencat.cat\/ca\/innovacio\/projectes_innovacio_pedagogica\/\">M\u00e9s informaci\u00f3<\/a><\/p>\n","protected":false},"excerpt":{"rendered":"<p>Termini: 13 de gener de 2023<br \/>\nEls projectes d\u2019innovaci\u00f3 pedag\u00f2gica consisteixen en iniciatives d\u2019un centre educatiu, o d\u2019un grup de centres, que formen part de manera expl\u00edcita del projecte educatiu de centre, que responen a objectius de millora educativa pr\u00e8viament fixats en un pla d\u2019acci\u00f3 i que aporten evid\u00e8ncies del canvi que ha significat per al centre o centres pel que fa a les compet\u00e8ncies dels alumnes o a l\u2019organitzaci\u00f3 i gesti\u00f3.<\/p>\n","protected":false},"author":1,"featured_media":15522,"comment_status":"closed","ping_status":"closed","sticky":false,"template":"","format":"standard","meta":{"_bbp_topic_count":0,"_bbp_reply_count":0,"_bbp_total_topic_count":0,"_bbp_total_reply_count":0,"_bbp_voice_count":0,"_bbp_anonymous_reply_count":0,"_bbp_topic_count_hidden":0,"_bbp_reply_count_hidden":0,"_bbp_forum_subforum_count":0,"site-sidebar-layout":"default","site-content-layout":"","ast-site-content-layout":"","site-content-style":"default","site-sidebar-style":"default","ast-global-header-display":"","ast-banner-title-visibility":"","ast-main-header-display":"","ast-hfb-above-header-display":"","ast-hfb-below-header-display":"","ast-hfb-mobile-header-display":"","site-post-title":"","ast-breadcrumbs-content":"","ast-featured-img":"","footer-sml-layout":"","theme-transparent-header-meta":"","adv-header-id-meta":"","stick-header-meta":"","header-above-stick-meta":"","header-main-stick-meta":"","header-below-stick-meta":"","astra-migrate-meta-layouts":"default","ast-page-background-enabled":"default","ast-page-background-meta":{"desktop":{"background-color":"var(--ast-global-color-4)","background-image":"","background-repeat":"repeat","background-position":"center center","background-size":"auto","background-attachment":"scroll","background-type":"","background-media":"","overlay-type":"","overlay-color":"","overlay-opacity":"","overlay-gradient":""},"tablet":{"background-color":"","background-image":"","background-repeat":"repeat","background-position":"center center","background-size":"auto","background-attachment":"scroll","background-type":"","background-media":"","overlay-type":"","overlay-color":"","overlay-opacity":"","overlay-gradient":""},"mobile":{"background-color":"","background-image":"","background-repeat":"repeat","background-position":"center center","background-size":"auto","background-attachment":"scroll","background-type":"","background-media":"","overlay-type":"","overlay-color":"","overlay-opacity":"","overlay-gradient":""}},"ast-content-background-meta":{"desktop":{"background-color":"var(--ast-global-color-5)","background-image":"","background-repeat":"repeat","background-position":"center center","background-size":"auto","background-attachment":"scroll","background-type":"","background-media":"","overlay-type":"","overlay-color":"","overlay-opacity":"","overlay-gradient":""},"tablet":{"background-color":"var(--ast-global-color-5)","background-image":"","background-repeat":"repeat","background-position":"center center","background-size":"auto","background-attachment":"scroll","background-type":"","background-media":"","overlay-type":"","overlay-color":"","overlay-opacity":"","overlay-gradient":""},"mobile":{"background-color":"var(--ast-global-color-5)","background-image":"","background-repeat":"repeat","background-position":"center center","background-size":"auto","background-attachment":"scroll","background-type":"","background-media":"","overlay-type":"","overlay-color":"","overlay-opacity":"","overlay-gradient":""}},"footnotes":""},"categories":[29],"tags":[],"class_list":["post-15520","post","type-post","status-publish","format-standard","has-post-thumbnail","hentry","category-portada"],"post_mailing_queue_ids":[],"_links":{"self":[{"href":"https:\/\/serveiseducatius.xtec.cat\/bergueda\/wp-json\/wp\/v2\/posts\/15520","targetHints":{"allow":["GET"]}}],"collection":[{"href":"https:\/\/serveiseducatius.xtec.cat\/bergueda\/wp-json\/wp\/v2\/posts"}],"about":[{"href":"https:\/\/serveiseducatius.xtec.cat\/bergueda\/wp-json\/wp\/v2\/types\/post"}],"author":[{"embeddable":true,"href":"https:\/\/serveiseducatius.xtec.cat\/bergueda\/wp-json\/wp\/v2\/users\/1"}],"replies":[{"embeddable":true,"href":"https:\/\/serveiseducatius.xtec.cat\/bergueda\/wp-json\/wp\/v2\/comments?post=15520"}],"version-history":[{"count":1,"href":"https:\/\/serveiseducatius.xtec.cat\/bergueda\/wp-json\/wp\/v2\/posts\/15520\/revisions"}],"predecessor-version":[{"id":15523,"href":"https:\/\/serveiseducatius.xtec.cat\/bergueda\/wp-json\/wp\/v2\/posts\/15520\/revisions\/15523"}],"wp:featuredmedia":[{"embeddable":true,"href":"https:\/\/serveiseducatius.xtec.cat\/bergueda\/wp-json\/wp\/v2\/media\/15522"}],"wp:attachment":[{"href":"https:\/\/serveiseducatius.xtec.cat\/bergueda\/wp-json\/wp\/v2\/media?parent=15520"}],"wp:term":[{"taxonomy":"category","embeddable":true,"href":"https:\/\/serveiseducatius.xtec.cat\/bergueda\/wp-json\/wp\/v2\/categories?post=15520"},{"taxonomy":"post_tag","embeddable":true,"href":"https:\/\/serveiseducatius.xtec.cat\/bergueda\/wp-json\/wp\/v2\/tags?post=15520"}],"curies":[{"name":"wp","href":"https:\/\/api.w.org\/{rel}","templated":true}]}}