{"id":15246,"date":"2022-09-30T12:01:35","date_gmt":"2022-09-30T10:01:35","guid":{"rendered":"https:\/\/serveiseducatius.xtec.cat\/bergueda\/?p=15246"},"modified":"2022-09-30T12:03:59","modified_gmt":"2022-09-30T10:03:59","slug":"informacions-servei-educatiu","status":"publish","type":"post","link":"https:\/\/serveiseducatius.xtec.cat\/bergueda\/portada\/informacions-servei-educatiu\/","title":{"rendered":"Informacions Servei Educatiu"},"content":{"rendered":"<h6><a href=\"https:\/\/serveiseducatius.xtec.cat\/bergueda\/wp-content\/uploads\/usu878\/2022\/09\/informacionsSE.jpg\"><img loading=\"lazy\" decoding=\"async\" class=\"size-full wp-image-15247 aligncenter\" src=\"https:\/\/serveiseducatius.xtec.cat\/bergueda\/wp-content\/uploads\/usu878\/2022\/09\/informacionsSE.jpg\" alt=\"\" width=\"235\" height=\"173\" \/><\/a><\/h6>\n<h6>Pla de formaci\u00f3 de Zona:<\/h6>\n<p>Estem fent les adjudicacions d&#8217;activitats. Podreu fer la <strong>consulta a partir del 7 d&#8217;octubre<\/strong>.<br \/>\nLa majoria de centres feu activitats en les que hi participa el claustre i, per raons diverses, hi ha docents que no s&#8217;han pogut inscriure dins el termini. Per les activitats referides a l&#8217;EDC gestionarem les noves inscripcions mitjan\u00e7ant el mentor i l&#8217;equip directiu. La resta les gestionarem directament des del CRP amb l&#8217;equip directiu o b\u00e9 amb el formador de l&#8217;activitat.<\/p>\n<h6>Maletes i recursos pedag\u00f2gics:<\/h6>\n<p>Aquests dies hem estat creant maletes viatgeres: Cap dia sense conte per educaci\u00f3 infantil (juntament amb Biblioteques) i What&#8217;s inside per prim\u00e0ria. Estem tamb\u00e9 gestionant\u00a0 el pr\u00e9stec per tot el curs.<\/p>\n<p>Estem preparant una nova gesti\u00f3 de pr\u00e9stec m\u00e9s \u00e0gil per a nosaltres i properament rebreu els correus de confirmaci\u00f3 de les sol\u00b7licituds de pr\u00e9stec que heu fet fins al dia 30 de setembre.<\/p>\n<h6><a href=\"https:\/\/sites.google.com\/view\/activitatsperalalumnat22-23\/inici\">Activitats per a l&#8217;alumnat:<\/a><\/h6>\n<p>Recordeu que el termini de sol\u00b7licituds acaba el dia 16 d&#8217;octubre<\/p>\n<p>&nbsp;<\/p>\n","protected":false},"excerpt":{"rendered":"<p>Informacions sobre el Pla de Formaci\u00f3 de Zona, maletes i recursos pedag\u00f2gics, activitats per a l&#8217;alumnat<\/p>\n","protected":false},"author":1,"featured_media":15247,"comment_status":"closed","ping_status":"closed","sticky":false,"template":"","format":"standard","meta":{"_bbp_topic_count":0,"_bbp_reply_count":0,"_bbp_total_topic_count":0,"_bbp_total_reply_count":0,"_bbp_voice_count":0,"_bbp_anonymous_reply_count":0,"_bbp_topic_count_hidden":0,"_bbp_reply_count_hidden":0,"_bbp_forum_subforum_count":0,"site-sidebar-layout":"default","site-content-layout":"","ast-site-content-layout":"","site-content-style":"default","site-sidebar-style":"default","ast-global-header-display":"","ast-banner-title-visibility":"","ast-main-header-display":"","ast-hfb-above-header-display":"","ast-hfb-below-header-display":"","ast-hfb-mobile-header-display":"","site-post-title":"","ast-breadcrumbs-content":"","ast-featured-img":"","footer-sml-layout":"","theme-transparent-header-meta":"","adv-header-id-meta":"","stick-header-meta":"","header-above-stick-meta":"","header-main-stick-meta":"","header-below-stick-meta":"","astra-migrate-meta-layouts":"default","ast-page-background-enabled":"default","ast-page-background-meta":{"desktop":{"background-color":"var(--ast-global-color-4)","background-image":"","background-repeat":"repeat","background-position":"center center","background-size":"auto","background-attachment":"scroll","background-type":"","background-media":"","overlay-type":"","overlay-color":"","overlay-opacity":"","overlay-gradient":""},"tablet":{"background-color":"","background-image":"","background-repeat":"repeat","background-position":"center center","background-size":"auto","background-attachment":"scroll","background-type":"","background-media":"","overlay-type":"","overlay-color":"","overlay-opacity":"","overlay-gradient":""},"mobile":{"background-color":"","background-image":"","background-repeat":"repeat","background-position":"center center","background-size":"auto","background-attachment":"scroll","background-type":"","background-media":"","overlay-type":"","overlay-color":"","overlay-opacity":"","overlay-gradient":""}},"ast-content-background-meta":{"desktop":{"background-color":"var(--ast-global-color-5)","background-image":"","background-repeat":"repeat","background-position":"center center","background-size":"auto","background-attachment":"scroll","background-type":"","background-media":"","overlay-type":"","overlay-color":"","overlay-opacity":"","overlay-gradient":""},"tablet":{"background-color":"var(--ast-global-color-5)","background-image":"","background-repeat":"repeat","background-position":"center center","background-size":"auto","background-attachment":"scroll","background-type":"","background-media":"","overlay-type":"","overlay-color":"","overlay-opacity":"","overlay-gradient":""},"mobile":{"background-color":"var(--ast-global-color-5)","background-image":"","background-repeat":"repeat","background-position":"center center","background-size":"auto","background-attachment":"scroll","background-type":"","background-media":"","overlay-type":"","overlay-color":"","overlay-opacity":"","overlay-gradient":""}},"footnotes":""},"categories":[29],"tags":[],"class_list":["post-15246","post","type-post","status-publish","format-standard","has-post-thumbnail","hentry","category-portada"],"post_mailing_queue_ids":[],"_links":{"self":[{"href":"https:\/\/serveiseducatius.xtec.cat\/bergueda\/wp-json\/wp\/v2\/posts\/15246","targetHints":{"allow":["GET"]}}],"collection":[{"href":"https:\/\/serveiseducatius.xtec.cat\/bergueda\/wp-json\/wp\/v2\/posts"}],"about":[{"href":"https:\/\/serveiseducatius.xtec.cat\/bergueda\/wp-json\/wp\/v2\/types\/post"}],"author":[{"embeddable":true,"href":"https:\/\/serveiseducatius.xtec.cat\/bergueda\/wp-json\/wp\/v2\/users\/1"}],"replies":[{"embeddable":true,"href":"https:\/\/serveiseducatius.xtec.cat\/bergueda\/wp-json\/wp\/v2\/comments?post=15246"}],"version-history":[{"count":3,"href":"https:\/\/serveiseducatius.xtec.cat\/bergueda\/wp-json\/wp\/v2\/posts\/15246\/revisions"}],"predecessor-version":[{"id":15250,"href":"https:\/\/serveiseducatius.xtec.cat\/bergueda\/wp-json\/wp\/v2\/posts\/15246\/revisions\/15250"}],"wp:featuredmedia":[{"embeddable":true,"href":"https:\/\/serveiseducatius.xtec.cat\/bergueda\/wp-json\/wp\/v2\/media\/15247"}],"wp:attachment":[{"href":"https:\/\/serveiseducatius.xtec.cat\/bergueda\/wp-json\/wp\/v2\/media?parent=15246"}],"wp:term":[{"taxonomy":"category","embeddable":true,"href":"https:\/\/serveiseducatius.xtec.cat\/bergueda\/wp-json\/wp\/v2\/categories?post=15246"},{"taxonomy":"post_tag","embeddable":true,"href":"https:\/\/serveiseducatius.xtec.cat\/bergueda\/wp-json\/wp\/v2\/tags?post=15246"}],"curies":[{"name":"wp","href":"https:\/\/api.w.org\/{rel}","templated":true}]}}