{"id":15175,"date":"2022-09-16T12:24:44","date_gmt":"2022-09-16T10:24:44","guid":{"rendered":"https:\/\/serveiseducatius.xtec.cat\/bergueda\/?p=15175"},"modified":"2022-09-16T12:24:44","modified_gmt":"2022-09-16T10:24:44","slug":"xv-jornades-dinnovacio-a-letapa-de-leducacio-infantil-que-entenem-per-qualitat-a-leducacio-dels-0-als-6-anys","status":"publish","type":"post","link":"https:\/\/serveiseducatius.xtec.cat\/bergueda\/portada\/xv-jornades-dinnovacio-a-letapa-de-leducacio-infantil-que-entenem-per-qualitat-a-leducacio-dels-0-als-6-anys\/","title":{"rendered":"XV Jornades d&#8217;Innovaci\u00f3 a l&#8217;Etapa de l&#8217;Educaci\u00f3 Infantil: Qu\u00e8 entenem per qualitat a l&#8217;educaci\u00f3 dels 0 als 6 anys?"},"content":{"rendered":"<p><a href=\"https:\/\/serveiseducatius.xtec.cat\/bergueda\/wp-content\/uploads\/usu878\/2022\/09\/jornada-infantil.jpg\"><img loading=\"lazy\" decoding=\"async\" class=\"size-full wp-image-15176 alignleft\" src=\"https:\/\/serveiseducatius.xtec.cat\/bergueda\/wp-content\/uploads\/usu878\/2022\/09\/jornada-infantil.jpg\" alt=\"\" width=\"335\" height=\"224\" \/><\/a>Ens proposen identificar aquells elements que s\u00f3n essencials a l&#8217;hora d\u2019oferir entorns educatius de qualitat en tant que respectuosos amb els infants i les seves necessitats i, per fer-ho, volen comptar amb totes les veus.<br \/>\n\u00c9s per aix\u00f2 que animen a participar en aquesta proposta de l&#8217;equip 0-6 de l&#8217;ICE que incorpora aportacions d&#8217;experts en l&#8217;etapa, debats entre els assistents i experi\u00e8ncies de centres del territori.<\/p>\n<p><strong>XV Jornades d&#8217;Innovaci\u00f3 a l&#8217;Etapa de l&#8217;Educaci\u00f3 Infantil<\/strong><br \/>\nLa sessi\u00f3 del dia 21 d&#8217;octubre \u00e9s telem\u00e0tica i la del dia 22 d&#8217;octubre presencial, a la Facultat de Ci\u00e8ncies de l\u2019Educaci\u00f3 de la UAB (Campus de Bellaterra). El preu de la inscripci\u00f3 \u00e9s de\u00a060\u20ac (inclou l&#8217;esmorzar i el dinar de dissabte) i l\u2019organitzaci\u00f3 \u00e9s a c\u00e0rrec de\u00a0l\u2019Equip 0-6 de l\u2019ICE de la UAB.<br \/>\nM\u00e9s informaci\u00f3 en <a href=\"https:\/\/www.uab.cat\/web\/formacio\/xv-jornades-d-innovacio-a-l-etapa-de-l-educacio-infantil-que-entenem-per-qualitat-a-l-educacio-dels-0-als-6-anys-1345863278798.html\" data-saferedirecturl=\"https:\/\/www.google.com\/url?q=https:\/\/www.uab.cat\/web\/formacio\/xv-jornades-d-innovacio-a-l-etapa-de-l-educacio-infantil-que-entenem-per-qualitat-a-l-educacio-dels-0-als-6-anys-1345863278798.html&amp;source=gmail&amp;ust=1663409516059000&amp;usg=AOvVaw1DfwxBNovanJvLKzGyUV28\">aquest enlla\u00e7<\/a>.<\/p>\n","protected":false},"excerpt":{"rendered":"<p>Organitza: UAB<br \/>\nSessi\u00f3 del dia 21 d&#8217;octubre telem\u00e0tica i la del dia 22 d&#8217;octubre presencial.<\/p>\n","protected":false},"author":1,"featured_media":15176,"comment_status":"closed","ping_status":"closed","sticky":false,"template":"","format":"standard","meta":{"_bbp_topic_count":0,"_bbp_reply_count":0,"_bbp_total_topic_count":0,"_bbp_total_reply_count":0,"_bbp_voice_count":0,"_bbp_anonymous_reply_count":0,"_bbp_topic_count_hidden":0,"_bbp_reply_count_hidden":0,"_bbp_forum_subforum_count":0,"site-sidebar-layout":"default","site-content-layout":"","ast-site-content-layout":"","site-content-style":"default","site-sidebar-style":"default","ast-global-header-display":"","ast-banner-title-visibility":"","ast-main-header-display":"","ast-hfb-above-header-display":"","ast-hfb-below-header-display":"","ast-hfb-mobile-header-display":"","site-post-title":"","ast-breadcrumbs-content":"","ast-featured-img":"","footer-sml-layout":"","theme-transparent-header-meta":"","adv-header-id-meta":"","stick-header-meta":"","header-above-stick-meta":"","header-main-stick-meta":"","header-below-stick-meta":"","astra-migrate-meta-layouts":"default","ast-page-background-enabled":"default","ast-page-background-meta":{"desktop":{"background-color":"var(--ast-global-color-4)","background-image":"","background-repeat":"repeat","background-position":"center center","background-size":"auto","background-attachment":"scroll","background-type":"","background-media":"","overlay-type":"","overlay-color":"","overlay-opacity":"","overlay-gradient":""},"tablet":{"background-color":"","background-image":"","background-repeat":"repeat","background-position":"center center","background-size":"auto","background-attachment":"scroll","background-type":"","background-media":"","overlay-type":"","overlay-color":"","overlay-opacity":"","overlay-gradient":""},"mobile":{"background-color":"","background-image":"","background-repeat":"repeat","background-position":"center center","background-size":"auto","background-attachment":"scroll","background-type":"","background-media":"","overlay-type":"","overlay-color":"","overlay-opacity":"","overlay-gradient":""}},"ast-content-background-meta":{"desktop":{"background-color":"var(--ast-global-color-5)","background-image":"","background-repeat":"repeat","background-position":"center center","background-size":"auto","background-attachment":"scroll","background-type":"","background-media":"","overlay-type":"","overlay-color":"","overlay-opacity":"","overlay-gradient":""},"tablet":{"background-color":"var(--ast-global-color-5)","background-image":"","background-repeat":"repeat","background-position":"center center","background-size":"auto","background-attachment":"scroll","background-type":"","background-media":"","overlay-type":"","overlay-color":"","overlay-opacity":"","overlay-gradient":""},"mobile":{"background-color":"var(--ast-global-color-5)","background-image":"","background-repeat":"repeat","background-position":"center center","background-size":"auto","background-attachment":"scroll","background-type":"","background-media":"","overlay-type":"","overlay-color":"","overlay-opacity":"","overlay-gradient":""}},"footnotes":""},"categories":[29],"tags":[],"class_list":["post-15175","post","type-post","status-publish","format-standard","has-post-thumbnail","hentry","category-portada"],"post_mailing_queue_ids":[],"_links":{"self":[{"href":"https:\/\/serveiseducatius.xtec.cat\/bergueda\/wp-json\/wp\/v2\/posts\/15175","targetHints":{"allow":["GET"]}}],"collection":[{"href":"https:\/\/serveiseducatius.xtec.cat\/bergueda\/wp-json\/wp\/v2\/posts"}],"about":[{"href":"https:\/\/serveiseducatius.xtec.cat\/bergueda\/wp-json\/wp\/v2\/types\/post"}],"author":[{"embeddable":true,"href":"https:\/\/serveiseducatius.xtec.cat\/bergueda\/wp-json\/wp\/v2\/users\/1"}],"replies":[{"embeddable":true,"href":"https:\/\/serveiseducatius.xtec.cat\/bergueda\/wp-json\/wp\/v2\/comments?post=15175"}],"version-history":[{"count":1,"href":"https:\/\/serveiseducatius.xtec.cat\/bergueda\/wp-json\/wp\/v2\/posts\/15175\/revisions"}],"predecessor-version":[{"id":15177,"href":"https:\/\/serveiseducatius.xtec.cat\/bergueda\/wp-json\/wp\/v2\/posts\/15175\/revisions\/15177"}],"wp:featuredmedia":[{"embeddable":true,"href":"https:\/\/serveiseducatius.xtec.cat\/bergueda\/wp-json\/wp\/v2\/media\/15176"}],"wp:attachment":[{"href":"https:\/\/serveiseducatius.xtec.cat\/bergueda\/wp-json\/wp\/v2\/media?parent=15175"}],"wp:term":[{"taxonomy":"category","embeddable":true,"href":"https:\/\/serveiseducatius.xtec.cat\/bergueda\/wp-json\/wp\/v2\/categories?post=15175"},{"taxonomy":"post_tag","embeddable":true,"href":"https:\/\/serveiseducatius.xtec.cat\/bergueda\/wp-json\/wp\/v2\/tags?post=15175"}],"curies":[{"name":"wp","href":"https:\/\/api.w.org\/{rel}","templated":true}]}}