{"id":15172,"date":"2022-09-16T12:11:37","date_gmt":"2022-09-16T10:11:37","guid":{"rendered":"https:\/\/serveiseducatius.xtec.cat\/bergueda\/?p=15172"},"modified":"2022-09-16T13:21:52","modified_gmt":"2022-09-16T11:21:52","slug":"jornada-vine-i-aporta-1a-trobada-de-professorat-de-musica-a-la-catalunya-central","status":"publish","type":"post","link":"https:\/\/serveiseducatius.xtec.cat\/bergueda\/portada\/jornada-vine-i-aporta-1a-trobada-de-professorat-de-musica-a-la-catalunya-central\/","title":{"rendered":"Jornada: Vine i aporta (1a trobada de professorat de m\u00fasica a la Catalunya Central)"},"content":{"rendered":"<p><a href=\"https:\/\/serveiseducatius.xtec.cat\/bergueda\/wp-content\/uploads\/usu878\/2022\/09\/cartell_jornada_musica.jpg\"><img loading=\"lazy\" decoding=\"async\" class=\"size-full wp-image-15173 alignleft\" src=\"https:\/\/serveiseducatius.xtec.cat\/bergueda\/wp-content\/uploads\/usu878\/2022\/09\/cartell_jornada_musica.jpg\" alt=\"\" width=\"212\" height=\"300\" \/><\/a>El professorat de m\u00fasica del grup del PFZ del Bages <a href=\"https:\/\/vimeo.com\/744101077\" target=\"_blank\" rel=\"noopener\">\u201cAquesta m\u00fasica m\u2019agrada\u201d<\/a> ha preparat la primera trobada per al professorat de m\u00fasica a la Catalunya Central. Amb el t\u00edtol \u201cVine i aporta\u201d tindr\u00e0 lloc el <strong>dissabte, 22 d\u2019octubre, de 8.30 a 14.00<\/strong> a l\u2019Institut Lluis de Peguera de Manresa.<br \/>\nIniciar\u00e0 la Jornada, en Josep Llu\u00eds Zaragoz\u00e0, catedr\u00e0tic de m\u00fasica d\u2019educaci\u00f3 secund\u00e0ria i professor de did\u00e0ctica de la m\u00fasica a l\u2019ESMUC.<br \/>\nTot seguit s\u2019oferiran diferents tallers proposats pel professorat de m\u00fasica del grup organitzador (tallers de vocalitzaci\u00f3 i cant coral, de creaci\u00f3 de beats i de lletres, de batucada i de combos). I tamb\u00e9 us conviden, si us ve de gust, a oferir la vostra proposta de taller. Aix\u00ed, per inscriure\u2019s hi ha dues opcions:<br \/>\n-Com a tallerista (aportant la teva proposta)<br \/>\n-Com a alumne\/a (assistint i participant als tallers)<br \/>\nEt facilitem l\u2019enlla\u00e7 al\u00a0<a href=\"https:\/\/docs.google.com\/forms\/d\/e\/1FAIpQLSecPEoFSfxvjD8JRv9axnpeo6CZcl54m0iIhps5POXrT3wLLw\/viewform\" target=\"_blank\" rel=\"noopener\" data-saferedirecturl=\"https:\/\/www.google.com\/url?q=https:\/\/docs.google.com\/forms\/d\/e\/1FAIpQLSecPEoFSfxvjD8JRv9axnpeo6CZcl54m0iIhps5POXrT3wLLw\/viewform&amp;source=gmail&amp;ust=1663141547661000&amp;usg=AOvVaw1nc-id9233ysX3qhyDWFCS\">FORMULARI,\u00a0<\/a>amb les dues modalitats d\u2019inscripci\u00f3.<br \/>\n<a href=\"https:\/\/drive.google.com\/file\/d\/1Bh_rT1f_p83s_UJJJrZfWSE4w_KOtKVH\/view?usp=sharing\" target=\"_blank\" rel=\"noopener\">D\u00edptic<\/a>\u00a0i\u00a0<a href=\"https:\/\/drive.google.com\/file\/d\/1W5E2WbhAHXy0O58mS7VRE_VDdc3nxj4M\/view?usp=sharing\" target=\"_blank\" rel=\"noopener\">cartell<\/a>\u00a0de la Jornada. Termini: 30 de setembre.<\/p>\n","protected":false},"excerpt":{"rendered":"<p>El professorat de m\u00fasica del grup del PFZ del Bages \u201cAquesta m\u00fasica m\u2019agrada\u201d\u00a0ha preparat la primera trobada pel professorat de m\u00fasica a la Catalunya Central. Amb el t\u00edtol \u201cVine i aporta\u201d tindr\u00e0 lloc el dissabte, 22 d\u2019octubre, de 8.30 a 14.00 a l\u2019Institut Lluis de Peguera de Manresa.<br \/>\nTermini inscripci\u00f3: 30 de setembre<\/p>\n","protected":false},"author":1,"featured_media":15173,"comment_status":"closed","ping_status":"closed","sticky":false,"template":"","format":"standard","meta":{"_bbp_topic_count":0,"_bbp_reply_count":0,"_bbp_total_topic_count":0,"_bbp_total_reply_count":0,"_bbp_voice_count":0,"_bbp_anonymous_reply_count":0,"_bbp_topic_count_hidden":0,"_bbp_reply_count_hidden":0,"_bbp_forum_subforum_count":0,"site-sidebar-layout":"default","site-content-layout":"","ast-site-content-layout":"","site-content-style":"default","site-sidebar-style":"default","ast-global-header-display":"","ast-banner-title-visibility":"","ast-main-header-display":"","ast-hfb-above-header-display":"","ast-hfb-below-header-display":"","ast-hfb-mobile-header-display":"","site-post-title":"","ast-breadcrumbs-content":"","ast-featured-img":"","footer-sml-layout":"","theme-transparent-header-meta":"","adv-header-id-meta":"","stick-header-meta":"","header-above-stick-meta":"","header-main-stick-meta":"","header-below-stick-meta":"","astra-migrate-meta-layouts":"default","ast-page-background-enabled":"default","ast-page-background-meta":{"desktop":{"background-color":"var(--ast-global-color-4)","background-image":"","background-repeat":"repeat","background-position":"center center","background-size":"auto","background-attachment":"scroll","background-type":"","background-media":"","overlay-type":"","overlay-color":"","overlay-opacity":"","overlay-gradient":""},"tablet":{"background-color":"","background-image":"","background-repeat":"repeat","background-position":"center center","background-size":"auto","background-attachment":"scroll","background-type":"","background-media":"","overlay-type":"","overlay-color":"","overlay-opacity":"","overlay-gradient":""},"mobile":{"background-color":"","background-image":"","background-repeat":"repeat","background-position":"center center","background-size":"auto","background-attachment":"scroll","background-type":"","background-media":"","overlay-type":"","overlay-color":"","overlay-opacity":"","overlay-gradient":""}},"ast-content-background-meta":{"desktop":{"background-color":"var(--ast-global-color-5)","background-image":"","background-repeat":"repeat","background-position":"center center","background-size":"auto","background-attachment":"scroll","background-type":"","background-media":"","overlay-type":"","overlay-color":"","overlay-opacity":"","overlay-gradient":""},"tablet":{"background-color":"var(--ast-global-color-5)","background-image":"","background-repeat":"repeat","background-position":"center center","background-size":"auto","background-attachment":"scroll","background-type":"","background-media":"","overlay-type":"","overlay-color":"","overlay-opacity":"","overlay-gradient":""},"mobile":{"background-color":"var(--ast-global-color-5)","background-image":"","background-repeat":"repeat","background-position":"center center","background-size":"auto","background-attachment":"scroll","background-type":"","background-media":"","overlay-type":"","overlay-color":"","overlay-opacity":"","overlay-gradient":""}},"footnotes":""},"categories":[29],"tags":[],"class_list":["post-15172","post","type-post","status-publish","format-standard","has-post-thumbnail","hentry","category-portada"],"post_mailing_queue_ids":[],"_links":{"self":[{"href":"https:\/\/serveiseducatius.xtec.cat\/bergueda\/wp-json\/wp\/v2\/posts\/15172","targetHints":{"allow":["GET"]}}],"collection":[{"href":"https:\/\/serveiseducatius.xtec.cat\/bergueda\/wp-json\/wp\/v2\/posts"}],"about":[{"href":"https:\/\/serveiseducatius.xtec.cat\/bergueda\/wp-json\/wp\/v2\/types\/post"}],"author":[{"embeddable":true,"href":"https:\/\/serveiseducatius.xtec.cat\/bergueda\/wp-json\/wp\/v2\/users\/1"}],"replies":[{"embeddable":true,"href":"https:\/\/serveiseducatius.xtec.cat\/bergueda\/wp-json\/wp\/v2\/comments?post=15172"}],"version-history":[{"count":2,"href":"https:\/\/serveiseducatius.xtec.cat\/bergueda\/wp-json\/wp\/v2\/posts\/15172\/revisions"}],"predecessor-version":[{"id":15180,"href":"https:\/\/serveiseducatius.xtec.cat\/bergueda\/wp-json\/wp\/v2\/posts\/15172\/revisions\/15180"}],"wp:featuredmedia":[{"embeddable":true,"href":"https:\/\/serveiseducatius.xtec.cat\/bergueda\/wp-json\/wp\/v2\/media\/15173"}],"wp:attachment":[{"href":"https:\/\/serveiseducatius.xtec.cat\/bergueda\/wp-json\/wp\/v2\/media?parent=15172"}],"wp:term":[{"taxonomy":"category","embeddable":true,"href":"https:\/\/serveiseducatius.xtec.cat\/bergueda\/wp-json\/wp\/v2\/categories?post=15172"},{"taxonomy":"post_tag","embeddable":true,"href":"https:\/\/serveiseducatius.xtec.cat\/bergueda\/wp-json\/wp\/v2\/tags?post=15172"}],"curies":[{"name":"wp","href":"https:\/\/api.w.org\/{rel}","templated":true}]}}