{"id":15126,"date":"2022-09-07T11:32:29","date_gmt":"2022-09-07T09:32:29","guid":{"rendered":"https:\/\/serveiseducatius.xtec.cat\/bergueda\/?p=15126"},"modified":"2022-09-07T11:32:29","modified_gmt":"2022-09-07T09:32:29","slug":"jornada-educativa-al-museu-de-solsona","status":"publish","type":"post","link":"https:\/\/serveiseducatius.xtec.cat\/bergueda\/portada\/jornada-educativa-al-museu-de-solsona\/","title":{"rendered":"Jornada Educativa al Museu de Solsona"},"content":{"rendered":"<p><a href=\"https:\/\/serveiseducatius.xtec.cat\/bergueda\/wp-content\/uploads\/usu878\/2022\/09\/Jornada-Educativa-museu-solsones-e1662543018390.jpg\"><img loading=\"lazy\" decoding=\"async\" class=\"size-full wp-image-15127 alignleft\" src=\"https:\/\/serveiseducatius.xtec.cat\/bergueda\/wp-content\/uploads\/usu878\/2022\/09\/Jornada-Educativa-museu-solsones-e1662543018390.jpg\" alt=\"\" width=\"400\" height=\"400\" \/><\/a><\/p>\n<p>Els Serveis Educatius del Museu de Solsona han ampliat i diversificat la oferta, i us conviden a con\u00e8ixer-la, compartint una Jornada\u00a0 i fent un tastet d\u2019algunes de les activitats en diferents sales del Museu.<br \/>\nLa psic\u00f2loga-psicoanalista i assessora en Educaci\u00f3 Montse Colilles oferir\u00e0 una xerrada sobre les obres de museu relacionades amb la mort, tanmateix la \u00a0Biblioteca de Solsona Carles Morat\u00f3 aporta una selecci\u00f3 de contes i \u00e0lbums il\u00b7lustrats que tracten aquesta tem\u00e0tica, perqu\u00e8 els docents els coneguin i en puguin fer \u00fas.<\/p>\n<p>Als docents assistents a la Jornada se\u2019ls certificar\u00e0 5 hores d\u2019activitat formativa del Departament d\u2019Educaci\u00f3.<\/p>\n<p><strong>PROGRAMA DE LA JORNADA EDUCATIVA \u2013 dissabte 17 de setembre de 2022:<\/strong><br \/>\n9,30 \u2013 10 h: Acreditacions<br \/>\n10 \u2013 11 h: Xerrada: \u201cLa mort al museu: diferents representacions de la mort per apropar-nos al m\u00f3n dels vius\u201d amb la \u00a0Montse Colilles<br \/>\n11 \u2013 11,30 h: Pausa-caf\u00e8<br \/>\n11,30 \u2013 12,30 h: Tastet d\u2019activitats de l\u2019Oferta Educativa<br \/>\n12,30 \u2013 13,30 h: El Museu va a l\u2019escola \u2013 Estrena de la Maleta Did\u00e0ctica sobre Art<br \/>\n13,30 \u2013 14 h: Posada en com\u00fa<br \/>\n14 h: Dinar (opcional i de pagament) en un restaurant de Solsona<br \/>\nDespr\u00e9s de dinar el qui vulgui podr\u00e0 visitar les sales del Museu i la seva Reserva, en una visita guiada diferent, on s\u2019explicaran an\u00e8cdotes i peculiaritats de les obres i de la hist\u00f2ria del Museu.<br \/>\n<strong>Inscripci\u00f3 fins el 15 de setembre en\u00a0<a href=\"https:\/\/docs.google.com\/forms\/d\/e\/1FAIpQLSeNGO5I66rsFQiMiID9D4EikvFVWn9Q9CCFePbzD0WF9IBtBA\/viewform?usp=sf_link\" target=\"_blank\" rel=\"noopener\">aquest enlla\u00e7<\/a><\/strong><br \/>\nPer a m\u00e9s informaci\u00f3:\u00a0<a href=\"mailto:serveiseducatius@museusolsona.cat\" target=\"_blank\" rel=\"noopener\">serveiseducatius@museusolsona.<wbr \/>cat<\/a>\u00a0\/ 973 48 21 01<br \/>\nPer trobar-los f\u00e0cilment: <a href=\"https:\/\/goo.gl\/maps\/JcJBDp9dbBgZPUfC6\" target=\"_blank\" rel=\"noopener noreferrer\" data-saferedirecturl=\"https:\/\/www.google.com\/url?q=https:\/\/goo.gl\/maps\/JcJBDp9dbBgZPUfC6&amp;source=gmail&amp;ust=1662552296640000&amp;usg=AOvVaw1VLez8O38Yoszu6XHiPedX\">https:\/\/goo.gl\/maps\/<wbr \/>JcJBDp9dbBgZPUfC6<\/a><br \/>\nPodeu consultar les activitats educatives al web del Museu:\u00a0<a href=\"https:\/\/museusolsona.cat\/novetat-activitats-educatives\/\" target=\"_blank\" rel=\"noopener noreferrer\" data-saferedirecturl=\"https:\/\/www.google.com\/url?q=https:\/\/museusolsona.cat\/novetat-activitats-educatives\/&amp;source=gmail&amp;ust=1662552296640000&amp;usg=AOvVaw1L-DR6uxIyOCAvhQULOoIg\">https:\/\/museusolsona.cat\/<wbr \/>novetat-activitats-educatives\/<\/a><\/p>\n","protected":false},"excerpt":{"rendered":"<p>Els Serveis Educatius del Museu de Solsona han ampliat i diversificat la oferta, i us conviden a con\u00e8ixer-la, compartint una Jornada, el dissabte 17 de setembre,\u00a0 i fent un tastet d\u2019algunes de les activitats en diferents sales del Museu.<\/p>\n","protected":false},"author":1,"featured_media":15128,"comment_status":"closed","ping_status":"closed","sticky":false,"template":"","format":"standard","meta":{"_bbp_topic_count":0,"_bbp_reply_count":0,"_bbp_total_topic_count":0,"_bbp_total_reply_count":0,"_bbp_voice_count":0,"_bbp_anonymous_reply_count":0,"_bbp_topic_count_hidden":0,"_bbp_reply_count_hidden":0,"_bbp_forum_subforum_count":0,"site-sidebar-layout":"default","site-content-layout":"","ast-site-content-layout":"","site-content-style":"default","site-sidebar-style":"default","ast-global-header-display":"","ast-banner-title-visibility":"","ast-main-header-display":"","ast-hfb-above-header-display":"","ast-hfb-below-header-display":"","ast-hfb-mobile-header-display":"","site-post-title":"","ast-breadcrumbs-content":"","ast-featured-img":"","footer-sml-layout":"","theme-transparent-header-meta":"","adv-header-id-meta":"","stick-header-meta":"","header-above-stick-meta":"","header-main-stick-meta":"","header-below-stick-meta":"","astra-migrate-meta-layouts":"default","ast-page-background-enabled":"default","ast-page-background-meta":{"desktop":{"background-color":"var(--ast-global-color-4)","background-image":"","background-repeat":"repeat","background-position":"center center","background-size":"auto","background-attachment":"scroll","background-type":"","background-media":"","overlay-type":"","overlay-color":"","overlay-opacity":"","overlay-gradient":""},"tablet":{"background-color":"","background-image":"","background-repeat":"repeat","background-position":"center center","background-size":"auto","background-attachment":"scroll","background-type":"","background-media":"","overlay-type":"","overlay-color":"","overlay-opacity":"","overlay-gradient":""},"mobile":{"background-color":"","background-image":"","background-repeat":"repeat","background-position":"center center","background-size":"auto","background-attachment":"scroll","background-type":"","background-media":"","overlay-type":"","overlay-color":"","overlay-opacity":"","overlay-gradient":""}},"ast-content-background-meta":{"desktop":{"background-color":"var(--ast-global-color-5)","background-image":"","background-repeat":"repeat","background-position":"center center","background-size":"auto","background-attachment":"scroll","background-type":"","background-media":"","overlay-type":"","overlay-color":"","overlay-opacity":"","overlay-gradient":""},"tablet":{"background-color":"var(--ast-global-color-5)","background-image":"","background-repeat":"repeat","background-position":"center center","background-size":"auto","background-attachment":"scroll","background-type":"","background-media":"","overlay-type":"","overlay-color":"","overlay-opacity":"","overlay-gradient":""},"mobile":{"background-color":"var(--ast-global-color-5)","background-image":"","background-repeat":"repeat","background-position":"center center","background-size":"auto","background-attachment":"scroll","background-type":"","background-media":"","overlay-type":"","overlay-color":"","overlay-opacity":"","overlay-gradient":""}},"footnotes":""},"categories":[29],"tags":[],"class_list":["post-15126","post","type-post","status-publish","format-standard","has-post-thumbnail","hentry","category-portada"],"post_mailing_queue_ids":[],"_links":{"self":[{"href":"https:\/\/serveiseducatius.xtec.cat\/bergueda\/wp-json\/wp\/v2\/posts\/15126","targetHints":{"allow":["GET"]}}],"collection":[{"href":"https:\/\/serveiseducatius.xtec.cat\/bergueda\/wp-json\/wp\/v2\/posts"}],"about":[{"href":"https:\/\/serveiseducatius.xtec.cat\/bergueda\/wp-json\/wp\/v2\/types\/post"}],"author":[{"embeddable":true,"href":"https:\/\/serveiseducatius.xtec.cat\/bergueda\/wp-json\/wp\/v2\/users\/1"}],"replies":[{"embeddable":true,"href":"https:\/\/serveiseducatius.xtec.cat\/bergueda\/wp-json\/wp\/v2\/comments?post=15126"}],"version-history":[{"count":1,"href":"https:\/\/serveiseducatius.xtec.cat\/bergueda\/wp-json\/wp\/v2\/posts\/15126\/revisions"}],"predecessor-version":[{"id":15129,"href":"https:\/\/serveiseducatius.xtec.cat\/bergueda\/wp-json\/wp\/v2\/posts\/15126\/revisions\/15129"}],"wp:featuredmedia":[{"embeddable":true,"href":"https:\/\/serveiseducatius.xtec.cat\/bergueda\/wp-json\/wp\/v2\/media\/15128"}],"wp:attachment":[{"href":"https:\/\/serveiseducatius.xtec.cat\/bergueda\/wp-json\/wp\/v2\/media?parent=15126"}],"wp:term":[{"taxonomy":"category","embeddable":true,"href":"https:\/\/serveiseducatius.xtec.cat\/bergueda\/wp-json\/wp\/v2\/categories?post=15126"},{"taxonomy":"post_tag","embeddable":true,"href":"https:\/\/serveiseducatius.xtec.cat\/bergueda\/wp-json\/wp\/v2\/tags?post=15126"}],"curies":[{"name":"wp","href":"https:\/\/api.w.org\/{rel}","templated":true}]}}