{"id":15078,"date":"2022-07-14T09:36:26","date_gmt":"2022-07-14T07:36:26","guid":{"rendered":"https:\/\/serveiseducatius.xtec.cat\/bergueda\/?p=15078"},"modified":"2022-07-15T10:28:12","modified_gmt":"2022-07-15T08:28:12","slug":"activitats-del-festival-internacional-de-cinema-fantastic-de-catalunya-de-sitges","status":"publish","type":"post","link":"https:\/\/serveiseducatius.xtec.cat\/bergueda\/portada\/activitats-del-festival-internacional-de-cinema-fantastic-de-catalunya-de-sitges\/","title":{"rendered":"Activitats del Festival Internacional de Cinema Fant\u00e0stic de Catalunya de Sitges"},"content":{"rendered":"<p><a href=\"https:\/\/serveiseducatius.xtec.cat\/bergueda\/wp-content\/uploads\/usu878\/2022\/07\/fundacio-Sitges.jpg\"><img loading=\"lazy\" decoding=\"async\" class=\"size-full wp-image-15079 alignleft\" src=\"https:\/\/serveiseducatius.xtec.cat\/bergueda\/wp-content\/uploads\/usu878\/2022\/07\/fundacio-Sitges.jpg\" alt=\"\" width=\"325\" height=\"273\" srcset=\"https:\/\/serveiseducatius.xtec.cat\/bergueda\/wp-content\/uploads\/usu878\/2022\/07\/fundacio-Sitges.jpg 325w, https:\/\/serveiseducatius.xtec.cat\/bergueda\/wp-content\/uploads\/usu878\/2022\/07\/fundacio-Sitges-300x252.jpg 300w\" sizes=\"auto, (max-width: 325px) 100vw, 325px\" \/><\/a>Del <strong>6 d&#8217;octubre al 18 de novembre<\/strong> es presenta la proposta de FINESTRA CIN\u00c8FILA, el programa educatiu en l\u00ednia i gratu\u00eft dedicat a la comunitat educativa.<\/p>\n<p>Aquest curs amplia les seves dates de visionat oferint una selecci\u00f3 de vuit llargmetratges de molt diferents estils i tem\u00e0tiques aix\u00ed com tres programes de curtmetratges que es podran veure en exclusiva per a escoles i instituts a trav\u00e9s de la plataforma col\u00b7laboradora <a href=\"https:\/\/www.filmin.es\/festival\/ventana-cinefila\" target=\"_blank\" rel=\"noopener\">FILMIN<\/a>.<\/p>\n<p>Tot aix\u00f2 anir\u00e0 acompanyat de recursos did\u00e0ctics per poder treballar a l&#8217;aula amb l\u2019alumnat (dels 3 fins als 19 anys).<\/p>\n<p>Ventana Cin\u00e9fila \u00e9s un projecte de Profestivales21, associaci\u00f3 professional que reuneix alguns dels festivals internacionals de cinema m\u00e9s importants del nostre pa\u00eds: Sevilla, Valladolid, M\u00e0laga, Huelva i Sitges.<\/p>\n<p>A <strong>primers de setembre<\/strong> s&#8217;obrir\u00e0 el per\u00edode de reserva per disposar de <strong>codis de visionat gratu\u00efts<\/strong>.<\/p>\n","protected":false},"excerpt":{"rendered":"<p>Del 6 d&#8217;octubre al 18 de novembre es presenta la proposta de FINESTRA CIN\u00c8FILA, el programa educatiu en l\u00ednia i [&hellip;]<\/p>\n","protected":false},"author":1,"featured_media":15079,"comment_status":"closed","ping_status":"closed","sticky":false,"template":"","format":"standard","meta":{"_bbp_topic_count":0,"_bbp_reply_count":0,"_bbp_total_topic_count":0,"_bbp_total_reply_count":0,"_bbp_voice_count":0,"_bbp_anonymous_reply_count":0,"_bbp_topic_count_hidden":0,"_bbp_reply_count_hidden":0,"_bbp_forum_subforum_count":0,"site-sidebar-layout":"default","site-content-layout":"","ast-site-content-layout":"","site-content-style":"default","site-sidebar-style":"default","ast-global-header-display":"","ast-banner-title-visibility":"","ast-main-header-display":"","ast-hfb-above-header-display":"","ast-hfb-below-header-display":"","ast-hfb-mobile-header-display":"","site-post-title":"","ast-breadcrumbs-content":"","ast-featured-img":"","footer-sml-layout":"","theme-transparent-header-meta":"","adv-header-id-meta":"","stick-header-meta":"","header-above-stick-meta":"","header-main-stick-meta":"","header-below-stick-meta":"","astra-migrate-meta-layouts":"default","ast-page-background-enabled":"default","ast-page-background-meta":{"desktop":{"background-color":"var(--ast-global-color-4)","background-image":"","background-repeat":"repeat","background-position":"center center","background-size":"auto","background-attachment":"scroll","background-type":"","background-media":"","overlay-type":"","overlay-color":"","overlay-opacity":"","overlay-gradient":""},"tablet":{"background-color":"","background-image":"","background-repeat":"repeat","background-position":"center center","background-size":"auto","background-attachment":"scroll","background-type":"","background-media":"","overlay-type":"","overlay-color":"","overlay-opacity":"","overlay-gradient":""},"mobile":{"background-color":"","background-image":"","background-repeat":"repeat","background-position":"center center","background-size":"auto","background-attachment":"scroll","background-type":"","background-media":"","overlay-type":"","overlay-color":"","overlay-opacity":"","overlay-gradient":""}},"ast-content-background-meta":{"desktop":{"background-color":"var(--ast-global-color-5)","background-image":"","background-repeat":"repeat","background-position":"center center","background-size":"auto","background-attachment":"scroll","background-type":"","background-media":"","overlay-type":"","overlay-color":"","overlay-opacity":"","overlay-gradient":""},"tablet":{"background-color":"var(--ast-global-color-5)","background-image":"","background-repeat":"repeat","background-position":"center center","background-size":"auto","background-attachment":"scroll","background-type":"","background-media":"","overlay-type":"","overlay-color":"","overlay-opacity":"","overlay-gradient":""},"mobile":{"background-color":"var(--ast-global-color-5)","background-image":"","background-repeat":"repeat","background-position":"center center","background-size":"auto","background-attachment":"scroll","background-type":"","background-media":"","overlay-type":"","overlay-color":"","overlay-opacity":"","overlay-gradient":""}},"footnotes":""},"categories":[29],"tags":[],"class_list":["post-15078","post","type-post","status-publish","format-standard","has-post-thumbnail","hentry","category-portada"],"post_mailing_queue_ids":[],"_links":{"self":[{"href":"https:\/\/serveiseducatius.xtec.cat\/bergueda\/wp-json\/wp\/v2\/posts\/15078","targetHints":{"allow":["GET"]}}],"collection":[{"href":"https:\/\/serveiseducatius.xtec.cat\/bergueda\/wp-json\/wp\/v2\/posts"}],"about":[{"href":"https:\/\/serveiseducatius.xtec.cat\/bergueda\/wp-json\/wp\/v2\/types\/post"}],"author":[{"embeddable":true,"href":"https:\/\/serveiseducatius.xtec.cat\/bergueda\/wp-json\/wp\/v2\/users\/1"}],"replies":[{"embeddable":true,"href":"https:\/\/serveiseducatius.xtec.cat\/bergueda\/wp-json\/wp\/v2\/comments?post=15078"}],"version-history":[{"count":1,"href":"https:\/\/serveiseducatius.xtec.cat\/bergueda\/wp-json\/wp\/v2\/posts\/15078\/revisions"}],"predecessor-version":[{"id":15080,"href":"https:\/\/serveiseducatius.xtec.cat\/bergueda\/wp-json\/wp\/v2\/posts\/15078\/revisions\/15080"}],"wp:featuredmedia":[{"embeddable":true,"href":"https:\/\/serveiseducatius.xtec.cat\/bergueda\/wp-json\/wp\/v2\/media\/15079"}],"wp:attachment":[{"href":"https:\/\/serveiseducatius.xtec.cat\/bergueda\/wp-json\/wp\/v2\/media?parent=15078"}],"wp:term":[{"taxonomy":"category","embeddable":true,"href":"https:\/\/serveiseducatius.xtec.cat\/bergueda\/wp-json\/wp\/v2\/categories?post=15078"},{"taxonomy":"post_tag","embeddable":true,"href":"https:\/\/serveiseducatius.xtec.cat\/bergueda\/wp-json\/wp\/v2\/tags?post=15078"}],"curies":[{"name":"wp","href":"https:\/\/api.w.org\/{rel}","templated":true}]}}