{"id":14879,"date":"2022-05-28T17:51:38","date_gmt":"2022-05-28T15:51:38","guid":{"rendered":"https:\/\/serveiseducatius.xtec.cat\/bergueda\/?p=14879"},"modified":"2022-05-30T11:03:12","modified_gmt":"2022-05-30T09:03:12","slug":"sessio-6-subxarxa-de-competencia-digital-docent","status":"publish","type":"post","link":"https:\/\/serveiseducatius.xtec.cat\/bergueda\/dinamitzacio\/mentoria-digital\/sessio-6-subxarxa-de-competencia-digital-docent\/","title":{"rendered":"Sessi\u00f3 6: Subxarxa de Compet\u00e8ncia Digital Docent"},"content":{"rendered":"<p><a href=\"https:\/\/serveiseducatius.xtec.cat\/bergueda\/wp-content\/uploads\/usu878\/2022\/05\/sessio-6.png\"><img loading=\"lazy\" decoding=\"async\" class=\"alignnone size-full wp-image-14880\" src=\"https:\/\/serveiseducatius.xtec.cat\/bergueda\/wp-content\/uploads\/usu878\/2022\/05\/sessio-6.png\" alt=\"\" width=\"1006\" height=\"567\" srcset=\"https:\/\/serveiseducatius.xtec.cat\/bergueda\/wp-content\/uploads\/usu878\/2022\/05\/sessio-6.png 1006w, https:\/\/serveiseducatius.xtec.cat\/bergueda\/wp-content\/uploads\/usu878\/2022\/05\/sessio-6-300x169.png 300w, https:\/\/serveiseducatius.xtec.cat\/bergueda\/wp-content\/uploads\/usu878\/2022\/05\/sessio-6-768x433.png 768w\" sizes=\"auto, (max-width: 1006px) 100vw, 1006px\" \/><\/a><\/p>\n<p>Dilluns 30 de maig de 2022, de 17.30 a 19.30, tenim la sisena sessi\u00f3 de la Subxarxa de Compet\u00e8ncia Digital Docent al Bergued\u00e0, la \u00faltima en directe.<\/p>\n<p>En aquesta sessi\u00f3 abordarem l\u2019\u00e0rea 1 de la CDD, comprom\u00eds professional.<\/p>\n<p>El dia 19 de maig es va fer el webinar de la sisena sessi\u00f3 de l\u2019\u00e0rea de cultura digital. Podeu visualitzar-lo en el seg\u00fcent <a href=\"https:\/\/projectes.xtec.cat\/xtcd\/competencia-digital-docent\/sessions-2021-22\/sessio-6-area-1-compromis-professional\/\" target=\"_blank\" rel=\"noopener\">enlla\u00e7<\/a><\/p>\n<p>En aquesta sessi\u00f3 treballarem la responsabilitat dels docents sobre la seguretat i els drets digitals de l&#8217;alumnat i de la resta de la comunitat educativa, casos pr\u00e0ctics de protecci\u00f3 de dades, contrasenyes segures&#8230;<\/p>\n","protected":false},"excerpt":{"rendered":"<p>Dilluns 30 de maig de 2022, de 17.30 a 19.30, tenim la sisena sessi\u00f3 de la Subxarxa de Compet\u00e8ncia Digital [&hellip;]<\/p>\n","protected":false},"author":1,"featured_media":14881,"comment_status":"closed","ping_status":"closed","sticky":false,"template":"","format":"standard","meta":{"_bbp_topic_count":0,"_bbp_reply_count":0,"_bbp_total_topic_count":0,"_bbp_total_reply_count":0,"_bbp_voice_count":0,"_bbp_anonymous_reply_count":0,"_bbp_topic_count_hidden":0,"_bbp_reply_count_hidden":0,"_bbp_forum_subforum_count":0,"site-sidebar-layout":"default","site-content-layout":"","ast-site-content-layout":"","site-content-style":"default","site-sidebar-style":"default","ast-global-header-display":"","ast-banner-title-visibility":"","ast-main-header-display":"","ast-hfb-above-header-display":"","ast-hfb-below-header-display":"","ast-hfb-mobile-header-display":"","site-post-title":"","ast-breadcrumbs-content":"","ast-featured-img":"","footer-sml-layout":"","theme-transparent-header-meta":"","adv-header-id-meta":"","stick-header-meta":"","header-above-stick-meta":"","header-main-stick-meta":"","header-below-stick-meta":"","astra-migrate-meta-layouts":"default","ast-page-background-enabled":"default","ast-page-background-meta":{"desktop":{"background-color":"var(--ast-global-color-4)","background-image":"","background-repeat":"repeat","background-position":"center center","background-size":"auto","background-attachment":"scroll","background-type":"","background-media":"","overlay-type":"","overlay-color":"","overlay-opacity":"","overlay-gradient":""},"tablet":{"background-color":"","background-image":"","background-repeat":"repeat","background-position":"center center","background-size":"auto","background-attachment":"scroll","background-type":"","background-media":"","overlay-type":"","overlay-color":"","overlay-opacity":"","overlay-gradient":""},"mobile":{"background-color":"","background-image":"","background-repeat":"repeat","background-position":"center center","background-size":"auto","background-attachment":"scroll","background-type":"","background-media":"","overlay-type":"","overlay-color":"","overlay-opacity":"","overlay-gradient":""}},"ast-content-background-meta":{"desktop":{"background-color":"var(--ast-global-color-5)","background-image":"","background-repeat":"repeat","background-position":"center center","background-size":"auto","background-attachment":"scroll","background-type":"","background-media":"","overlay-type":"","overlay-color":"","overlay-opacity":"","overlay-gradient":""},"tablet":{"background-color":"var(--ast-global-color-5)","background-image":"","background-repeat":"repeat","background-position":"center center","background-size":"auto","background-attachment":"scroll","background-type":"","background-media":"","overlay-type":"","overlay-color":"","overlay-opacity":"","overlay-gradient":""},"mobile":{"background-color":"var(--ast-global-color-5)","background-image":"","background-repeat":"repeat","background-position":"center center","background-size":"auto","background-attachment":"scroll","background-type":"","background-media":"","overlay-type":"","overlay-color":"","overlay-opacity":"","overlay-gradient":""}},"footnotes":""},"categories":[458],"tags":[519,465],"class_list":["post-14879","post","type-post","status-publish","format-standard","has-post-thumbnail","hentry","category-mentoria-digital","tag-sub-cdd-sessio6","tag-xarxaterritorialdeculturadigital"],"post_mailing_queue_ids":[],"_links":{"self":[{"href":"https:\/\/serveiseducatius.xtec.cat\/bergueda\/wp-json\/wp\/v2\/posts\/14879","targetHints":{"allow":["GET"]}}],"collection":[{"href":"https:\/\/serveiseducatius.xtec.cat\/bergueda\/wp-json\/wp\/v2\/posts"}],"about":[{"href":"https:\/\/serveiseducatius.xtec.cat\/bergueda\/wp-json\/wp\/v2\/types\/post"}],"author":[{"embeddable":true,"href":"https:\/\/serveiseducatius.xtec.cat\/bergueda\/wp-json\/wp\/v2\/users\/1"}],"replies":[{"embeddable":true,"href":"https:\/\/serveiseducatius.xtec.cat\/bergueda\/wp-json\/wp\/v2\/comments?post=14879"}],"version-history":[{"count":3,"href":"https:\/\/serveiseducatius.xtec.cat\/bergueda\/wp-json\/wp\/v2\/posts\/14879\/revisions"}],"predecessor-version":[{"id":14889,"href":"https:\/\/serveiseducatius.xtec.cat\/bergueda\/wp-json\/wp\/v2\/posts\/14879\/revisions\/14889"}],"wp:featuredmedia":[{"embeddable":true,"href":"https:\/\/serveiseducatius.xtec.cat\/bergueda\/wp-json\/wp\/v2\/media\/14881"}],"wp:attachment":[{"href":"https:\/\/serveiseducatius.xtec.cat\/bergueda\/wp-json\/wp\/v2\/media?parent=14879"}],"wp:term":[{"taxonomy":"category","embeddable":true,"href":"https:\/\/serveiseducatius.xtec.cat\/bergueda\/wp-json\/wp\/v2\/categories?post=14879"},{"taxonomy":"post_tag","embeddable":true,"href":"https:\/\/serveiseducatius.xtec.cat\/bergueda\/wp-json\/wp\/v2\/tags?post=14879"}],"curies":[{"name":"wp","href":"https:\/\/api.w.org\/{rel}","templated":true}]}}